{"id":5987,"date":"2017-02-02T09:18:33","date_gmt":"2017-02-02T09:18:33","guid":{"rendered":"http:\/\/www.iceagetv.com\/radiosite\/?p=5987"},"modified":"2017-02-02T09:18:33","modified_gmt":"2017-02-02T09:18:33","slug":"lyceen-poignarde-a-paris-second-suspect-de-17-ans-sest-rendu","status":"publish","type":"post","link":"https:\/\/www.iceagetv.com\/radiosite\/lyceen-poignarde-a-paris-second-suspect-de-17-ans-sest-rendu\/","title":{"rendered":"Lyc\u00e9en poignard\u00e9 \u00e0 Paris : le second suspect de 17 ans s\u2019est rendu"},"content":{"rendered":"<p>\n\tLe second suspect dans l&rsquo;affaire du lyc&eacute;en poignard&eacute; lundi &agrave; quelques m&egrave;tres de son &eacute;tablissement, dans le 20e&nbsp;arrondissement de&nbsp;Paris, s&rsquo;est rendu &agrave; la&nbsp;police&nbsp;mercredi apr&egrave;s-midi, a appris l&rsquo;AFP de source proche de l&rsquo;enqu&ecirc;te.\n<\/p>\n<p>\n\t&laquo;&nbsp;Le jeune homme de 17 ans, qui &eacute;tait recherch&eacute; par les enqu&ecirc;teurs, s&rsquo;est pr&eacute;sent&eacute; au deuxi&egrave;me district de police judiciaire, o&ugrave; il a &eacute;t&eacute; plac&eacute; en garde &agrave; vue&nbsp;&raquo;, a pr&eacute;cis&eacute; cette source. Dans cette affaire, un autre lyc&eacute;en de 17 ans, soup&ccedil;onn&eacute; d&rsquo;&ecirc;tre l&rsquo;auteur de l&rsquo;agression, a &eacute;t&eacute; d&eacute;f&eacute;r&eacute; mercredi soir au parquet de Paris.\n<\/p>\n<p>\n\tLes circonstances du drame restent &agrave; &eacute;tablir\n<\/p>\n<p>\n\tLundi midi, le lyc&eacute;en de 17 ans a &eacute;t&eacute; poignard&eacute; mortellement lors d&rsquo;une altercation qui a &eacute;clat&eacute; &agrave; proximit&eacute; du lyc&eacute;e Charles-de-Gaulle, dans des circonstances qui restent encore &agrave;&nbsp;&eacute;tablir.\n<\/p>\n<p>\n\tLes enqu&ecirc;teurs s&rsquo;interrogent sur l&rsquo;hypoth&egrave;se d&rsquo;un lien entre cette agression et un incident survenu quelques heures plus tard dans un &eacute;tablissement voisin, le lyc&eacute;e Ravel, toujours dans le 20e. Une vingtaine de jeunes ext&eacute;rieurs au lyc&eacute;e Ravel ont tent&eacute; de&nbsp;p&eacute;n&eacute;trer&nbsp;dans l&rsquo;&eacute;tablissement avant d&rsquo;en&nbsp;&ecirc;tre&nbsp;repouss&eacute;s par le personnel enseignant. Deux personnes, la proviseure et un de ses adjoints, ont &eacute;t&eacute; l&eacute;g&egrave;rement bless&eacute;es.\n<\/p>\n<p>\n\tDans cette seconde affaire, un jeune de 15 ans, qui s&rsquo;&eacute;tait lui aussi pr&eacute;sent&eacute; &agrave; la police dans la soir&eacute;e de lundi, se trouvait encore en garde &agrave; vue mercredi pour&nbsp;&laquo;&nbsp;violences volontaires ayant entra&icirc;n&eacute; une&nbsp;incapacit&eacute; totale de&nbsp;travail&nbsp;inf&eacute;rieure &agrave; huit jours&nbsp;&raquo;, selon une source judiciaire.\n<\/p>\n<p>\n\tFace &agrave; ces deux affaires, le premier syndicat des proviseurs a r&eacute;clam&eacute; plus de s&eacute;curit&eacute; aux abords des &eacute;tablissements scolaires.\n<\/p>\n<p>\n\t&nbsp;<\/p>\n","protected":false},"excerpt":{"rendered":"<p>Le second suspect dans l&rsquo;affaire du lyc&eacute;en poignard&eacute; lundi &agrave; quelques m&egrave;tres de son &eacute;tablissement, dans le 20e&nbsp;arrondissement de&nbsp;Paris, s&rsquo;est rendu &agrave; la&nbsp;police&nbsp;mercredi apr&egrave;s-midi, a appris l&rsquo;AFP de source proche de l&rsquo;enqu&ecirc;te. &laquo;&nbsp;Le jeune homme de 17 ans, qui &eacute;tait recherch&eacute; par les enqu&ecirc;teurs, s&rsquo;est pr&eacute;sent&eacute; au deuxi&egrave;me district de police judiciaire, o&ugrave; il a [&hellip;]<\/p>\n","protected":false},"author":2,"featured_media":5988,"comment_status":"open","ping_status":"open","sticky":false,"template":"","format":"standard","meta":{"_jetpack_memberships_contains_paid_content":false,"footnotes":"","jetpack_publicize_message":"","jetpack_publicize_feature_enabled":true,"jetpack_social_post_already_shared":true,"jetpack_social_options":{"image_generator_settings":{"template":"highway","default_image_id":0,"font":"","enabled":false},"version":2},"_wpas_customize_per_network":false},"categories":[405],"tags":[1426],"class_list":["post-5987","post","type-post","status-publish","format-standard","has-post-thumbnail","hentry","category-actu-france-monde","tag-lyceen-poignarde-a-paris"],"jetpack_publicize_connections":[],"jetpack_featured_media_url":"https:\/\/i0.wp.com\/www.iceagetv.com\/radiosite\/wp-content\/uploads\/2017\/02\/Lyc%C3%A9en-poignard%C3%A9-%C3%A0-Paris.jpg?fit=534%2C356&ssl=1","jetpack_sharing_enabled":true,"_links":{"self":[{"href":"https:\/\/www.iceagetv.com\/radiosite\/wp-json\/wp\/v2\/posts\/5987","targetHints":{"allow":["GET"]}}],"collection":[{"href":"https:\/\/www.iceagetv.com\/radiosite\/wp-json\/wp\/v2\/posts"}],"about":[{"href":"https:\/\/www.iceagetv.com\/radiosite\/wp-json\/wp\/v2\/types\/post"}],"author":[{"embeddable":true,"href":"https:\/\/www.iceagetv.com\/radiosite\/wp-json\/wp\/v2\/users\/2"}],"replies":[{"embeddable":true,"href":"https:\/\/www.iceagetv.com\/radiosite\/wp-json\/wp\/v2\/comments?post=5987"}],"version-history":[{"count":1,"href":"https:\/\/www.iceagetv.com\/radiosite\/wp-json\/wp\/v2\/posts\/5987\/revisions"}],"predecessor-version":[{"id":5989,"href":"https:\/\/www.iceagetv.com\/radiosite\/wp-json\/wp\/v2\/posts\/5987\/revisions\/5989"}],"wp:featuredmedia":[{"embeddable":true,"href":"https:\/\/www.iceagetv.com\/radiosite\/wp-json\/wp\/v2\/media\/5988"}],"wp:attachment":[{"href":"https:\/\/www.iceagetv.com\/radiosite\/wp-json\/wp\/v2\/media?parent=5987"}],"wp:term":[{"taxonomy":"category","embeddable":true,"href":"https:\/\/www.iceagetv.com\/radiosite\/wp-json\/wp\/v2\/categories?post=5987"},{"taxonomy":"post_tag","embeddable":true,"href":"https:\/\/www.iceagetv.com\/radiosite\/wp-json\/wp\/v2\/tags?post=5987"}],"curies":[{"name":"wp","href":"https:\/\/api.w.org\/{rel}","templated":true}]}}