{"id":6078,"date":"2017-02-14T18:38:54","date_gmt":"2017-02-14T18:38:54","guid":{"rendered":"http:\/\/www.iceagetv.com\/radiosite\/?p=6078"},"modified":"2017-02-14T18:38:54","modified_gmt":"2017-02-14T18:38:54","slug":"thierry-solere-porte-parole-de-francois-fillon-vise-enquete-fraude-fiscale","status":"publish","type":"post","link":"https:\/\/www.iceagetv.com\/radiosite\/thierry-solere-porte-parole-de-francois-fillon-vise-enquete-fraude-fiscale\/","title":{"rendered":"Thierry Sol\u00e8re, porte-parole de Fran\u00e7ois Fillon, vis\u00e9 par une enqu\u00eate pour fraude fiscale"},"content":{"rendered":"<p>\n\tApr&egrave;s le candidat, son porte-parole. Une enqu&ecirc;te pr&eacute;liminaire pour suspicion de fraude fiscale a &eacute;t&eacute; lanc&eacute;e par le parquet de Nanterre (Hauts-de-Seine) &agrave; l&#39;encontre de Thierry Sol&egrave;re, porte-parole&nbsp;de&nbsp;Fran&ccedil;ois Fillon. Cette information, r&eacute;v&eacute;l&eacute;e par&nbsp;Le Canard encha&icirc;n&eacute;, mardi 14 f&eacute;vrier, a &eacute;t&eacute; confirm&eacute;e&nbsp;de source judiciaire &agrave; l&#39;agence Reuters.\n<\/p>\n<p>\n\tL&#39;enqu&ecirc;te a &eacute;t&eacute; ouverte le 6 septembre 2016, &agrave; la suite d&#39;une&nbsp;plainte des services fiscaux.&nbsp;Un contr&ocirc;le fiscal r&eacute;alis&eacute; en juillet 2016 a &eacute;tabli que Thierry Sol&egrave;re avait omis de r&eacute;gler une partie de ses imp&ocirc;ts sur le revenu de 2010 &agrave; 2013, ainsi que la taxe fonci&egrave;re de la derni&egrave;re ann&eacute;e.\n<\/p>\n<p>\n\tSelon&nbsp;Le Canard encha&icirc;n&eacute;, le champ de l&#39;enqu&ecirc;te a &eacute;t&eacute; ensuite &eacute;largi &agrave; un possible conflit d&#39;int&eacute;r&ecirc;ts, car le d&eacute;put&eacute; des Hauts-de-Seine a &eacute;t&eacute; salari&eacute; d&#39;un groupe sp&eacute;cialis&eacute; dans le traitement des d&eacute;chets. D&#39;apr&egrave;s l&#39;hebdomadaire, les policiers s&#39;int&eacute;ressent &eacute;galement &agrave; la soci&eacute;t&eacute; de conseil de l&#39;&eacute;pouse de Thierry Sol&egrave;re, qui ne figurerait pas dans les d&eacute;clarations d&#39;activit&eacute; aupr&egrave;s de la Haute Autorit&eacute; pour la transparence de la vie publique.\n<\/p>\n<p>\n\tSol&egrave;re veut poursuivre &quot;Le Canard&quot;\n<\/p>\n<p>\n\tY voyant la suite d&#39;une&nbsp;&quot;chasse &agrave; l&#39;homme&quot;&nbsp;lanc&eacute;e contre Fran&ccedil;ois Fillon, Thierry Sol&egrave;re a annonc&eacute;, sur&nbsp;BFMTV, son intention de porter plainte en diffamation contre&nbsp;Le Canard encha&icirc;n&eacute;.&nbsp;Selon lui, les accusations de l&#39;hebdomadaire sont&nbsp;&quot;&#39;enti&egrave;rement fausses&quot;. Il affirme avoir&nbsp;&quot;toujours d&eacute;clar&eacute;&nbsp;[ses]&nbsp;revenus\u00a0\u00bb&nbsp;et &ecirc;tre actuellement&nbsp;\u00ab\u00a0&agrave; jour de&nbsp;[ses]&nbsp;imp&ocirc;ts&quot;. Il reconna&icirc;t toutefois avoir fait l&#39;objet d&#39;un redressement fiscal, qu&#39;il a r&eacute;gl&eacute;.\n<\/p>\n<p>\n\tGrand ordonnateur de la primaire de la droite et du centre, le d&eacute;put&eacute; fait partie, comme Fran&ccedil;ois Fillon, des parlementaires salariant leur &eacute;pouse, pr&eacute;cise l&#39;hebdomadaire satirique, &agrave; para&icirc;tre mercredi.<\/p>\n","protected":false},"excerpt":{"rendered":"<p>Apr&egrave;s le candidat, son porte-parole. Une enqu&ecirc;te pr&eacute;liminaire pour suspicion de fraude fiscale a &eacute;t&eacute; lanc&eacute;e par le parquet de Nanterre (Hauts-de-Seine) &agrave; l&#39;encontre de Thierry Sol&egrave;re, porte-parole&nbsp;de&nbsp;Fran&ccedil;ois Fillon. Cette information, r&eacute;v&eacute;l&eacute;e par&nbsp;Le Canard encha&icirc;n&eacute;, mardi 14 f&eacute;vrier, a &eacute;t&eacute; confirm&eacute;e&nbsp;de source judiciaire &agrave; l&#39;agence Reuters. L&#39;enqu&ecirc;te a &eacute;t&eacute; ouverte le 6 septembre 2016, &agrave; [&hellip;]<\/p>\n","protected":false},"author":2,"featured_media":6079,"comment_status":"open","ping_status":"open","sticky":false,"template":"","format":"standard","meta":{"_jetpack_memberships_contains_paid_content":false,"footnotes":"","jetpack_publicize_message":"","jetpack_publicize_feature_enabled":true,"jetpack_social_post_already_shared":true,"jetpack_social_options":{"image_generator_settings":{"template":"highway","default_image_id":0,"font":"","enabled":false},"version":2},"_wpas_customize_per_network":false},"categories":[405],"tags":[1448],"class_list":["post-6078","post","type-post","status-publish","format-standard","has-post-thumbnail","hentry","category-actu-france-monde","tag-thierry-solere"],"jetpack_publicize_connections":[],"jetpack_featured_media_url":"https:\/\/i0.wp.com\/www.iceagetv.com\/radiosite\/wp-content\/uploads\/2017\/02\/Screenshot_2017-02-14-19-37-12-1.png?fit=720%2C413&ssl=1","jetpack_sharing_enabled":true,"_links":{"self":[{"href":"https:\/\/www.iceagetv.com\/radiosite\/wp-json\/wp\/v2\/posts\/6078","targetHints":{"allow":["GET"]}}],"collection":[{"href":"https:\/\/www.iceagetv.com\/radiosite\/wp-json\/wp\/v2\/posts"}],"about":[{"href":"https:\/\/www.iceagetv.com\/radiosite\/wp-json\/wp\/v2\/types\/post"}],"author":[{"embeddable":true,"href":"https:\/\/www.iceagetv.com\/radiosite\/wp-json\/wp\/v2\/users\/2"}],"replies":[{"embeddable":true,"href":"https:\/\/www.iceagetv.com\/radiosite\/wp-json\/wp\/v2\/comments?post=6078"}],"version-history":[{"count":1,"href":"https:\/\/www.iceagetv.com\/radiosite\/wp-json\/wp\/v2\/posts\/6078\/revisions"}],"predecessor-version":[{"id":6080,"href":"https:\/\/www.iceagetv.com\/radiosite\/wp-json\/wp\/v2\/posts\/6078\/revisions\/6080"}],"wp:featuredmedia":[{"embeddable":true,"href":"https:\/\/www.iceagetv.com\/radiosite\/wp-json\/wp\/v2\/media\/6079"}],"wp:attachment":[{"href":"https:\/\/www.iceagetv.com\/radiosite\/wp-json\/wp\/v2\/media?parent=6078"}],"wp:term":[{"taxonomy":"category","embeddable":true,"href":"https:\/\/www.iceagetv.com\/radiosite\/wp-json\/wp\/v2\/categories?post=6078"},{"taxonomy":"post_tag","embeddable":true,"href":"https:\/\/www.iceagetv.com\/radiosite\/wp-json\/wp\/v2\/tags?post=6078"}],"curies":[{"name":"wp","href":"https:\/\/api.w.org\/{rel}","templated":true}]}}