{"id":6133,"date":"2017-02-24T08:11:24","date_gmt":"2017-02-24T08:11:24","guid":{"rendered":"http:\/\/www.iceagetv.com\/radiosite\/?p=6133"},"modified":"2017-02-24T08:11:24","modified_gmt":"2017-02-24T08:11:24","slug":"theo-famille-vises-enquete-preliminaire-possible-detournement-de-subventions-publiques","status":"publish","type":"post","link":"https:\/\/www.iceagetv.com\/radiosite\/theo-famille-vises-enquete-preliminaire-possible-detournement-de-subventions-publiques\/","title":{"rendered":"Th\u00e9o et sa famille vis\u00e9s par une enqu\u00eate pr\u00e9liminaire pour un possible d\u00e9tournement de subventions publiques"},"content":{"rendered":"<p>\n\tC&#39;est une affaire qui tombe tr&egrave;s mal, m&ecirc;me si elle n&#39;a aucun lien avec l&#39;affaire qui fait la Une de l&#39;actualit&eacute; depuis plusieurs semaines.\n<\/p>\n<p>\n\tLa famille de Th&eacute;o, le jeune homme victime d&eacute;but f&eacute;vrier d&#39;une interpellation violente, fait l&#39;objet depuis juin dernier d&#39;une enqu&ecirc;te financi&egrave;re, a-t-on appris de source judiciaire, confirmant une information du Parisien.\n<\/p>\n<p>\n\tLe parquet de Bobigny a ouvert en juin dernier une enqu&ecirc;te pour &quot;suspicion d&#39;abus de confiance et escroquerie&quot; &agrave; la suite de soup&ccedil;ons d&#39;emplois fant&ocirc;mes dans une association pr&eacute;sid&eacute;e par le fr&egrave;re de Th&eacute;o.\n<\/p>\n<p>\n\tEntre janvier 2014 et juin 2016, l&#39;association aurait per&ccedil;u 678.000 euros de subventions d&rsquo;Etat pour l&#39;embauche en contrats aid&eacute;s de 30 salari&eacute;s, qui devaient &ecirc;tre form&eacute;s pour &ecirc;tre animateurs de rue.\n<\/p>\n<p>\n\tMais lors d&#39;un contr&ocirc;le, les dirigeants de l&#39;association n&#39;ont pr&eacute;sent&eacute; aucun &eacute;l&eacute;ment probant pouvant attester de la r&eacute;alit&eacute; de ces emplois, ajoute le quotidien.\n<\/p>\n<p>\n\tHuit membres de la famille du jeune homme auraient per&ccedil;u de l&rsquo;association plus de 170.000 euros par virement, dont 52.000 euros auraient &eacute;t&eacute; retrouv&eacute;s par les enqu&ecirc;teurs sur le compte de Th&eacute;o.\n<\/p>\n<p>\n\tLes interrogations des enqu&ecirc;teurs portent sur une somme de 678&nbsp;000&nbsp;euros, a &eacute;galement confirm&eacute; au&nbsp;Monde&nbsp;une source proche de l&rsquo;enqu&ecirc;te.\n<\/p>\n<p>\n\tDes subventions qui auraient &eacute;t&eacute; re&ccedil;ues de la part de l&rsquo;Etat entre janvier&nbsp;2014 et juin&nbsp;2016, pour l&rsquo;embauche de contrats aid&eacute;s.&nbsp;\n<\/p>\n<p>\n\tL&#39;avocat de Th&eacute;p d&eacute;nonce &quot;une manipulation de la police&quot; destin&eacute;e &agrave; salir le&nbsp;&nbsp;jeune homme,&nbsp;\n<\/p>\n<p>\n\tLe fr&egrave;re de Th&eacute;o L. s&rsquo;est d&eacute;fendu de toutes malversations. Il assure&nbsp;avoir&nbsp;recrut&eacute; en CDI plus de trente personnes, dont des membres de sa famille.&nbsp;<\/p>\n","protected":false},"excerpt":{"rendered":"<p>C&#39;est une affaire qui tombe tr&egrave;s mal, m&ecirc;me si elle n&#39;a aucun lien avec l&#39;affaire qui fait la Une de l&#39;actualit&eacute; depuis plusieurs semaines. La famille de Th&eacute;o, le jeune homme victime d&eacute;but f&eacute;vrier d&#39;une interpellation violente, fait l&#39;objet depuis juin dernier d&#39;une enqu&ecirc;te financi&egrave;re, a-t-on appris de source judiciaire, confirmant une information du Parisien. [&hellip;]<\/p>\n","protected":false},"author":2,"featured_media":6134,"comment_status":"open","ping_status":"open","sticky":false,"template":"","format":"standard","meta":{"_jetpack_memberships_contains_paid_content":false,"footnotes":"","jetpack_publicize_message":"","jetpack_publicize_feature_enabled":true,"jetpack_social_post_already_shared":true,"jetpack_social_options":{"image_generator_settings":{"template":"highway","default_image_id":0,"font":"","enabled":false},"version":2},"_wpas_customize_per_network":false},"categories":[405],"tags":[1462],"class_list":["post-6133","post","type-post","status-publish","format-standard","has-post-thumbnail","hentry","category-actu-france-monde","tag-la-famille-de-theo"],"jetpack_publicize_connections":[],"jetpack_featured_media_url":"https:\/\/i0.wp.com\/www.iceagetv.com\/radiosite\/wp-content\/uploads\/2017\/02\/La-famille-de-Th%C3%A9o.jpg?fit=628%2C287&ssl=1","jetpack_sharing_enabled":true,"_links":{"self":[{"href":"https:\/\/www.iceagetv.com\/radiosite\/wp-json\/wp\/v2\/posts\/6133","targetHints":{"allow":["GET"]}}],"collection":[{"href":"https:\/\/www.iceagetv.com\/radiosite\/wp-json\/wp\/v2\/posts"}],"about":[{"href":"https:\/\/www.iceagetv.com\/radiosite\/wp-json\/wp\/v2\/types\/post"}],"author":[{"embeddable":true,"href":"https:\/\/www.iceagetv.com\/radiosite\/wp-json\/wp\/v2\/users\/2"}],"replies":[{"embeddable":true,"href":"https:\/\/www.iceagetv.com\/radiosite\/wp-json\/wp\/v2\/comments?post=6133"}],"version-history":[{"count":1,"href":"https:\/\/www.iceagetv.com\/radiosite\/wp-json\/wp\/v2\/posts\/6133\/revisions"}],"predecessor-version":[{"id":6135,"href":"https:\/\/www.iceagetv.com\/radiosite\/wp-json\/wp\/v2\/posts\/6133\/revisions\/6135"}],"wp:featuredmedia":[{"embeddable":true,"href":"https:\/\/www.iceagetv.com\/radiosite\/wp-json\/wp\/v2\/media\/6134"}],"wp:attachment":[{"href":"https:\/\/www.iceagetv.com\/radiosite\/wp-json\/wp\/v2\/media?parent=6133"}],"wp:term":[{"taxonomy":"category","embeddable":true,"href":"https:\/\/www.iceagetv.com\/radiosite\/wp-json\/wp\/v2\/categories?post=6133"},{"taxonomy":"post_tag","embeddable":true,"href":"https:\/\/www.iceagetv.com\/radiosite\/wp-json\/wp\/v2\/tags?post=6133"}],"curies":[{"name":"wp","href":"https:\/\/api.w.org\/{rel}","templated":true}]}}