{"id":6239,"date":"2017-03-14T17:10:14","date_gmt":"2017-03-14T17:10:14","guid":{"rendered":"http:\/\/www.iceagetv.com\/radiosite\/?p=6239"},"modified":"2017-03-14T17:10:14","modified_gmt":"2017-03-14T17:10:14","slug":"francois-fillon-a-ete-mis-examen-mardi-matin","status":"publish","type":"post","link":"https:\/\/www.iceagetv.com\/radiosite\/francois-fillon-a-ete-mis-examen-mardi-matin\/","title":{"rendered":"Fran\u00e7ois Fillon a \u00e9t\u00e9 mis en examen ce mardi matin"},"content":{"rendered":"<p>\n\tLe candidat LR &agrave; la pr&eacute;sidentielle a &eacute;t&eacute; mis en examen d&egrave;s ce mardi matin dans l&#39;affaire des emplois fictifs pr&eacute;sum&eacute;s. Il devait &ecirc;tre convoqu&eacute; mercredi par les juges.&nbsp;\n<\/p>\n<p>\n\tComme l&#39;a annonc&eacute;&nbsp;Le Canard encha&icirc;n&eacute;&nbsp;sur Twitter ce mardi,&nbsp;Fran&ccedil;ois Fillon&nbsp;a &eacute;t&eacute; mis en examen dans la matin&eacute;e, avec 24 heures d&#39;avance sur la date pr&eacute;vue. Une information confirm&eacute;e par son avocat &agrave; l&#39;AFP et par le parquet.\n<\/p>\n<p>\n\tD&#39;apr&egrave;s nos informations, il est mis en examen pour d&eacute;tournement de fonds public, complicit&eacute; et recel de d&eacute;tournement de fonds publics, recel et complicit&eacute; d&#39;abus de biens sociaux et manquements aux obligations d&eacute;claratives&nbsp;&agrave; la Haute autorit&eacute; pour la transparence de la vie publique (HATVP).\n<\/p>\n<p>\n\t&quot;La mise en examen est intervenue ce (mardi) matin. L&#39;audition a &eacute;t&eacute; avanc&eacute;e pour qu&#39;elle se d&eacute;roule dans des conditions de s&eacute;r&eacute;nit&eacute;&quot;, a ajout&eacute; Antonin Levy, l&#39;un des avocats de Fran&ccedil;ois Fillon, qui n&#39;a pas fait d&#39;autre commentaire.&nbsp;\n<\/p>\n<p>\n\tL&#39;instruction pourrait durer plusieurs mois\n<\/p>\n<p>\n\tCette mise en examen&nbsp;intervient plus t&ocirc;t que pr&eacute;vu, puisque le candidat &agrave; la pr&eacute;sidentielle devait &ecirc;tre convoqu&eacute; mercredi&nbsp;par les juges&nbsp;pour son implication dans l&#39;affaire des emplois pr&eacute;sum&eacute;s fictifs de sa femme et de ses enfants comme assistants parlementaires. Cette anticipation visait sans doute &agrave; permettre aux&nbsp;interrogatoires de se d&eacute;rouler dans des conditions plus sereines, avec une&nbsp;attention m&eacute;diatique moindre. Il&nbsp;ne s&#39;agit pas d&#39;une affaire difficile techniquement sur le papier&quot;, estime Benjamin Blanchet,&nbsp;ancien substitut du parquet national financier, qui a estim&eacute;&nbsp;sur BFMTV que l&#39;instruction pourrait durer plusieurs mois, mais sans doute pas plus longtemps.&nbsp;\n<\/p>\n<p>\n\tUne mise en examen intervient quand les juges d&#39;instruction consid&egrave;rent qu&#39;il existe des &quot;indices graves ou concordants rendant vraisemblable&quot; qu&#39;une personne a commis des d&eacute;lits. Fran&ccedil;ois Fillon aurait pu &ecirc;tre plac&eacute; sous le statut plus favorable de t&eacute;moin assist&eacute;.\n<\/p>\n<p>\n\tUne situation politique atypique\n<\/p>\n<p>\n\tFran&ccedil;ois Fillon n&#39;est pas le premier candidat majeur &agrave; une &eacute;lection pr&eacute;sidentielle &agrave; concourir avec le poids d&#39;une mise en examen sur les &eacute;paules. Fran&ccedil;ois Mitterrand, entr&eacute; en campagne en septembre 1965, &eacute;tait &nbsp;&agrave; l&rsquo;&eacute;poque inculp&eacute; dans l&rsquo;affaire de l&rsquo;observatoire pour outrage &agrave; magistrat&nbsp;apr&egrave;s la lev&eacute;e de son immunit&eacute; parlementaire.Fran&ccedil;ois Fillon avait promis qu&#39;il se retirerait de la course &agrave; l&#39;&Eacute;lys&eacute;e dans une telle hypoth&egrave;se, avant de revenir sur cet engagement.&nbsp;&quot;Les balles volent bas&quot;&nbsp;dans cette campagne pr&eacute;sidentielle, a-t-il d&eacute;clar&eacute; lors de sa rencontre avec la F&eacute;d&eacute;ration des chasseurs ce mardi, quelques instants avant l&#39;annonce publique de sa mise en examen.<\/p>\n","protected":false},"excerpt":{"rendered":"<p>Le candidat LR &agrave; la pr&eacute;sidentielle a &eacute;t&eacute; mis en examen d&egrave;s ce mardi matin dans l&#39;affaire des emplois fictifs pr&eacute;sum&eacute;s. Il devait &ecirc;tre convoqu&eacute; mercredi par les juges.&nbsp; Comme l&#39;a annonc&eacute;&nbsp;Le Canard encha&icirc;n&eacute;&nbsp;sur Twitter ce mardi,&nbsp;Fran&ccedil;ois Fillon&nbsp;a &eacute;t&eacute; mis en examen dans la matin&eacute;e, avec 24 heures d&#39;avance sur la date pr&eacute;vue. Une information [&hellip;]<\/p>\n","protected":false},"author":2,"featured_media":6240,"comment_status":"open","ping_status":"open","sticky":false,"template":"","format":"standard","meta":{"_jetpack_memberships_contains_paid_content":false,"footnotes":"","jetpack_publicize_message":"","jetpack_publicize_feature_enabled":true,"jetpack_social_post_already_shared":true,"jetpack_social_options":{"image_generator_settings":{"template":"highway","default_image_id":0,"font":"","enabled":false},"version":2},"_wpas_customize_per_network":false},"categories":[405],"tags":[1487],"class_list":["post-6239","post","type-post","status-publish","format-standard","has-post-thumbnail","hentry","category-actu-france-monde","tag-francois-fillon-a-ete-mis-en-examen-ce-mardi-matin"],"jetpack_publicize_connections":[],"jetpack_featured_media_url":"https:\/\/i0.wp.com\/www.iceagetv.com\/radiosite\/wp-content\/uploads\/2017\/03\/Fran%C3%A7ois-Fillon-a-%C3%A9t%C3%A9-mis-en-examen-ce-mardi-matin.jpeg?fit=1096%2C708&ssl=1","jetpack_sharing_enabled":true,"_links":{"self":[{"href":"https:\/\/www.iceagetv.com\/radiosite\/wp-json\/wp\/v2\/posts\/6239","targetHints":{"allow":["GET"]}}],"collection":[{"href":"https:\/\/www.iceagetv.com\/radiosite\/wp-json\/wp\/v2\/posts"}],"about":[{"href":"https:\/\/www.iceagetv.com\/radiosite\/wp-json\/wp\/v2\/types\/post"}],"author":[{"embeddable":true,"href":"https:\/\/www.iceagetv.com\/radiosite\/wp-json\/wp\/v2\/users\/2"}],"replies":[{"embeddable":true,"href":"https:\/\/www.iceagetv.com\/radiosite\/wp-json\/wp\/v2\/comments?post=6239"}],"version-history":[{"count":1,"href":"https:\/\/www.iceagetv.com\/radiosite\/wp-json\/wp\/v2\/posts\/6239\/revisions"}],"predecessor-version":[{"id":6241,"href":"https:\/\/www.iceagetv.com\/radiosite\/wp-json\/wp\/v2\/posts\/6239\/revisions\/6241"}],"wp:featuredmedia":[{"embeddable":true,"href":"https:\/\/www.iceagetv.com\/radiosite\/wp-json\/wp\/v2\/media\/6240"}],"wp:attachment":[{"href":"https:\/\/www.iceagetv.com\/radiosite\/wp-json\/wp\/v2\/media?parent=6239"}],"wp:term":[{"taxonomy":"category","embeddable":true,"href":"https:\/\/www.iceagetv.com\/radiosite\/wp-json\/wp\/v2\/categories?post=6239"},{"taxonomy":"post_tag","embeddable":true,"href":"https:\/\/www.iceagetv.com\/radiosite\/wp-json\/wp\/v2\/tags?post=6239"}],"curies":[{"name":"wp","href":"https:\/\/api.w.org\/{rel}","templated":true}]}}