{"id":6265,"date":"2017-03-18T13:16:54","date_gmt":"2017-03-18T13:16:54","guid":{"rendered":"http:\/\/www.iceagetv.com\/radiosite\/?p=6265"},"modified":"2017-03-18T13:16:54","modified_gmt":"2017-03-18T13:16:54","slug":"pagaille-a-orly-trafic-aerien-reprend-doucement","status":"publish","type":"post","link":"https:\/\/www.iceagetv.com\/radiosite\/pagaille-a-orly-trafic-aerien-reprend-doucement\/","title":{"rendered":"Pagaille \u00e0 Orly, o\u00f9 le trafic a\u00e9rien reprend doucement"},"content":{"rendered":"<p>\n\t3000 personnes ont &eacute;t&eacute; &eacute;vacu&eacute;es du terminal Sud de l&#39;a&eacute;roport d&#39;Orly-Sud apr&egrave;s l&#39;attaque contre des militaires. Le terminal Ouest de l&#39;a&eacute;roport a, lui, rouvert en d&eacute;but d&#39;apr&egrave;s-midi. Le point complet.\n<\/p>\n<p>\n\tOrly paralys&eacute;. Samedi, le trafic a&eacute;rien reprenait peu &agrave; peu &agrave; l&#39;a&eacute;roport du sud de Paris, apr&egrave;s qu&#39;un homme a &eacute;t&eacute; abattu par des forces de s&eacute;curit&eacute; pour avoir d&eacute;rob&eacute; l&#39;arme d&#39;un militaire de l&#39;op&eacute;ration Sentinelle.\n<\/p>\n<p>\n\t&raquo; Attaque &agrave; Orly: les premiers &eacute;l&eacute;ments sur le profil de l&#39;assaillant\n<\/p>\n<p>\n\tDans un premier temps, tous les vols ont &eacute;t&eacute; suspendus, a indiqu&eacute; la Direction g&eacute;n&eacute;rale de l&#39;aviation civile (DGAC). Pr&egrave;s de 3000 personnes ont &eacute;t&eacute; &eacute;vacu&eacute;es du terminal Sud, et les passagers qui se trouvaient dans le terminal Ouest ont &eacute;t&eacute; confin&eacute;es, a pr&eacute;cis&eacute; le porte-parole du minist&egrave;re de l&#39;Int&eacute;rieur, Pierre-Henri Brandet.\n<\/p>\n<p>\n\t&laquo;Ne vous rendez pas &agrave; Orly sauf cas de n&eacute;cessit&eacute; ou sauf v&eacute;rification que votre avion va partir&raquo;, a insist&eacute; le PDG d&#39;ADP, Augustin de Romanet, lors d&#39;une conf&eacute;rence de presse &agrave; l&#39;a&eacute;roport samedi en fin de matin&eacute;e.\n<\/p>\n<p>\n\t&laquo;S&#39;agissant d&#39;Orly-Ouest, le terminal est ouvert de nouveau donc le trafic va reprendre progressivement&raquo;, a confirm&eacute; sur Europe 1 le PDG d&#39;ADP. Concernant Orly-Sud, &laquo;les arriv&eacute;es vont pouvoir de nouveau se r&eacute;aliser&raquo; mais pour les d&eacute;parts &laquo;on risque de devoir attendre quelques heures avant de rouvrir le terminal&raquo;, a-t-il ajout&eacute;.\n<\/p>\n<p>\n\tApr&egrave;s l&#39;attaque, qui a eu lieu vers 8h30 dans le hall 1 de l&#39;a&eacute;roport d&#39;Orly-Sud, plusieurs vols ont &eacute;t&eacute; d&eacute;rout&eacute;s vers Roissy Charles de Gaulle. &laquo;Comme toutes les compagnies op&eacute;rant depuis et vers Paris Orly, easyJet pr&eacute;voit aujourd&#39;hui des perturbations et retards dans son programme de vol&raquo;, d&eacute;clare la compagnie dans un communiqu&eacute;. &laquo;46 vols easyJet sont pr&eacute;vus ce jour au d&eacute;part et &agrave; l&#39;arriv&eacute;e dont 11 ont d&eacute;j&agrave; &eacute;t&eacute; op&eacute;r&eacute;s. 7 vols ont &eacute;t&eacute; annul&eacute;s et 2 vols &agrave; l&#39;arriv&eacute;e ont &eacute;t&eacute; d&eacute;rout&eacute;s vers Paris CDG. Les passagers dont les vols ont &eacute;t&eacute;&nbsp;<\/p>\n","protected":false},"excerpt":{"rendered":"<p>3000 personnes ont &eacute;t&eacute; &eacute;vacu&eacute;es du terminal Sud de l&#39;a&eacute;roport d&#39;Orly-Sud apr&egrave;s l&#39;attaque contre des militaires. Le terminal Ouest de l&#39;a&eacute;roport a, lui, rouvert en d&eacute;but d&#39;apr&egrave;s-midi. Le point complet. Orly paralys&eacute;. Samedi, le trafic a&eacute;rien reprenait peu &agrave; peu &agrave; l&#39;a&eacute;roport du sud de Paris, apr&egrave;s qu&#39;un homme a &eacute;t&eacute; abattu par des forces [&hellip;]<\/p>\n","protected":false},"author":2,"featured_media":6266,"comment_status":"open","ping_status":"open","sticky":false,"template":"","format":"standard","meta":{"_jetpack_memberships_contains_paid_content":false,"footnotes":"","jetpack_publicize_message":"","jetpack_publicize_feature_enabled":true,"jetpack_social_post_already_shared":true,"jetpack_social_options":{"image_generator_settings":{"template":"highway","default_image_id":0,"font":"","enabled":false},"version":2},"_wpas_customize_per_network":false},"categories":[405],"tags":[1494],"class_list":["post-6265","post","type-post","status-publish","format-standard","has-post-thumbnail","hentry","category-actu-france-monde","tag-pagaille-a-orly"],"jetpack_publicize_connections":[],"jetpack_featured_media_url":"https:\/\/i0.wp.com\/www.iceagetv.com\/radiosite\/wp-content\/uploads\/2017\/03\/Screenshot_2017-03-18-14-15-20-1.png?fit=645%2C488&ssl=1","jetpack_sharing_enabled":true,"_links":{"self":[{"href":"https:\/\/www.iceagetv.com\/radiosite\/wp-json\/wp\/v2\/posts\/6265","targetHints":{"allow":["GET"]}}],"collection":[{"href":"https:\/\/www.iceagetv.com\/radiosite\/wp-json\/wp\/v2\/posts"}],"about":[{"href":"https:\/\/www.iceagetv.com\/radiosite\/wp-json\/wp\/v2\/types\/post"}],"author":[{"embeddable":true,"href":"https:\/\/www.iceagetv.com\/radiosite\/wp-json\/wp\/v2\/users\/2"}],"replies":[{"embeddable":true,"href":"https:\/\/www.iceagetv.com\/radiosite\/wp-json\/wp\/v2\/comments?post=6265"}],"version-history":[{"count":1,"href":"https:\/\/www.iceagetv.com\/radiosite\/wp-json\/wp\/v2\/posts\/6265\/revisions"}],"predecessor-version":[{"id":6267,"href":"https:\/\/www.iceagetv.com\/radiosite\/wp-json\/wp\/v2\/posts\/6265\/revisions\/6267"}],"wp:featuredmedia":[{"embeddable":true,"href":"https:\/\/www.iceagetv.com\/radiosite\/wp-json\/wp\/v2\/media\/6266"}],"wp:attachment":[{"href":"https:\/\/www.iceagetv.com\/radiosite\/wp-json\/wp\/v2\/media?parent=6265"}],"wp:term":[{"taxonomy":"category","embeddable":true,"href":"https:\/\/www.iceagetv.com\/radiosite\/wp-json\/wp\/v2\/categories?post=6265"},{"taxonomy":"post_tag","embeddable":true,"href":"https:\/\/www.iceagetv.com\/radiosite\/wp-json\/wp\/v2\/tags?post=6265"}],"curies":[{"name":"wp","href":"https:\/\/api.w.org\/{rel}","templated":true}]}}