{"id":6376,"date":"2017-04-04T15:47:21","date_gmt":"2017-04-04T15:47:21","guid":{"rendered":"http:\/\/www.iceagetv.com\/radiosite\/?p=6376"},"modified":"2017-04-04T15:47:21","modified_gmt":"2017-04-04T15:47:21","slug":"chomage-retraites-secu-35-heures-sujets-economiques-coeur-debat-soir","status":"publish","type":"post","link":"https:\/\/www.iceagetv.com\/radiosite\/chomage-retraites-secu-35-heures-sujets-economiques-coeur-debat-soir\/","title":{"rendered":"Ch\u00f4mage, retraites, S\u00e9cu, 35 heures&#8230; les sujets \u00e9conomiques au coeur du d\u00e9bat ce soir"},"content":{"rendered":"<p>\n\tCe soir &agrave; 20h40, les candidats &agrave; la pr&eacute;sidentielle s&#39;affronteront sur BFMTV et CNews. Au programme ? L&#39;emploi, la s&eacute;curit&eacute; et le social.&nbsp;Le Figaro&nbsp;fait le point sur les propositions &eacute;conomiques des principaux candidats.\n<\/p>\n<p>\n\tA 19 jours du premier tour de la pr&eacute;sidentielle, les onze candidats &agrave; la pr&eacute;sidentielle ont rendez-vous, ce mardi soir, pour un d&eacute;bat t&eacute;l&eacute;vis&eacute;, sur BFMTV et CNews, &agrave; partir de 20H40. Les th&egrave;mes abord&eacute;s? L&#39;emploi, la s&eacute;curit&eacute; et le social.\n<\/p>\n<p>\n\tDispos&eacute;s en arc de cercle autour de Ruth Elkrief et Laurence Ferrari, ils auront chacun 17 minutes de temps de parole, pendant les 3 h 30 d&#39;&eacute;mission. Parmi les th&egrave;mes &eacute;conomiques abord&eacute;s, emploi et social,&nbsp;Le Figaro&nbsp;fait le point sur les propositions des principaux candidats.\n<\/p>\n<p>\n\t&bull; Allocations ch&ocirc;mage\n<\/p>\n<p>\n\tFran&ccedil;ois Fillon compte aborder, ce mardi soir, la question du plein emploi en exposant son projet aux mesures concr&egrave;tes pour lutter contre le ch&ocirc;mage. Il compte focaliser les critiques sur Emmanuel Macron. &laquo;Emmanuel Macron, c&#39;est le choix de la continuit&eacute;. Comment, apr&egrave;s un million de ch&ocirc;meurs en plus et cinq ans de croissance inexistante, peut-on encore vouloir mettre le fils spirituel de Fran&ccedil;ois Hollande &agrave; l&#39;&Eacute;lys&eacute;e?&raquo;, interroge J&eacute;r&ocirc;me Chartier, d&eacute;put&eacute; LR et conseiller sp&eacute;cial de Fran&ccedil;ois Fillon dans&nbsp;Le Figaro&nbsp;de ce mardi.\n<\/p>\n<p>\n\t&raquo;&raquo; LIRE AUSSI:&nbsp;J&eacute;r&ocirc;me Chartier: &laquo;Fillon est le candidat de la raison&raquo;\n<\/p>\n<p>\n\tCertains candidats &agrave; la pr&eacute;sidentielle menacent de reprendre les r&ecirc;nes de l&#39;assurance-ch&ocirc;mage. En d&eacute;ficit chronique, l&#39;Un&eacute;dic qui g&egrave;re l&#39;assurance ch&ocirc;mage, perd environ 4 milliards d&#39;euros par an et affichait, en 2016, une dette de 30 milliards d&#39;euros. On compte en France plus de 6 millions de personnes inscrites &agrave; P&ocirc;le emploi (toutes cat&eacute;gories confondues).\n<\/p>\n<p>\n\tQuand Fran&ccedil;ois Fillon propose de plafonner les allocations ch&ocirc;mage &agrave; 75% et de les rendre d&eacute;gressives, Emmanuel Macron souhaite aller vers une &laquo;assurance ch&ocirc;mage universelle&raquo; et entend &eacute;tendre l&#39;assurance ch&ocirc;mage aux d&eacute;missionnaires, mais seulement une fois tous les cinq ans pour limiter les abus, et aux ind&eacute;pendants. De son c&ocirc;t&eacute;, Beno&icirc;t Hamon ne remet pas en cause le syst&egrave;me de gestion de l&#39;Unedic., tout comme Jean-Luc M&eacute;lenchon. En revanche, Marine Le Pen n&#39;&eacute;voque pas le sujet dans son programme.\n<\/p>\n<p>\n\t&raquo;&raquo; LIRE AUSSI: Pr&eacute;sidentielle: faut-il durcir les conditions d&#39;attribution de l&#39;assurance ch&ocirc;mage?\n<\/p>\n<p>\n\t&bull; Loi travail\n<\/p>\n<p>\n\tLe d&eacute;bat sur la loi travail a suscit&eacute; l&#39;organisation d&#39;une dizaine de manifestations nationales. Pr&eacute;conisant une refonte du code du travail, la loi El Khomri s&#39;inscrit dans la volont&eacute; d&#39;assouplissement du droit du travail. Quand Fran&ccedil;ois Fillon souhaite &laquo;aller plus loin en recentrant le code du travail sur les seules normes sociales fondamentales&raquo;, Emmanuel Macron est favorable &agrave; cette loi dont il a &eacute;t&eacute; l&#39;un des artisans. Il propose que les accords de branche et d&#39;entreprise permettent de d&eacute;roger &agrave; la loi. Marine Le Pen souhaite retirer la loi travail telle qu&#39;elle est aujourd&#39;hui mais all&eacute;ger la complexit&eacute; administrative qui p&egrave;se sur les TPE-PME. Beno&icirc;t Hamon et Jean-Luc M&eacute;lenchon veulent tout simplement abroger la loi travail.<\/p>\n","protected":false},"excerpt":{"rendered":"<p>Ce soir &agrave; 20h40, les candidats &agrave; la pr&eacute;sidentielle s&#39;affronteront sur BFMTV et CNews. Au programme ? L&#39;emploi, la s&eacute;curit&eacute; et le social.&nbsp;Le Figaro&nbsp;fait le point sur les propositions &eacute;conomiques des principaux candidats. A 19 jours du premier tour de la pr&eacute;sidentielle, les onze candidats &agrave; la pr&eacute;sidentielle ont rendez-vous, ce mardi soir, pour un [&hellip;]<\/p>\n","protected":false},"author":2,"featured_media":6377,"comment_status":"open","ping_status":"open","sticky":false,"template":"","format":"standard","meta":{"_jetpack_memberships_contains_paid_content":false,"footnotes":"","jetpack_publicize_message":"","jetpack_publicize_feature_enabled":true,"jetpack_social_post_already_shared":true,"jetpack_social_options":{"image_generator_settings":{"template":"highway","default_image_id":0,"font":"","enabled":false},"version":2},"_wpas_customize_per_network":false},"categories":[405],"tags":[1520],"class_list":["post-6376","post","type-post","status-publish","format-standard","has-post-thumbnail","hentry","category-actu-france-monde","tag-les-sujets-economiques-au-coeur-du-debat-ce-soir"],"jetpack_publicize_connections":[],"jetpack_featured_media_url":"https:\/\/i0.wp.com\/www.iceagetv.com\/radiosite\/wp-content\/uploads\/2017\/04\/les-sujets-%C3%A9conomiques-au-coeur-du-d%C3%A9bat-ce-soir.jpg?fit=805%2C453&ssl=1","jetpack_sharing_enabled":true,"_links":{"self":[{"href":"https:\/\/www.iceagetv.com\/radiosite\/wp-json\/wp\/v2\/posts\/6376","targetHints":{"allow":["GET"]}}],"collection":[{"href":"https:\/\/www.iceagetv.com\/radiosite\/wp-json\/wp\/v2\/posts"}],"about":[{"href":"https:\/\/www.iceagetv.com\/radiosite\/wp-json\/wp\/v2\/types\/post"}],"author":[{"embeddable":true,"href":"https:\/\/www.iceagetv.com\/radiosite\/wp-json\/wp\/v2\/users\/2"}],"replies":[{"embeddable":true,"href":"https:\/\/www.iceagetv.com\/radiosite\/wp-json\/wp\/v2\/comments?post=6376"}],"version-history":[{"count":1,"href":"https:\/\/www.iceagetv.com\/radiosite\/wp-json\/wp\/v2\/posts\/6376\/revisions"}],"predecessor-version":[{"id":6378,"href":"https:\/\/www.iceagetv.com\/radiosite\/wp-json\/wp\/v2\/posts\/6376\/revisions\/6378"}],"wp:featuredmedia":[{"embeddable":true,"href":"https:\/\/www.iceagetv.com\/radiosite\/wp-json\/wp\/v2\/media\/6377"}],"wp:attachment":[{"href":"https:\/\/www.iceagetv.com\/radiosite\/wp-json\/wp\/v2\/media?parent=6376"}],"wp:term":[{"taxonomy":"category","embeddable":true,"href":"https:\/\/www.iceagetv.com\/radiosite\/wp-json\/wp\/v2\/categories?post=6376"},{"taxonomy":"post_tag","embeddable":true,"href":"https:\/\/www.iceagetv.com\/radiosite\/wp-json\/wp\/v2\/tags?post=6376"}],"curies":[{"name":"wp","href":"https:\/\/api.w.org\/{rel}","templated":true}]}}