{"id":6399,"date":"2017-04-07T15:31:25","date_gmt":"2017-04-07T15:31:25","guid":{"rendered":"http:\/\/www.iceagetv.com\/radiosite\/?p=6399"},"modified":"2017-04-07T19:03:28","modified_gmt":"2017-04-07T19:03:28","slug":"camion-fonce-foule-a-stockholm-homme-arrete-attentat-confirme-selon-police-3-morts-8-policiers-blesses","status":"publish","type":"post","link":"https:\/\/www.iceagetv.com\/radiosite\/camion-fonce-foule-a-stockholm-homme-arrete-attentat-confirme-selon-police-3-morts-8-policiers-blesses\/","title":{"rendered":"Un camion fonce dans la foule \u00e0 Stockholm: Un nouveau bilan de l&rsquo;attentat, donn\u00e9 par la police, fait \u00e9tat de quatre morts et 15 bless\u00e9s."},"content":{"rendered":"<p>\n\tSUEDE&nbsp;Une personne a &eacute;t&eacute; arr&ecirc;t&eacute;e, ajoute la police. Elle pourrait &ecirc;tre li&eacute;e &agrave; l&#39;attentat.\n<\/p>\n<p>\n\t17h50: Un homme est recherch&eacute; par la police\n<\/p>\n<p>\n\t17h17:&nbsp;Le pr&eacute;sident de la Commission europ&eacute;enne Jean-Claude Juncker a envoy&eacute; un message de solidarit&eacute; &agrave; la&nbsp;Su&egrave;de.\n<\/p>\n<p>\n\t&laquo; Nos pens&eacute;es sont avec le peuple su&eacute;dois apr&egrave;s les &eacute;v&eacute;nements tragiques &agrave; Stockholm aujourd&#39;hui&raquo;, a-t-il d&eacute;clar&eacute; dans un communiqu&eacute;.\n<\/p>\n<p>\n\t&laquo;Une attaque contre tout Etat membre est une attaque contre nous tous. &raquo;\n<\/p>\n<p>\n\t17h03:&nbsp;Le roi de Su&egrave;de Carl XVI Gustaf s&rsquo;est exprim&eacute; peu apr&egrave;s les attentats.\n<\/p>\n<p>\n\t&laquo;Moi et le reste de la famille royale avons malheureusement appris que des attaques avaient&nbsp;eu lieu cet apr&egrave;s-midi &agrave; Stockholm.\n<\/p>\n<p>\n\tLe contexte autour de cet incident est d&eacute;sormais connu. Nous suivons les d&eacute;veloppements &agrave; venir mais nos pens&eacute;es vont d&rsquo;ores et d&eacute;j&agrave; aupr&egrave;s de ceux qui ont &eacute;t&eacute; touch&eacute;s et leurs familles&raquo;, a-t-il d&eacute;clar&eacute; dans un communiqu&eacute;.\n<\/p>\n<p>\n\t16h41: Voici les premi&egrave;res images de l&#39;individu qui a &eacute;t&eacute; arr&ecirc;t&eacute;.16h36: La police fait &eacute;vacuer la Gare Centrale, ferme le m&eacute;tro et demande aux habitants de rentrer chez eux\n<\/p>\n<p>\n\t16h07:&nbsp;Le camion s&#39;est encastr&eacute; dans la vitrine du grand magasin du centre ville &eacute;quivalent des &quot;Galeries Lafayette&quot;16h03: Certains m&eacute;dias su&eacute;dois affirment que 3 hommes arm&eacute;s sont descendus du camion &#8211; Un homme arr&ecirc;t&eacute;\n<\/p>\n<p>\n\t15h53: Les services de s&eacute;curit&eacute; annoncent qu&#39;il s&#39;agit bien d&#39;un attentat15h48:&nbsp;Sur les r&eacute;seaux sociaux, plusieurs vid&eacute;os ont captur&eacute; des sc&egrave;nes de panique dans les rues de la capitale su&eacute;doise. On peut y voir des gens courir, certaines vid&eacute;os film&eacute;es en direct montrant des secouristes porter assistance &agrave; des personnes au sol.15h45:&nbsp;&nbsp;La police su&eacute;doise traite cet incident comme si elle avait &agrave;&nbsp;faire &agrave; une potentielle attaque terroriste, pr&eacute;cise la cha&icirc;ne&nbsp;publique SVT.\n<\/p>\n<p>\n\t15h30: Le point sur la situation\n<\/p>\n<p>\n\tUn camion a percut&eacute; des passants dans le centre-ville de Stockholm en Su&egrave;de peu avant 15h sur la grande rue Drottninggatan, une des art&egrave;res principales de la ville. Selon la police su&eacute;doise, il y aurait des bless&eacute;s.\n<\/p>\n<p>\n\tSelon le journal local Aftonbladet, au moins trois hommes gisent au sol sans que l&#39;on sache pour l&#39;heure s&#39;ils sont morts ou bless&eacute;s.\n<\/p>\n<p>\n\tOn ignore pour l&#39;instant si il s&#39;agit d&#39;une attaque terroriste ou d&#39;une perte de contr&ocirc;le d&#39;un v&eacute;hicule.\n<\/p>\n<p>\n\tUn important dispositif de police a &eacute;t&eacute; d&eacute;ploy&eacute; pour s&eacute;curiser les lieux tandis que des v&eacute;hicules de secours convergent vers les lieux l&#39;&eacute;v&egrave;nement pour prendre en charge les bless&eacute;s.15h16:&nbsp;Une camionnette a roul&eacute; sur des pi&eacute;tons &agrave; Stockholm selon le quotidien su&eacute;dois Atonbladet.\n<\/p>\n<p>\n\tLa police fait &eacute;tat de bless&eacute;s.\n<\/p>\n<p>\n\tSelon Reuters, un secteur du centre de la ville a &eacute;t&eacute; boucl&eacute; par les forces de l&#39;ordre.\n<\/p>\n<p>\n\tIl s&#39;agirait d&#39;une zone pi&eacute;tonni&egrave;re.15h12: Un premier bilan fait &eacute;tat de plusieurs bless&eacute;s\n<\/p>\n<p>\n\t15h11: Une camion renverse des passants &agrave; Stockholm<\/p>\n","protected":false},"excerpt":{"rendered":"<p>SUEDE&nbsp;Une personne a &eacute;t&eacute; arr&ecirc;t&eacute;e, ajoute la police. Elle pourrait &ecirc;tre li&eacute;e &agrave; l&#39;attentat. 17h50: Un homme est recherch&eacute; par la police 17h17:&nbsp;Le pr&eacute;sident de la Commission europ&eacute;enne Jean-Claude Juncker a envoy&eacute; un message de solidarit&eacute; &agrave; la&nbsp;Su&egrave;de. &laquo; Nos pens&eacute;es sont avec le peuple su&eacute;dois apr&egrave;s les &eacute;v&eacute;nements tragiques &agrave; Stockholm aujourd&#39;hui&raquo;, a-t-il d&eacute;clar&eacute; [&hellip;]<\/p>\n","protected":false},"author":2,"featured_media":6400,"comment_status":"open","ping_status":"open","sticky":false,"template":"","format":"standard","meta":{"_jetpack_memberships_contains_paid_content":false,"footnotes":"","jetpack_publicize_message":"","jetpack_publicize_feature_enabled":true,"jetpack_social_post_already_shared":true,"jetpack_social_options":{"image_generator_settings":{"template":"highway","default_image_id":0,"font":"","enabled":false},"version":2},"_wpas_customize_per_network":false},"categories":[405],"tags":[1525],"class_list":["post-6399","post","type-post","status-publish","format-standard","has-post-thumbnail","hentry","category-actu-france-monde","tag-attentat-confirme-en-suede"],"jetpack_publicize_connections":[],"jetpack_featured_media_url":"https:\/\/i0.wp.com\/www.iceagetv.com\/radiosite\/wp-content\/uploads\/2017\/04\/Attentat-confirm%C3%A9-en-suede.jpg?fit=628%2C287&ssl=1","jetpack_sharing_enabled":true,"_links":{"self":[{"href":"https:\/\/www.iceagetv.com\/radiosite\/wp-json\/wp\/v2\/posts\/6399","targetHints":{"allow":["GET"]}}],"collection":[{"href":"https:\/\/www.iceagetv.com\/radiosite\/wp-json\/wp\/v2\/posts"}],"about":[{"href":"https:\/\/www.iceagetv.com\/radiosite\/wp-json\/wp\/v2\/types\/post"}],"author":[{"embeddable":true,"href":"https:\/\/www.iceagetv.com\/radiosite\/wp-json\/wp\/v2\/users\/2"}],"replies":[{"embeddable":true,"href":"https:\/\/www.iceagetv.com\/radiosite\/wp-json\/wp\/v2\/comments?post=6399"}],"version-history":[{"count":3,"href":"https:\/\/www.iceagetv.com\/radiosite\/wp-json\/wp\/v2\/posts\/6399\/revisions"}],"predecessor-version":[{"id":6405,"href":"https:\/\/www.iceagetv.com\/radiosite\/wp-json\/wp\/v2\/posts\/6399\/revisions\/6405"}],"wp:featuredmedia":[{"embeddable":true,"href":"https:\/\/www.iceagetv.com\/radiosite\/wp-json\/wp\/v2\/media\/6400"}],"wp:attachment":[{"href":"https:\/\/www.iceagetv.com\/radiosite\/wp-json\/wp\/v2\/media?parent=6399"}],"wp:term":[{"taxonomy":"category","embeddable":true,"href":"https:\/\/www.iceagetv.com\/radiosite\/wp-json\/wp\/v2\/categories?post=6399"},{"taxonomy":"post_tag","embeddable":true,"href":"https:\/\/www.iceagetv.com\/radiosite\/wp-json\/wp\/v2\/tags?post=6399"}],"curies":[{"name":"wp","href":"https:\/\/api.w.org\/{rel}","templated":true}]}}