{"id":6407,"date":"2017-04-08T07:14:15","date_gmt":"2017-04-08T07:14:15","guid":{"rendered":"http:\/\/www.iceagetv.com\/radiosite\/?p=6407"},"modified":"2017-04-08T07:14:15","modified_gmt":"2017-04-08T07:14:15","slug":"attentat-suede-chauffeur-camion-aurait-ete-arrete","status":"publish","type":"post","link":"https:\/\/www.iceagetv.com\/radiosite\/attentat-suede-chauffeur-camion-aurait-ete-arrete\/","title":{"rendered":"Attentat en Su\u00e8de : le chauffeur du camion aurait \u00e9t\u00e9 arr\u00eat\u00e9"},"content":{"rendered":"<p>\n\tUne attaque au camion-b&eacute;lier a fait quatre morts et quinze bless&eacute;s vendredi dans le centre de Stockholm. Un deuxi&egrave;me homme a &eacute;t&eacute; interpell&eacute; dans la soir&eacute;e mais la police se refuse &agrave; confirmer un lien avec l&#39;attentat.\n<\/p>\n<p>\n\tLe ou les terroristes n&#39;auraient pas pu mieux choisir leur moment. Vendredi apr&egrave;s-midi, il faisait beau &agrave; Stockholm, la capitale su&eacute;doise. Les vacances de P&acirc;ques allaient commencer. Bien des habitants avaient fini leur journ&eacute;e et fl&acirc;naient sur Drottninggatan, la grande art&egrave;re pi&eacute;tonne du centre-ville. Imaginez, la rue de Rivoli &agrave; Paris avec des magasins H&amp;M &agrave; chaque angle, des stands de&nbsp;korv&nbsp;(saucisse en su&eacute;dois) et des boutiques de souvenirs d&eacute;bordant de Fifi Brindacier en peluche et de faux casques de Vikings.&Agrave; 14&nbsp;h&nbsp;53, un imposant camion bleu aux couleurs de la marque Spendrups, c&eacute;l&egrave;bre bi&egrave;re su&eacute;doise, a surgi de nulle part. Il a fonc&eacute; de fa&ccedil;on incontr&ocirc;l&eacute;e sur les passants, qui se sont jet&eacute;s &agrave; l&#39;int&eacute;rieur des boutiques. Dans un film tourn&eacute; par des voisins pench&eacute;s aux fen&ecirc;tres, on entend les hurlements des pi&eacute;tons qui crient &laquo;hj&auml;lp&raquo; (au secours en su&eacute;dois), et qui essayent d&#39;arr&ecirc;ter le camion. Conduit par au moins un homme encagoul&eacute; de noir d&#39;apr&egrave;s des t&eacute;moins, le v&eacute;hicule a fini sa folle course en s&#39;encastrant avec un &eacute;norme bruit dans le rez-de-chauss&eacute;e du grand magasin Ahlens. Ensuite, tout est all&eacute; tr&egrave;s vite.\n<\/p>\n<p>\n\tLa police a imm&eacute;diatement boucl&eacute; le quartier. Tandis que les ambulances arrivaient sur la zone toute sir&egrave;ne hurlante, les policiers lourdement arm&eacute;s couraient vers le camion. Criant aux passants: &laquo;undan undan!&raquo; (partez, partez!) Les salari&eacute;s de Ahlens, profond&eacute;ment choqu&eacute;s, beaucoup en larmes, &eacute;taient &eacute;vacu&eacute;s, un par un, en fil indienne, &agrave; l&#39;arri&egrave;re du grand magasin sur Vasagatan, pr&egrave;s de la gare Centrale. Le trafic des trains, des bus et des m&eacute;tros &eacute;tait interrompu. Les h&ocirc;pitaux ont enclench&eacute; le plan catastrophe. Les ministres et les d&eacute;put&eacute;s, dont les bureaux sont &agrave; 300 m&egrave;tres du lieu de l&#39;attentat, &eacute;taient plac&eacute;s en s&eacute;curit&eacute;. En d&eacute;placement en province, le premier ministre, Stefan L&ouml;fven, s&#39;est tr&egrave;s vite exprim&eacute;: &laquo;La Su&egrave;de a &eacute;t&eacute; attaqu&eacute;e et tout porte &agrave; croire qu&#39;il s&#39;agit d&#39;un attentat terroriste.&raquo; Le roi Carl XVI Gustav et la reine Silvia, en voyage officiel au Br&eacute;sil, ont aussit&ocirc;t d&eacute;cid&eacute; de rentrer &agrave; Stockholm: &laquo;Nous suivons de pr&egrave;s l&#39;&eacute;volution de la situation. Nos pens&eacute;es vont aux victimes et &agrave; leurs familles.&raquo; Selon un porte-parole de la police su&eacute;doise vendredi soir, &laquo;quatre personnes sont mortes et quinze ont &eacute;t&eacute; bless&eacute;es&raquo;.Quelques minutes apr&egrave;s le drame, le &laquo;vrai&raquo; chauffeur du camion a &eacute;t&eacute; retrouv&eacute; sain et sauf. &laquo;Il &eacute;tait en train de charger en centre-ville quand un ou plusieurs individus ont saut&eacute; sur le si&egrave;ge avant et d&eacute;marr&eacute; le v&eacute;hicule&raquo;, raconte le porte-parole de Spendrups, Marten Lyth.\n<\/p>\n<p>\n\tSur le coup de dix-sept heures, l&#39;acc&egrave;s au centre-ville de Stockholm &eacute;tait totalement ferm&eacute;. Des h&eacute;licopt&egrave;res tournaient dans le ciel. La surveillance autour de tous les lieux strat&eacute;giques du pays a &eacute;t&eacute; rehauss&eacute;e. Les contr&ocirc;les aux fronti&egrave;res ont &eacute;t&eacute; renforc&eacute;s. Une enqu&ecirc;te pr&eacute;liminaire a &eacute;t&eacute; ouverte pour &laquo;crime terroriste&raquo;.\n<\/p>\n<p>\n\tDeux hommes arr&ecirc;t&eacute;s\n<\/p>\n<p>\n\tEn d&eacute;but de soir&eacute;e, un homme a &eacute;t&eacute; arr&ecirc;t&eacute; dans la banlieue nord de Stockholm. Il a &eacute;t&eacute; plac&eacute; en garde &agrave; vue dans la nuit, soup&ccedil;onn&eacute; d&#39;&laquo;homicide &agrave; caract&egrave;re terroriste&raquo;, et serait le chauffeur du camion selon la police. D&#39;apr&egrave;s plusieurs m&eacute;dias su&eacute;dois, le suspect serait un Ouzbek de 39 ans, sympathisant de l&#39;organisation Etat islamique.\n<\/p>\n<p>\n\tPour l&#39;heure, la police n&#39;a toujours pas pr&eacute;cis&eacute; son identit&eacute; mais l&#39;homme correspondrait aux images diffus&eacute;es par les forces de l&#39;ordre quelques heures plus t&ocirc;t. Les services secrets avaient en effet publi&eacute; deux clich&eacute;s, pris par les cam&eacute;ras de surveillance, montrant un homme cach&eacute; sous une capuche noire, &agrave; proximit&eacute; des lieux de l&#39;attentat. Un autre homme a &eacute;t&eacute; arr&ecirc;t&eacute; &agrave; Hjulsta, un quartier populaire de la capitale, mais la police se refuse &agrave; confirmer un lien avec l&#39;attentat. Selon la presse, les deux hommes auraient une possible &laquo;connexion&raquo;.<\/p>\n","protected":false},"excerpt":{"rendered":"<p>Une attaque au camion-b&eacute;lier a fait quatre morts et quinze bless&eacute;s vendredi dans le centre de Stockholm. Un deuxi&egrave;me homme a &eacute;t&eacute; interpell&eacute; dans la soir&eacute;e mais la police se refuse &agrave; confirmer un lien avec l&#39;attentat. Le ou les terroristes n&#39;auraient pas pu mieux choisir leur moment. Vendredi apr&egrave;s-midi, il faisait beau &agrave; Stockholm, [&hellip;]<\/p>\n","protected":false},"author":2,"featured_media":6408,"comment_status":"open","ping_status":"open","sticky":false,"template":"","format":"standard","meta":{"_jetpack_memberships_contains_paid_content":false,"footnotes":"","jetpack_publicize_message":"","jetpack_publicize_feature_enabled":true,"jetpack_social_post_already_shared":true,"jetpack_social_options":{"image_generator_settings":{"template":"highway","default_image_id":0,"font":"","enabled":false},"version":2},"_wpas_customize_per_network":false},"categories":[405],"tags":[1526],"class_list":["post-6407","post","type-post","status-publish","format-standard","has-post-thumbnail","hentry","category-actu-france-monde","tag-attentat-en-suede"],"jetpack_publicize_connections":[],"jetpack_featured_media_url":"https:\/\/i0.wp.com\/www.iceagetv.com\/radiosite\/wp-content\/uploads\/2017\/04\/Attentat-en-Su%C3%A8de.jpg?fit=805%2C453&ssl=1","jetpack_sharing_enabled":true,"_links":{"self":[{"href":"https:\/\/www.iceagetv.com\/radiosite\/wp-json\/wp\/v2\/posts\/6407","targetHints":{"allow":["GET"]}}],"collection":[{"href":"https:\/\/www.iceagetv.com\/radiosite\/wp-json\/wp\/v2\/posts"}],"about":[{"href":"https:\/\/www.iceagetv.com\/radiosite\/wp-json\/wp\/v2\/types\/post"}],"author":[{"embeddable":true,"href":"https:\/\/www.iceagetv.com\/radiosite\/wp-json\/wp\/v2\/users\/2"}],"replies":[{"embeddable":true,"href":"https:\/\/www.iceagetv.com\/radiosite\/wp-json\/wp\/v2\/comments?post=6407"}],"version-history":[{"count":1,"href":"https:\/\/www.iceagetv.com\/radiosite\/wp-json\/wp\/v2\/posts\/6407\/revisions"}],"predecessor-version":[{"id":6409,"href":"https:\/\/www.iceagetv.com\/radiosite\/wp-json\/wp\/v2\/posts\/6407\/revisions\/6409"}],"wp:featuredmedia":[{"embeddable":true,"href":"https:\/\/www.iceagetv.com\/radiosite\/wp-json\/wp\/v2\/media\/6408"}],"wp:attachment":[{"href":"https:\/\/www.iceagetv.com\/radiosite\/wp-json\/wp\/v2\/media?parent=6407"}],"wp:term":[{"taxonomy":"category","embeddable":true,"href":"https:\/\/www.iceagetv.com\/radiosite\/wp-json\/wp\/v2\/categories?post=6407"},{"taxonomy":"post_tag","embeddable":true,"href":"https:\/\/www.iceagetv.com\/radiosite\/wp-json\/wp\/v2\/tags?post=6407"}],"curies":[{"name":"wp","href":"https:\/\/api.w.org\/{rel}","templated":true}]}}