{"id":6427,"date":"2017-04-11T16:25:25","date_gmt":"2017-04-11T16:25:25","guid":{"rendered":"http:\/\/www.iceagetv.com\/radiosite\/?p=6427"},"modified":"2017-04-11T16:25:25","modified_gmt":"2017-04-11T16:25:25","slug":"incendie-camp-de-grande-synthe-letat-a-recherche-dun-hebergement-durgence","status":"publish","type":"post","link":"https:\/\/www.iceagetv.com\/radiosite\/incendie-camp-de-grande-synthe-letat-a-recherche-dun-hebergement-durgence\/","title":{"rendered":"Incendie du camp de Grande-Synthe : l&rsquo;\u00c9tat \u00e0 la recherche d&rsquo;un h\u00e9bergement d&rsquo;urgence"},"content":{"rendered":"<p>\n\tD&eacute;truit en quasi-totalit&eacute; par les flammes, le camp ne sera pas reconstruit. Les membres du gouvernement, attendus sur place dans l&#39;apr&egrave;s-midi, doivent assister &agrave; une r&eacute;union pour trouver des solutions d&#39;accueil pour les 1500 migrants.\n<\/p>\n<p>\n\tLes ministres de l&#39;Int&eacute;rieur et du Logement, Matthias Fekl et Emmanuelle Cosse, se rendent aujourd&#39;hui en fin d&#39;apr&egrave;s-midi sur&nbsp;le camp de migrants de Grande-Synthe, d&eacute;truit en quasi-totalit&eacute; par un incendie dans la nuit de lundi &agrave; mardi &agrave; la suite &laquo;d&#39;affrontements entre r&eacute;sidents&raquo;.\n<\/p>\n<p>\n\t&laquo;Une r&eacute;union entre les services de l&#39;&Eacute;tat et la mairie s&#39;est tenue ce mardi matin &laquo;pour d&eacute;cider des dispositifs d&#39;urgence &agrave; mettre en oeuvre&raquo;. Les deux ministres &laquo;assurent que toutes les mesures de protection des populations sont mises en place&raquo; et &laquo;mobilisent les pr&eacute;fets pour ouvrir rapidement, en lien avec les &eacute;lus locaux, les places suppl&eacute;mentaires de centres d&#39;accueil et d&#39;orientation (CAO) n&eacute;cessaires&raquo;.\n<\/p>\n<p>\n\t&laquo;Trois unit&eacute;s de forces mobiles sont d&eacute;ploy&eacute;es en renfort dans la r&eacute;gion afin de pr&eacute;venir les troubles &agrave; l&#39;ordre public&raquo;, ont-ils &eacute;galement d&eacute;clar&eacute;, saluant &laquo;le travail men&eacute; cette nuit par les forces de s&eacute;curit&eacute; et les secours et leur mobilisation&raquo;.Mardi matin, le camp dit de La Lini&egrave;re, voulu par le maire &eacute;cologiste de la commune Damien Car&ecirc;me pour en finir avec le camp voisin du Basroch, a &eacute;t&eacute; d&eacute;truit. Seuls environ 70 chalets en bois &eacute;taient intacts sur les 300 que comptait ce site ouvert en mars 2016, et qui accueillait 1500 migrants, principalement des Kurdes irakiens. &laquo;La totalit&eacute; du camp a &eacute;t&eacute; &eacute;vacu&eacute;e dans la nuit&raquo;, a d&eacute;clar&eacute; le pr&eacute;fet du Nord Michel Lalande. &laquo;Trois gymnases ont &eacute;t&eacute; mobilis&eacute;s pour une mise &agrave; l&#39;abri. Pr&egrave;s de 500 migrants ont donc &eacute;t&eacute; h&eacute;berg&eacute;s la nuit derni&egrave;re&raquo;, a-t-il ajout&eacute; ce matin lors d&#39;une conf&eacute;rence de presse.Pour le pr&eacute;fet, la priorit&eacute; des autorit&eacute;s est de &laquo;mettre &agrave; l&#39;abri les migrants qui errent sur les grands axes routiers de cette r&eacute;gion en direction de Calais ou Paris&raquo; et de &laquo;consolider un accueil d&#39;urgence&raquo;. Il s&#39;agit, a-t-il dit &agrave; la presse, de &laquo;les rassurer et les conduire vers des lieux de r&eacute;pit&raquo;, d&#39;op&eacute;rer &laquo;une mise &agrave; l&#39;abri sur plusieurs jours qui ne p&eacute;nalise pas les habitants de cette ville&raquo;.\n<\/p>\n<p>\n\t&laquo;Nous travaillons d&eacute;j&agrave; avec les minist&egrave;res concern&eacute;s pour des d&eacute;parts de migrants vers les centres d&#39;accueil et d&#39;orientation (CAO) qui existent et que nous armerons en cons&eacute;quence&raquo;, a-t-il indiqu&eacute;. Plusieurs centaines de ces structures avaient &eacute;t&eacute; ouvertes pour accueillir les migrants de Calais.\n<\/p>\n<p>\n\t&laquo;Le peuple afghan insult&eacute;&raquo;\n<\/p>\n<p>\n\tUne rixe entre Afghans et Kurdes, qui a d&#39;abord fait dans l&#39;apr&egrave;s-midi six bless&eacute;s &agrave; l&#39;arme blanche, est &agrave; l&#39;origine de l&#39;incendie, a affirm&eacute; Michel Lalande. &laquo;Il a d&ucirc; y avoir des mises &agrave; feu volontaires en plusieurs endroits diff&eacute;rents, ce n&#39;est pas possible autrement. Il semble que ce soit li&eacute; &agrave; des rixes entre Irakiens et Afghans, c&#39;est l&#39;enqu&ecirc;te qui le dira&raquo;, a d&eacute;clar&eacute; de son c&ocirc;t&eacute; Olivier Caremelle, directeur de cabinet &agrave; la mairie.\n<\/p>\n<p>\n\t&laquo;Les Afghans &eacute;taient en train de jouer au foot, a racont&eacute; Emal, de nationalit&eacute; afghane. Le ballon a fini par toucher un Kurde, qui a insult&eacute; le peuple afghan. Les Afghans se sont attroup&eacute;s pour attraper le gars, qui a r&eacute;ussi &agrave; fuir et rameuter d&#39;autres gens. Du coup, on a dit qu&#39;on voulait discuter et s&#39;excuser, mais les Kurdes sont revenus avec des pistolets et des couteaux et on a vu qu&#39;ils n&#39;en avaient pas l&#39;intention&raquo;.Selon d&#39;autres t&eacute;moignages, la discorde serait venue de l&#39;augmentation du nombre d&#39;Afghans, arriv&eacute;s apr&egrave;s le d&eacute;mant&egrave;lement de la &laquo;Jungle&raquo; de Calais, &agrave; 40 kilom&egrave;tres de l&agrave;. Les Afghans &eacute;taient m&eacute;contents d&#39;&ecirc;tre parqu&eacute;s dans les cuisines collectives tandis que les Kurdes dormaient dans des chalets dont le nombre n&#39;a pas &eacute;t&eacute; accru. Les rixes entre migrants se sont poursuivies tard dans la nuit. &laquo;&Ccedil;a courait dans tous les sens, il y a eu des tabassages, deux migrants sont tomb&eacute;s dans le canal apr&egrave;s avoir &eacute;t&eacute; frapp&eacute;s&raquo;, raconte un b&eacute;n&eacute;vole &agrave;La Voix du Nord. Les deux compagnies de CRS qui tentaient de les faire cesser progressaient difficilement, parfois vis&eacute;es par des pierres.\n<\/p>\n<p>\n\t&laquo;&Agrave; ce que je peux voir par moi-m&ecirc;me, tout a br&ucirc;l&eacute;. Il reste une cuisine communautaire et le point d&#39;information. Mais il est impossible de parcourir tout le camp et donc de se faire une id&eacute;e vraiment pr&eacute;cise de l&#39;&eacute;tendue des d&eacute;g&acirc;ts&raquo;, a expliqu&eacute; Olivier Caremelle. De tr&egrave;s nombreux pompiers se pressaient autour du camp pour ma&icirc;triser le sinistre, toujours en cours et visible &agrave; plusieurs kilom&egrave;tres &agrave; la ronde. Au total, 21 personnes ont &eacute;t&eacute; bless&eacute;es et hospitalis&eacute;es, selon une source polici&egrave;re.\n<\/p>\n<p>\n\tUn camp dont la population avait grossi apr&egrave;s le d&eacute;mant&egrave;lement de Calais\n<\/p>\n<p>\n\tLors de l&#39;hiver 2016, la pr&eacute;fecture du Nord avait refus&eacute; de cautionner l&#39;ouverture du camp, invoquant des d&eacute;fauts de s&eacute;curit&eacute;, notamment en cas d&#39;incendie. La mairie de Grande-Synthe avait fait faire des travaux suppl&eacute;mentaires, et l&#39;&Eacute;tat avait finalement accept&eacute; de financer le fonctionnement de ce camp aux normes ambitieuses. Le sinistre de lundi n&#39;est &laquo;pas li&eacute;&raquo; &agrave; des failles de s&eacute;curit&eacute;, a n&eacute;anmoins insist&eacute; le directeur de cabinet du maire.\n<\/p>\n<p>\n\tIl y a moins d&#39;un mois, la convention renouvelant pour six mois le soutien de l&#39;&Eacute;tat avait &eacute;t&eacute; sign&eacute;e &agrave; Grande-Synthe par&nbsp;le maire Damien Car&ecirc;me&nbsp;(EELV) et la ministre du Logement Emmanuelle Cosse, avec pour ambition d&#39;am&eacute;liorer les conditions d&#39;accueil et de s&eacute;curit&eacute;. Entretemps, notamment du fait du d&eacute;mant&egrave;lement de la &laquo;Jungle&raquo; de Calais, la population du camp, qui &eacute;tait retomb&eacute;e &agrave; 700 de par la volont&eacute; de la municipalit&eacute;, avait &agrave; nouveau grossi. Tout en rappelant que le site n&#39;avait &laquo;pas vocation &agrave; rester d&eacute;finitivement&raquo;, la mairie se disait fi&egrave;re de ce &laquo;camp humanitaire dont la fonction premi&egrave;re est l&#39;hospitalit&eacute;&raquo;.\n<\/p>\n<p>\n\t&raquo; LIRE AUSSI &#8211;&nbsp;Destins de migrants apr&egrave;s Calais\n<\/p>\n<p>\n\tDamien Car&ecirc;me s&#39;est dit &laquo;particuli&egrave;rement affect&eacute; compte tenu des efforts d&eacute;ploy&eacute;s pour en arriver l&agrave;&raquo;, tout en affirmant qu&#39;il n&#39;avait &laquo;pas du tout&raquo; un sentiment d&#39;&eacute;chec. Il n&#39;y a &laquo;pas eu suffisamment de d&eacute;parts vers les CAO&raquo;, de sorte que des migrants, venus notamment de Calais, se sont install&eacute;s dans des lieux communautaires du camp comme les cuisines, engendrant une difficile cohabitation.\n<\/p>\n<p>\n\tSans surprise,&nbsp;Marine Le Pen a vu dans le drame &laquo;le signe du grand chaos migratoire&raquo;&nbsp;qui r&egrave;gnerait en France. &laquo;On ne fait pas de politicaillerie sur des faits divers qui auraient pu tourner tr&egrave;s tragiquement pour des vies humaines&raquo;, a r&eacute;pliqu&eacute; Richard Ferrand, au nom d&#39;En Marche!.<\/p>\n","protected":false},"excerpt":{"rendered":"<p>D&eacute;truit en quasi-totalit&eacute; par les flammes, le camp ne sera pas reconstruit. Les membres du gouvernement, attendus sur place dans l&#39;apr&egrave;s-midi, doivent assister &agrave; une r&eacute;union pour trouver des solutions d&#39;accueil pour les 1500 migrants. Les ministres de l&#39;Int&eacute;rieur et du Logement, Matthias Fekl et Emmanuelle Cosse, se rendent aujourd&#39;hui en fin d&#39;apr&egrave;s-midi sur&nbsp;le camp [&hellip;]<\/p>\n","protected":false},"author":2,"featured_media":6428,"comment_status":"open","ping_status":"open","sticky":false,"template":"","format":"standard","meta":{"_jetpack_memberships_contains_paid_content":false,"footnotes":"","jetpack_publicize_message":"","jetpack_publicize_feature_enabled":true,"jetpack_social_post_already_shared":true,"jetpack_social_options":{"image_generator_settings":{"template":"highway","default_image_id":0,"font":"","enabled":false},"version":2},"_wpas_customize_per_network":false},"categories":[405],"tags":[1530],"class_list":["post-6427","post","type-post","status-publish","format-standard","has-post-thumbnail","hentry","category-actu-france-monde","tag-incendie-du-camp-de-grande-synthe"],"jetpack_publicize_connections":[],"jetpack_featured_media_url":"https:\/\/i0.wp.com\/www.iceagetv.com\/radiosite\/wp-content\/uploads\/2017\/04\/Incendie-du-camp-de-Grande-Synthe.jpg?fit=805%2C453&ssl=1","jetpack_sharing_enabled":true,"_links":{"self":[{"href":"https:\/\/www.iceagetv.com\/radiosite\/wp-json\/wp\/v2\/posts\/6427","targetHints":{"allow":["GET"]}}],"collection":[{"href":"https:\/\/www.iceagetv.com\/radiosite\/wp-json\/wp\/v2\/posts"}],"about":[{"href":"https:\/\/www.iceagetv.com\/radiosite\/wp-json\/wp\/v2\/types\/post"}],"author":[{"embeddable":true,"href":"https:\/\/www.iceagetv.com\/radiosite\/wp-json\/wp\/v2\/users\/2"}],"replies":[{"embeddable":true,"href":"https:\/\/www.iceagetv.com\/radiosite\/wp-json\/wp\/v2\/comments?post=6427"}],"version-history":[{"count":1,"href":"https:\/\/www.iceagetv.com\/radiosite\/wp-json\/wp\/v2\/posts\/6427\/revisions"}],"predecessor-version":[{"id":6429,"href":"https:\/\/www.iceagetv.com\/radiosite\/wp-json\/wp\/v2\/posts\/6427\/revisions\/6429"}],"wp:featuredmedia":[{"embeddable":true,"href":"https:\/\/www.iceagetv.com\/radiosite\/wp-json\/wp\/v2\/media\/6428"}],"wp:attachment":[{"href":"https:\/\/www.iceagetv.com\/radiosite\/wp-json\/wp\/v2\/media?parent=6427"}],"wp:term":[{"taxonomy":"category","embeddable":true,"href":"https:\/\/www.iceagetv.com\/radiosite\/wp-json\/wp\/v2\/categories?post=6427"},{"taxonomy":"post_tag","embeddable":true,"href":"https:\/\/www.iceagetv.com\/radiosite\/wp-json\/wp\/v2\/tags?post=6427"}],"curies":[{"name":"wp","href":"https:\/\/api.w.org\/{rel}","templated":true}]}}