{"id":6483,"date":"2017-04-18T15:53:17","date_gmt":"2017-04-18T15:53:17","guid":{"rendered":"http:\/\/www.iceagetv.com\/radiosite\/?p=6483"},"modified":"2017-04-18T15:53:17","modified_gmt":"2017-04-18T15:53:17","slug":"attentat-dejoue-presidentielle-deux-hommes-arretes-a-marseille","status":"publish","type":"post","link":"https:\/\/www.iceagetv.com\/radiosite\/attentat-dejoue-presidentielle-deux-hommes-arretes-a-marseille\/","title":{"rendered":"Attentat d\u00e9jou\u00e9 avant la pr\u00e9sidentielle : deux hommes arr\u00eat\u00e9s \u00e0 Marseille"},"content":{"rendered":"<p>\n\tCes arrestations interviennent &agrave; 5 jours du premier tour de l&#39;&eacute;lection pr&eacute;sidentielle.\n<\/p>\n<p>\n\tDeux hommes de 23 et 29 ans ont &eacute;t&eacute; interpell&eacute;s ce mardi matin dans le centre-ville de Marseille (Bouches-du-Rh&ocirc;ne) par la Direction g&eacute;n&eacute;rale de la s&eacute;curit&eacute; int&eacute;rieure (DGSI). Ils sont soup&ccedil;onn&eacute;s d&#39;avoir projet&eacute; un attentat &laquo;imminent&raquo;, rapportent des sources proches de l&#39;enqu&ecirc;te. Ce projet d&#39;attaque avait un lien avec&nbsp;l&#39;&eacute;lection pr&eacute;sidentielle, dont le premier tour doit se d&eacute;rouler dans 5 jours. Fran&ccedil;ois Hollande salue le travail des services de renseignements apr&egrave;s ces deux interpellations.\n<\/p>\n<p>\n\tUn attentat imminent&nbsp;\n<\/p>\n<p>\n\tLes deux jeunes hommes &laquo;radicalis&eacute;s&raquo;, arr&ecirc;t&eacute;s mardi matin &agrave; Marseille par les services antiterroristes, avaient l&#39;intention de commettre un attentat &laquo;dans les tout prochains jours&raquo;, a d&eacute;clar&eacute; le ministre de l&#39;Int&eacute;rieur Matthias Fekl. &laquo;Les deux hommes radicalis&eacute;s, n&eacute;s respectivement en 1987 et 1993, de nationalit&eacute; fran&ccedil;aise, avaient l&#39;intention de commettre &agrave; tr&egrave;s court terme, c&#39;est-&agrave; dire dans les tout prochains jours, un attentat sur le sol fran&ccedil;ais&raquo;, a pr&eacute;cis&eacute; le ministre lors d&#39;un point presse, &agrave; cinq jours du premier tour de l&#39;&eacute;lection pr&eacute;sidentielle.\n<\/p>\n<p>\n\t&laquo;Tout ce que je peux dire, c&#39;est que nos services et nos policiers ont travaill&eacute; de mani&egrave;re remarquable nous permettant d&#39;arr&ecirc;ter deux personnes qui vont maintenant &ecirc;tre confront&eacute;es devant des juges et des policiers pour que nous sachions exactement quelles &eacute;taient leurs intentions. C&#39;est une prise remarquable&raquo;, a d&eacute;clar&eacute; Fran&ccedil;ois Hollande depuis Le Creusot.\n<\/p>\n<p>\n\tLes d&eacute;placements des candidats sous surveillance accrue\n<\/p>\n<p>\n\tVendredi dernier, les officiers de s&eacute;curit&eacute; de Fran&ccedil;ois Fillon, avaient &eacute;t&eacute; avertis de &laquo;risques av&eacute;r&eacute;s&raquo; sur le candidat de la droite &agrave; l&#39;&eacute;lection pr&eacute;sidentielle, selon des sources concordantes LR. Le minist&egrave;re de l&#39;Int&eacute;rieur &laquo;avait renforc&eacute; la s&eacute;curit&eacute; &agrave;&nbsp;Montpellier&raquo;, o&ugrave; le candidat tenait meeting vendredi, a-t-on pr&eacute;cis&eacute; de m&ecirc;me source, &eacute;voquant la pr&eacute;sence d&eacute;sormais de &laquo;tireurs d&#39;&eacute;lite&raquo; et de membres du Raid lors de ses r&eacute;unions publiques. On sait &eacute;galement qu&#39;en dehors de Fran&ccedil;ois Fillon plusieurs autres candidats &agrave; la pr&eacute;sidentielle ont &eacute;t&eacute; pr&eacute;venus d&egrave;s jeudi dernier. Des photos des suspects ont &eacute;t&eacute; distribu&eacute;es jeudi aux services de s&eacute;curit&eacute; de Marine Le Pen et Emmanuel Macron.&nbsp;\n<\/p>\n<p>\n\tLes deux hommes auraient voulu s&#39;en prendre &agrave; un candidat &agrave; l&#39;&eacute;lection pr&eacute;sidentielle. Les enqu&ecirc;teurs ont en effet intercept&eacute; le 12 avril sur internet, une vid&eacute;o o&ugrave; les deux suspects pr&ecirc;taient all&eacute;geance &agrave; Daech. On y verrait &eacute;galement la une d&#39;un journal fran&ccedil;ais consacr&eacute; aux &eacute;lections o&ugrave; appara&icirc;t la photo d&#39;un candidat. Selon nos informations il s&#39;agit de la Une du 12 avril de&nbsp;La Provence, sur laquelle on pouvait voir Fran&ccedil;ois Fillon, qui tenait ce soir l&agrave; un meeting au&nbsp;parc Chanot &agrave; Marseille.\n<\/p>\n<p>\n\tUne enqu&ecirc;te ouverte il y a quelques jours<br \/>\n\tLes deux hommes &eacute;taient fil&eacute;s depuis plusieurs jours dans le cadre de deux enqu&ecirc;tes distinctes. En effet, la DGSI a re&ccedil;u un renseignement le 5 avril informant que le premier des deux hommes, n&eacute; en juillet 1987, pourrait passer &agrave; l&#39;action. Cinq jours plus tard, le 10 avril, une enqu&ecirc;te pr&eacute;liminaire est ouverte et s&#39;attache &agrave; d&eacute;couvrir les intentions du deuxi&egrave;me homme, n&eacute; en juillet 1993. C&#39;est le 12 avril que les enqu&ecirc;teurs d&eacute;couvrent que les deux suspects sont li&eacute;s, &agrave; cette date, la DGSI a intercept&eacute; une photo montrant des armes. Les deux hommes se seraient rencontr&eacute;s en prison. Leur interpellation intervient dans le cadre d&#39;une enqu&ecirc;te en flagrance ouverte &agrave; Paris pour association de malfaiteurs terroriste criminelle et infraction &agrave; la l&eacute;gislation sur les armes en relation avec une entreprise terroriste.&nbsp;\n<\/p>\n<p>\n\tDeux suspects aux profils troublant\n<\/p>\n<p>\n\tD&#39;apr&egrave;s les informations du &laquo;Parisien&raquo;, le plus &acirc;g&eacute; des deux hommes &eacute;tait connu des services de police et de renseignement pour sa radicalisation. Il avait d&eacute;j&agrave; &eacute;t&eacute; condamn&eacute; pour des violences et des braquages. Ce suspect avait &eacute;t&eacute; perquisitionn&eacute; en d&eacute;cembre 2016 dans le cadre de l&#39;&eacute;tat d&#39;urgence et devait &ecirc;tre assign&eacute; &agrave; r&eacute;sidence. Mais il avait disparu. Le deuxi&egrave;me suspect utilisait sur les r&eacute;seaux sociaux un nom &agrave; consonance tch&eacute;tch&egrave;ne et &eacute;tait candidat au djihad.\n<\/p>\n<p>\n\tDes armes et des explosifs retrouv&eacute;s<br \/>\n\tToujours selon les informations du &laquo;Parisien&raquo;, lors des perquisitions de ce mardi matin, des armes et six pains d&#39;explosifs (TATP, de l&#39;explosif artisanal) ont &eacute;t&eacute; retrouv&eacute;s dans le logement lou&eacute; voil&agrave; quelques jours dans le IIIe arrondissement de Marseille. Des voisins ont &eacute;t&eacute; &eacute;vacu&eacute;s, les policiers &eacute;tant toujours &agrave; la recherche d&#39;&eacute;ventuels explosifs.&nbsp;<\/p>\n","protected":false},"excerpt":{"rendered":"<p>Ces arrestations interviennent &agrave; 5 jours du premier tour de l&#39;&eacute;lection pr&eacute;sidentielle. Deux hommes de 23 et 29 ans ont &eacute;t&eacute; interpell&eacute;s ce mardi matin dans le centre-ville de Marseille (Bouches-du-Rh&ocirc;ne) par la Direction g&eacute;n&eacute;rale de la s&eacute;curit&eacute; int&eacute;rieure (DGSI). Ils sont soup&ccedil;onn&eacute;s d&#39;avoir projet&eacute; un attentat &laquo;imminent&raquo;, rapportent des sources proches de l&#39;enqu&ecirc;te. Ce [&hellip;]<\/p>\n","protected":false},"author":2,"featured_media":6484,"comment_status":"open","ping_status":"open","sticky":false,"template":"","format":"standard","meta":{"_jetpack_memberships_contains_paid_content":false,"footnotes":"","jetpack_publicize_message":"","jetpack_publicize_feature_enabled":true,"jetpack_social_post_already_shared":true,"jetpack_social_options":{"image_generator_settings":{"template":"highway","default_image_id":0,"font":"","enabled":false},"version":2},"_wpas_customize_per_network":false},"categories":[405],"tags":[1545],"class_list":["post-6483","post","type-post","status-publish","format-standard","has-post-thumbnail","hentry","category-actu-france-monde","tag-attentat-dejoue-avant-la-presidentielle"],"jetpack_publicize_connections":[],"jetpack_featured_media_url":"https:\/\/i0.wp.com\/www.iceagetv.com\/radiosite\/wp-content\/uploads\/2017\/04\/Attentat-d%C3%A9jou%C3%A9-avant-la-pr%C3%A9sidentielle.jpg?fit=1000%2C625&ssl=1","jetpack_sharing_enabled":true,"_links":{"self":[{"href":"https:\/\/www.iceagetv.com\/radiosite\/wp-json\/wp\/v2\/posts\/6483","targetHints":{"allow":["GET"]}}],"collection":[{"href":"https:\/\/www.iceagetv.com\/radiosite\/wp-json\/wp\/v2\/posts"}],"about":[{"href":"https:\/\/www.iceagetv.com\/radiosite\/wp-json\/wp\/v2\/types\/post"}],"author":[{"embeddable":true,"href":"https:\/\/www.iceagetv.com\/radiosite\/wp-json\/wp\/v2\/users\/2"}],"replies":[{"embeddable":true,"href":"https:\/\/www.iceagetv.com\/radiosite\/wp-json\/wp\/v2\/comments?post=6483"}],"version-history":[{"count":1,"href":"https:\/\/www.iceagetv.com\/radiosite\/wp-json\/wp\/v2\/posts\/6483\/revisions"}],"predecessor-version":[{"id":6485,"href":"https:\/\/www.iceagetv.com\/radiosite\/wp-json\/wp\/v2\/posts\/6483\/revisions\/6485"}],"wp:featuredmedia":[{"embeddable":true,"href":"https:\/\/www.iceagetv.com\/radiosite\/wp-json\/wp\/v2\/media\/6484"}],"wp:attachment":[{"href":"https:\/\/www.iceagetv.com\/radiosite\/wp-json\/wp\/v2\/media?parent=6483"}],"wp:term":[{"taxonomy":"category","embeddable":true,"href":"https:\/\/www.iceagetv.com\/radiosite\/wp-json\/wp\/v2\/categories?post=6483"},{"taxonomy":"post_tag","embeddable":true,"href":"https:\/\/www.iceagetv.com\/radiosite\/wp-json\/wp\/v2\/tags?post=6483"}],"curies":[{"name":"wp","href":"https:\/\/api.w.org\/{rel}","templated":true}]}}