{"id":6489,"date":"2017-04-19T12:49:02","date_gmt":"2017-04-19T12:49:02","guid":{"rendered":"http:\/\/www.iceagetv.com\/radiosite\/?p=6489"},"modified":"2017-04-19T12:49:02","modified_gmt":"2017-04-19T12:49:02","slug":"election-presidentielle-juppe-fillon-deplacement-commun-unite-de-facade","status":"publish","type":"post","link":"https:\/\/www.iceagetv.com\/radiosite\/election-presidentielle-juppe-fillon-deplacement-commun-unite-de-facade\/","title":{"rendered":"Election pr\u00e9sidentielle : Jupp\u00e9 et Fillon en d\u00e9placement commun pour une unit\u00e9 de fa\u00e7ade"},"content":{"rendered":"<p>\n\t&nbsp;\n<\/p>\n<p>\n\tLes deux finalistes de la primaire de droite visitent les locaux de l&rsquo;entreprise Deezer mercredi matin. Mais les divisions sont encore profondes entre les deux hommes.\n<\/p>\n<p>\n\tPour la premi&egrave;re fois depuis le d&eacute;but des &laquo;&nbsp;affaires Fillon&nbsp;&raquo;, Alain Jupp&eacute; s&rsquo;affichera, mercredi 19&nbsp;avril, aux c&ocirc;t&eacute;s du candidat des R&eacute;publicains &agrave; l&rsquo;&eacute;lection pr&eacute;sidentielle. Tous deux doivent&nbsp;visiter&nbsp;le si&egrave;ge de la plate-forme de musique Deezer, &agrave;&nbsp;Paris, &agrave; 11 heures. Ils ne s&rsquo;&eacute;taient plus montr&eacute;s c&ocirc;te &agrave; c&ocirc;te depuis le 25&nbsp;janvier, date des premi&egrave;res r&eacute;v&eacute;lations du&nbsp;Canard encha&icirc;n&eacute;&nbsp;sur des soup&ccedil;ons d&rsquo;emplois fictifs entourant les activit&eacute;s de Penelope Fillon en tant qu&rsquo;attach&eacute;e parlementaire de son &eacute;poux. Mais le rabibochage affich&eacute; des deux finalistes de la primaire de droite &agrave; quatre jours du premier tour masque mal les divisions des deux hommes.\n<\/p>\n<p>\n\tLe 6&nbsp;mars, c&rsquo;est avec des mots tr&egrave;s durs qu&rsquo;Alain Jupp&eacute;&nbsp;avait d&eacute;nonc&eacute;&nbsp;&laquo;&nbsp;l&rsquo;obstination&nbsp;&raquo;&nbsp;de Fran&ccedil;ois Fillon dans cette campagne, quelques jours avant la mise en examen du candidat &agrave; la pr&eacute;sidentielle. La ligne de&nbsp;d&eacute;fense&nbsp;de M. Fillon l&rsquo;a conduit&nbsp;&laquo;&nbsp;dans une impasse&nbsp;&raquo;,&nbsp;avait rench&eacute;ri le maire de&nbsp;Bordeaux, qui avait &eacute;galement fustig&eacute; un&nbsp;&laquo;&nbsp;noyau de militant&nbsp;Les R&eacute;publicains&nbsp;[&hellip;] radicalis&eacute;&nbsp;&raquo;. La hache de guerre &eacute;tait d&eacute;terr&eacute;e entre les deux finalistes de la primaire, mais pas question pour Alain Jupp&eacute; de se&nbsp;pr&eacute;senter&nbsp;en rempla&ccedil;ant.&nbsp;&laquo;&nbsp;Pour moi, il est trop tard&nbsp;&raquo;,&nbsp;conc&eacute;dait-il.\n<\/p>\n<p>\n\tMeeting commun impossible\n<\/p>\n<p>\n\tDepuis, le maire de Bordeaux n&rsquo;avait plus pris la parole dans la campagne, jusqu&rsquo;au 7&nbsp;avril o&ugrave;, embo&icirc;tant le pas &agrave;&nbsp;Nicolas Sarkozy, il avait laconiquement&nbsp;&laquo;&nbsp;confirm&eacute; [s]on soutien&nbsp;&raquo;&nbsp;&agrave; un candidat&nbsp;&laquo;&nbsp;exp&eacute;riment&eacute;&nbsp;&raquo;&nbsp;pour un&nbsp;&laquo;&nbsp;monde&nbsp;[&hellip;] dans la tourmente&nbsp;&raquo;.\n<\/p>\n<p>\n\t&nbsp;\n<\/p>\n<p>\n\tPour&nbsp;afficher&nbsp;un camp rassembl&eacute;, Xavier Bertrand, pr&eacute;sident de la r&eacute;gion des Hauts-de-France, s&rsquo;&eacute;tait m&ecirc;me pris &agrave;&nbsp;appeler&nbsp;&agrave; un meeting commun de M. Fillon avec MM. Jupp&eacute; et Sarkozy. Un sc&eacute;nario devenu inenvisageable&nbsp;face aux risques que le maire de Bordeaux essuie les sifflets de militants.\n<\/p>\n<p>\n\tJupp&eacute; &laquo;&nbsp;dans l&rsquo;opposition&nbsp;&raquo; &agrave; Sens commun\n<\/p>\n<p>\n\tReste qu&rsquo;en coulisse les divisions sur le fond sont toujours grandes. Derni&egrave;re pomme de discorde : l&rsquo;annonce de Fran&ccedil;ois Fillon sur&nbsp;la place qu&rsquo;il est pr&ecirc;t &agrave; accorder &agrave; des membres de Sens commun, &eacute;manation de La Manif pour tous, dans son gouvernement. Selon&nbsp;Le Canard encha&icirc;n&eacute;&nbsp;dat&eacute; de mercredi,&nbsp;Alain Jupp&eacute; aurait d&eacute;clar&eacute; mardi &agrave; ses proches qu&rsquo;il ne soutiendrait pas un gouvernement &laquo;&nbsp;dont la ligne serait dict&eacute;e par Sens commun&nbsp;&raquo;. &laquo;&nbsp;C&rsquo;est simple, je serai dans l&rsquo;opposition&nbsp;&raquo;, aurait-il ajout&eacute;. Une ligne sur laquelle ses proches lieutenants se sont ouvertement align&eacute;s. Pour Dominique Bussereau, d&eacute;put&eacute; de la Charente-Maritime, la pr&eacute;sence du mouvement dans un gouvernement&nbsp;&laquo;&nbsp;serait une faute&nbsp;&raquo;, a-t-il pr&eacute;venu sur&nbsp;Twitter.\n<\/p>\n<p>\n\tSur France Inter mardi matin, Jean-Pierre Raffarin, soutien de M. Jupp&eacute; lors de la primaire, s&rsquo;est, lui, prudemment ralli&eacute; &agrave; cette position.&nbsp;&laquo;&nbsp;Je veille &agrave; ce que les principes r&eacute;publicains soient respect&eacute;s, c&rsquo;est pour &ccedil;a que, comme Alain Jupp&eacute;, je ne souhaiterais pas que Sens commun dicte sa ligne au gouvernement&nbsp;&raquo;, a d&eacute;clar&eacute; le s&eacute;nateur de la Vienne.\n<\/p>\n<p>\n\t&laquo;&nbsp;Je souhaite que personne ne dicte une ligne autre que celle du&nbsp;projet&nbsp;de Fran&ccedil;ois Fillon pour lequel je vote [&hellip;]&nbsp;pas plus les cathos ou les francs-ma&ccedil;ons.&nbsp;&raquo;\n<\/p>\n<p>\n\t&laquo;&nbsp;Pour Fran&ccedil;ois Fillon, c&rsquo;est son projet qui dictera la ligne&nbsp;politique&nbsp;de son gouvernement&nbsp;&raquo;, a-t-il ajout&eacute;, insistant toutefois sur le fait qu&rsquo;il ne souhaitait&nbsp;&laquo;&nbsp;diaboliser ni Sens commun ni les adversaires de Sens commun&nbsp;&raquo;.\n<\/p>\n<p>\n\t<br \/>\n\t&nbsp;<\/p>\n","protected":false},"excerpt":{"rendered":"<p>&nbsp; Les deux finalistes de la primaire de droite visitent les locaux de l&rsquo;entreprise Deezer mercredi matin. Mais les divisions sont encore profondes entre les deux hommes. Pour la premi&egrave;re fois depuis le d&eacute;but des &laquo;&nbsp;affaires Fillon&nbsp;&raquo;, Alain Jupp&eacute; s&rsquo;affichera, mercredi 19&nbsp;avril, aux c&ocirc;t&eacute;s du candidat des R&eacute;publicains &agrave; l&rsquo;&eacute;lection pr&eacute;sidentielle. Tous deux doivent&nbsp;visiter&nbsp;le si&egrave;ge [&hellip;]<\/p>\n","protected":false},"author":2,"featured_media":6490,"comment_status":"open","ping_status":"open","sticky":false,"template":"","format":"standard","meta":{"_jetpack_memberships_contains_paid_content":false,"footnotes":"","jetpack_publicize_message":"","jetpack_publicize_feature_enabled":true,"jetpack_social_post_already_shared":true,"jetpack_social_options":{"image_generator_settings":{"template":"highway","default_image_id":0,"font":"","enabled":false},"version":2},"_wpas_customize_per_network":false},"categories":[405],"tags":[1546],"class_list":["post-6489","post","type-post","status-publish","format-standard","has-post-thumbnail","hentry","category-actu-france-monde","tag-juppe-et-fillon"],"jetpack_publicize_connections":[],"jetpack_featured_media_url":"https:\/\/i0.wp.com\/www.iceagetv.com\/radiosite\/wp-content\/uploads\/2017\/04\/Jupp%C3%A9-et-Fillon.jpg?fit=534%2C356&ssl=1","jetpack_sharing_enabled":true,"_links":{"self":[{"href":"https:\/\/www.iceagetv.com\/radiosite\/wp-json\/wp\/v2\/posts\/6489","targetHints":{"allow":["GET"]}}],"collection":[{"href":"https:\/\/www.iceagetv.com\/radiosite\/wp-json\/wp\/v2\/posts"}],"about":[{"href":"https:\/\/www.iceagetv.com\/radiosite\/wp-json\/wp\/v2\/types\/post"}],"author":[{"embeddable":true,"href":"https:\/\/www.iceagetv.com\/radiosite\/wp-json\/wp\/v2\/users\/2"}],"replies":[{"embeddable":true,"href":"https:\/\/www.iceagetv.com\/radiosite\/wp-json\/wp\/v2\/comments?post=6489"}],"version-history":[{"count":1,"href":"https:\/\/www.iceagetv.com\/radiosite\/wp-json\/wp\/v2\/posts\/6489\/revisions"}],"predecessor-version":[{"id":6491,"href":"https:\/\/www.iceagetv.com\/radiosite\/wp-json\/wp\/v2\/posts\/6489\/revisions\/6491"}],"wp:featuredmedia":[{"embeddable":true,"href":"https:\/\/www.iceagetv.com\/radiosite\/wp-json\/wp\/v2\/media\/6490"}],"wp:attachment":[{"href":"https:\/\/www.iceagetv.com\/radiosite\/wp-json\/wp\/v2\/media?parent=6489"}],"wp:term":[{"taxonomy":"category","embeddable":true,"href":"https:\/\/www.iceagetv.com\/radiosite\/wp-json\/wp\/v2\/categories?post=6489"},{"taxonomy":"post_tag","embeddable":true,"href":"https:\/\/www.iceagetv.com\/radiosite\/wp-json\/wp\/v2\/tags?post=6489"}],"curies":[{"name":"wp","href":"https:\/\/api.w.org\/{rel}","templated":true}]}}