{"id":6572,"date":"2017-04-25T15:45:08","date_gmt":"2017-04-25T15:45:08","guid":{"rendered":"http:\/\/www.iceagetv.com\/radiosite\/?p=6572"},"modified":"2017-04-25T15:45:08","modified_gmt":"2017-04-25T15:45:08","slug":"souffre-haine-lhommage-vibrant-a-xavier-jugele-tue-champs-elysees","status":"publish","type":"post","link":"https:\/\/www.iceagetv.com\/radiosite\/souffre-haine-lhommage-vibrant-a-xavier-jugele-tue-champs-elysees\/","title":{"rendered":"Je souffre sans haine \u00bb : l\u2019hommage vibrant \u00e0 Xavier Jugel\u00e9, tu\u00e9 sur les Champs-Elys\u00e9es"},"content":{"rendered":"<p>\n\tUn hommage national &eacute;tait rendu, mardi 24&nbsp;avril, &agrave; Xavier Jugel&eacute;,&nbsp;policier tu&eacute; en exercice le 20&nbsp;avril au soir sur les Champs-Elys&eacute;es&nbsp;lors d&rsquo;une attaque terroriste. Son conjoint, Etienne Cardiles, a prononc&eacute; lors de cette c&eacute;r&eacute;monie un poignant discours, dans lequel il a salu&eacute; la m&eacute;moire de son compagnon, mais aussi rendu hommage &agrave; tous les policiers et gendarmes charg&eacute;s de la s&eacute;curit&eacute; de leurs concitoyens. Nous le reproduisons en int&eacute;gralit&eacute;.Xavier, jeudi matin, comme de coutume, je suis parti&nbsp;travailler&nbsp;et tu dormais encore. Nous avons &eacute;chang&eacute; au fil de la journ&eacute;e sur notre&nbsp;projet&nbsp;de vacances, dans un pays si lointain que tu m&rsquo;avais dit&nbsp;&ecirc;tre&nbsp;tr&egrave;s impatient&nbsp;[car]&nbsp;tu n&rsquo;avais jamais &eacute;t&eacute; aussi loin. Des d&eacute;tails de visas, nos pr&eacute;occupations d&rsquo;h&eacute;bergement envahissaient nos messages d&rsquo;une fr&eacute;n&eacute;sie d&rsquo;autant plus joyeuse que nos billets d&rsquo;avion &eacute;taient r&eacute;serv&eacute;s depuis mardi.\n<\/p>\n<p>\n\tTu as pris ton service &agrave; 14&nbsp;heures, dans cette tenue de maintien de l&rsquo;ordre dont tu prenais tant soin parce que ta pr&eacute;sentation devait &ecirc;tre irr&eacute;prochable. Tes camarades et toi aviez re&ccedil;u la mission de&nbsp;rejoindre&nbsp;le commissariat du 8e&nbsp;arrondissement o&ugrave;&nbsp;vous&nbsp;deviez, comme si souvent,&nbsp;assurer&nbsp;la s&eacute;curit&eacute; du public sur cette belle avenue des Champs-Elys&eacute;es. On t&rsquo;a d&eacute;sign&eacute; comme point de stationnement le 102, avenue des Champs-Elys&eacute;es, devant l&rsquo;Institut culturel de&nbsp;Turquie. Ce type de mission, je le sais, te plaisait, parce que c&rsquo;&eacute;taient les Champs et l&rsquo;image de la&nbsp;France, parce que c&rsquo;&eacute;tait aussi la&nbsp;culture&nbsp;que vous prot&eacute;giez.\n<\/p>\n<p>\n\tA cet instant, &agrave; cet endroit, le pire est arriv&eacute;, pour toi et tes camarades. Un de ces &eacute;v&eacute;nements que chacun redoute et dont tous esp&egrave;rent qu&rsquo;il n&rsquo;arrivera jamais. Tu as &eacute;t&eacute; emport&eacute; sur le coup et j&rsquo;en remercie ta bonne &eacute;toile. Tes camarades ont &eacute;t&eacute; bless&eacute;s, l&rsquo;un d&rsquo;eux gravement. Ils se remettent progressivement et nous en sommes soulag&eacute;s. Tous ont &eacute;t&eacute; choqu&eacute;s.\n<\/p>\n<p>\n\tJe suis rentr&eacute; le soir, sans toi, avec une douleur extr&ecirc;me et profonde qui s&rsquo;apaisera peut-&ecirc;tre un jour, je l&rsquo;ignore. Cette douleur m&rsquo;a donn&eacute; le sentiment d&rsquo;&ecirc;tre plus proche que jamais de tes camarades qui souffrent comme toi, silencieusement, comme moi, silencieusement. Et, pour ce qui me concerne, je souffre sans haine. J&rsquo;emprunte&nbsp;cette formule &agrave; Antoine Leiris&nbsp;[dont l&rsquo;&eacute;pouse, H&eacute;l&egrave;ne Muyal-Leiris, avait &eacute;t&eacute; tu&eacute;e au Bataclan le 13&nbsp;novembre 2015]&nbsp;dont l&rsquo;immense sagesse face &agrave; la douleur a tant fait mon admiration que j&rsquo;avais lu et relu ses lignes il y a quelques mois. C&rsquo;est une le&ccedil;on de vie qui m&rsquo;avait fait tant&nbsp;grandir&nbsp;qu&rsquo;elle me prot&egrave;ge aujourd&rsquo;hui.\n<\/p>\n<p>\n\tLorsque sont parus les premiers messages informant les Parisiens qu&rsquo;un &eacute;v&eacute;nement grave &eacute;tait en cours sur les Champs-Elys&eacute;es et qu&rsquo;un policier avait perdu la vie, une petite voix m&rsquo;a dit que c&rsquo;&eacute;tait toi, et elle m&rsquo;a rappel&eacute; cette formule g&eacute;n&eacute;reuse et gu&eacute;risseuse&nbsp;: &ldquo;Vous n&rsquo;aurez pas ma haine.&rdquo;&nbsp;Cette haine, Xavier, je ne l&rsquo;ai pas parce qu&rsquo;elle ne te ressemble pas, parce qu&rsquo;elle ne correspond en rien &agrave; ce qui faisait&nbsp;battre&nbsp;ton c&oelig;ur, ni &agrave; ce qui avait fait de toi un gendarme, puis un gardien de la paix. Parce que l&rsquo;int&eacute;r&ecirc;t g&eacute;n&eacute;ral, le service des autres et la protection de tous faisaient partie de ton &eacute;ducation et de tes convictions, et que la tol&eacute;rance, le dialogue et la temp&eacute;rance &eacute;taient tes meilleures armes. Parce que derri&egrave;re le policier, il y avait l&rsquo;homme et qu&rsquo;on ne devient policier ou gendarme que par choix. Le choix d&rsquo;aider les autres, de&nbsp;prot&eacute;ger&nbsp;la soci&eacute;t&eacute;, et de&nbsp;lutter&nbsp;contre les injustices. Cette mission noble, que la&nbsp;police&nbsp;et la gendarmerie assurent, et qui sont r&eacute;guli&egrave;rement mises &agrave; mal.\n<\/p>\n<p>\n\tMoi, en tant que citoyen, avant m&ecirc;me de te&nbsp;conna&icirc;tre, je l&rsquo;admirais d&eacute;j&agrave;. Cette profession de policier est la seule &agrave; laquelle la D&eacute;claration des droits de l&rsquo;homme et du citoyen fasse allusion. Dans son article&nbsp;12, elle &eacute;dicte cette &eacute;vidence&nbsp;: &ldquo;La garantie des droits de l&rsquo;homme et du citoyen n&eacute;cessite une force publique&rdquo;, avec une pr&eacute;cision utile en cette p&eacute;riode politiquement importante&nbsp;: &ldquo;Cette force est institu&eacute;e pour l&rsquo;avantage de tous, et non pour l&rsquo;utilit&eacute; particuli&egrave;re de ceux auxquels elle est confi&eacute;e.&rdquo;&nbsp;C&rsquo;&eacute;tait la vision que nous partagions de cette profession, mais une facette seulement de l&rsquo;homme que tu &eacute;tais.\n<\/p>\n<p>\n\tL&rsquo;autre facette de l&rsquo;homme &eacute;tait un&nbsp;monde&nbsp;de culture et de joie, o&ugrave; le cin&eacute;ma et la musique prenaient une immense part. Cinq s&eacute;ances de&nbsp;cin&eacute;ma&nbsp;dans une magnifique journ&eacute;e ensoleill&eacute;e d&rsquo;ao&ucirc;t ne te faisaient pas peur. Et bien entendu, les versions originales &eacute;taient privil&eacute;gi&eacute;es pour le puriste que tu &eacute;tais et pour cette langue, l&rsquo;anglais, que tu voulais&nbsp;parler&nbsp;&agrave; la perfection. Tu encha&icirc;nais les concerts, suivant parfois les artistes sur une tourn&eacute;e compl&egrave;te. C&eacute;line Dion &eacute;tait ton &eacute;toile, Zazie, Madonna ou Britney Spears et tant d&rsquo;autres faisaient&nbsp;vibrer&nbsp;nos fen&ecirc;tres. Le th&eacute;&acirc;tre te transportait et tu le vivais pleinement. Aucune exp&eacute;rience culturelle ne te faisait&nbsp;reculer. Le pire des films &eacute;tait vu le jour de sa sortie, jusqu&rsquo;au bout, quelle que soit sa qualit&eacute;. Une vie de joie et d&rsquo;immenses sourires o&ugrave; l&rsquo;amour&nbsp;et la tol&eacute;rance r&eacute;gnaient en ma&icirc;tres incontest&eacute;s. Cette vie de star, tu la quittes comme une star.\n<\/p>\n<p>\n\tJe voudrais&nbsp;dire&nbsp;&agrave; tous tes camarades combien je suis proche d&rsquo;eux. Je voudrais dire &agrave; ta hi&eacute;rarchie polici&egrave;re combien j&rsquo;ai vu la sinc&eacute;rit&eacute; dans ses yeux et l&rsquo;humanit&eacute; dans ses gestes. Je voudrais dire &agrave; tous ceux qui luttent pour&nbsp;&eacute;viter&nbsp;que cela se produise, que ces &eacute;v&eacute;nements se produisent, que je connais leur culpabilit&eacute; et leur sentiment d&rsquo;&eacute;chec, et qu&rsquo;ils doivent&nbsp;continuer&nbsp;&agrave; lutter pour la paix. Je voudrais dire &agrave; tous ceux qui nous ont t&eacute;moign&eacute; leur affection, &agrave; ses parents et &agrave; moi, que nous y avons &eacute;t&eacute; profond&eacute;ment sensibles. Je voudrais dire &agrave; ta&nbsp;famille&nbsp;que nous sommes unis. Et &agrave; tous les plus proches qui ont &eacute;t&eacute; si soucieux de moi, qui ont &eacute;t&eacute; si soucieux de nous, qu&rsquo;ils sont magnifiquement dignes de toi.\n<\/p>\n<p>\n\tA toi, je voudrais te dire que tu vas&nbsp;rester&nbsp;dans mon c&oelig;ur pour toujours. Je t&rsquo;aime. Restons tous dignes et veillons &agrave; la paix. Et gardons la paix.&nbsp;&raquo;\n<\/p>\n<p>\n\t<br \/>\n\t&nbsp;<\/p>\n","protected":false},"excerpt":{"rendered":"<p>Un hommage national &eacute;tait rendu, mardi 24&nbsp;avril, &agrave; Xavier Jugel&eacute;,&nbsp;policier tu&eacute; en exercice le 20&nbsp;avril au soir sur les Champs-Elys&eacute;es&nbsp;lors d&rsquo;une attaque terroriste. Son conjoint, Etienne Cardiles, a prononc&eacute; lors de cette c&eacute;r&eacute;monie un poignant discours, dans lequel il a salu&eacute; la m&eacute;moire de son compagnon, mais aussi rendu hommage &agrave; tous les policiers et [&hellip;]<\/p>\n","protected":false},"author":2,"featured_media":0,"comment_status":"open","ping_status":"open","sticky":false,"template":"","format":"standard","meta":{"_jetpack_memberships_contains_paid_content":false,"footnotes":"","jetpack_publicize_message":"","jetpack_publicize_feature_enabled":true,"jetpack_social_post_already_shared":true,"jetpack_social_options":{"image_generator_settings":{"template":"highway","default_image_id":0,"font":"","enabled":false},"version":2},"_wpas_customize_per_network":false},"categories":[405],"tags":[1557],"class_list":["post-6572","post","type-post","status-publish","format-standard","hentry","category-actu-france-monde","tag-xavier-jugele"],"jetpack_publicize_connections":[],"jetpack_featured_media_url":"","jetpack_sharing_enabled":true,"_links":{"self":[{"href":"https:\/\/www.iceagetv.com\/radiosite\/wp-json\/wp\/v2\/posts\/6572","targetHints":{"allow":["GET"]}}],"collection":[{"href":"https:\/\/www.iceagetv.com\/radiosite\/wp-json\/wp\/v2\/posts"}],"about":[{"href":"https:\/\/www.iceagetv.com\/radiosite\/wp-json\/wp\/v2\/types\/post"}],"author":[{"embeddable":true,"href":"https:\/\/www.iceagetv.com\/radiosite\/wp-json\/wp\/v2\/users\/2"}],"replies":[{"embeddable":true,"href":"https:\/\/www.iceagetv.com\/radiosite\/wp-json\/wp\/v2\/comments?post=6572"}],"version-history":[{"count":1,"href":"https:\/\/www.iceagetv.com\/radiosite\/wp-json\/wp\/v2\/posts\/6572\/revisions"}],"predecessor-version":[{"id":6573,"href":"https:\/\/www.iceagetv.com\/radiosite\/wp-json\/wp\/v2\/posts\/6572\/revisions\/6573"}],"wp:attachment":[{"href":"https:\/\/www.iceagetv.com\/radiosite\/wp-json\/wp\/v2\/media?parent=6572"}],"wp:term":[{"taxonomy":"category","embeddable":true,"href":"https:\/\/www.iceagetv.com\/radiosite\/wp-json\/wp\/v2\/categories?post=6572"},{"taxonomy":"post_tag","embeddable":true,"href":"https:\/\/www.iceagetv.com\/radiosite\/wp-json\/wp\/v2\/tags?post=6572"}],"curies":[{"name":"wp","href":"https:\/\/api.w.org\/{rel}","templated":true}]}}