{"id":6588,"date":"2017-04-28T08:18:08","date_gmt":"2017-04-28T08:18:08","guid":{"rendered":"http:\/\/www.iceagetv.com\/radiosite\/?p=6588"},"modified":"2017-04-28T08:18:08","modified_gmt":"2017-04-28T08:18:08","slug":"presidentielle-steeve-briois-remplace-jean-francois-jalkh-a-presidence-front-national","status":"publish","type":"post","link":"https:\/\/www.iceagetv.com\/radiosite\/presidentielle-steeve-briois-remplace-jean-francois-jalkh-a-presidence-front-national\/","title":{"rendered":"Pr\u00e9sidentielle : Steeve Briois remplace Jean-Fran\u00e7ois Jalkh \u00e0 la pr\u00e9sidence du Front national"},"content":{"rendered":"<p>\n\tChangement &agrave; la t&ecirc;te du FN, en pleine&nbsp;campagne de l&#39;entre-deux-tours. Louis Aliot, vice-pr&eacute;sident du Front national, a annonc&eacute; vendredi 28 avril sur RMC et BFM TV que&nbsp;Steeve Briois&nbsp;assumerait d&eacute;sormais la pr&eacute;sidence par int&eacute;rim du parti en raison de&nbsp;la pol&eacute;mique visant Jean-Fran&ccedil;ois Jalkh, jusqu&#39;ici titulaire du poste. Louis Aliot a expliqu&eacute; que Jean-Fran&ccedil;ois Jalkh avait d&eacute;clin&eacute; sa mission pour pouvoir&nbsp;&quot;se d&eacute;fendre&quot;. Il avait &eacute;t&eacute; nomm&eacute; &agrave; la t&ecirc;te du parti au d&eacute;but de la semaine apr&egrave;s que Marine Le Pen eut annonc&eacute;&nbsp;son retrait de la pr&eacute;sidence&nbsp;en vue du second tour de la pr&eacute;sidentielle qui l&#39;opposera le 7 mai &agrave;&nbsp;Emmanuel Macron.\n<\/p>\n<p>\n\t&nbsp;Jos&eacute; Bov&eacute; appelle &agrave; voter &quot;sans aucune retenue&quot; pour Emmanuel Macron.&nbsp;Dans une tribune publi&eacute;e vendredi 28 avril dans le journal&nbsp;Lib&eacute;ration, le d&eacute;put&eacute; europ&eacute;en altermondialiste Jos&eacute; Bov&eacute; d&eacute;plore qu&#39;aujourd&#39;hui le &quot;ni-ni&quot; soit devenu &quot;tendance, voire r&eacute;volutionnaire, &eacute;cologiste, altermondialiste, insoumis&#8230;&quot;\n<\/p>\n<p>\n\t&nbsp;Jean-Luc M&eacute;lenchon va sortir de son silence.&nbsp;Le candidat de la France insoumise doit s&rsquo;exprimer, vendredi 28 avril, pour la premi&egrave;re fois depuis le premier tour de l&#39;&eacute;lection pr&eacute;sidentielle dimanche soir.&nbsp;Lui&nbsp;et son mouvement sont d&eacute;sormais consid&eacute;r&eacute;s comme les mieux plac&eacute;s &quot;pour incarner la gauche&quot;, selon un sondage Odoxa pour franceinfo, publi&eacute; vendredi 28 avril.\n<\/p>\n<p>\n\t&nbsp;Un 1er mai en ordre dispers&eacute; face au FN.&nbsp;Oubli&eacute;e l&#39;union syndicale de 2002 pour&nbsp;&quot;faire barrage &agrave; l&#39;extr&ecirc;me droite&quot;&nbsp;au second tour : les syndicats, tr&egrave;s divis&eacute;s sur les consignes de vote et le mot d&#39;ordre de la mobilisation, vont manifester en ordre dispers&eacute; le 1er mai.09h22&nbsp;:&nbsp;&quot;A titre personnel, je voterai Emmanuel Macron. (&#8230;) Je suis tr&egrave;s inqui&egrave;te pour la suite. Ce n&#39;est pas un vote d&#39;adh&eacute;sion, ce n&#39;est pas un ralliement. Aujourd&#39;hui, on n&#39;a pas d&#39;autres choix. C&#39;est l&#39;honneur de notre famille politique.&quot;\n<\/p>\n<p>\n\t<br \/>\n\tRachida Dati a estim&eacute; que&nbsp;&quot;l&#39;ADN&quot;&nbsp;de son parti &eacute;tait de faire barrage &agrave; Marine Le Pen. L&#39;eurod&eacute;put&eacute;e Les R&eacute;publicains &eacute;tait l&#39;invit&eacute;e de franceinfo ce matin.\n<\/p>\n<p>\n\t09h09&nbsp;: Quelles sont les informations &agrave; retenir &agrave; 9 heures ?<\/p>\n<p>\t&bull; Le maire d&#39;H&eacute;nin-Beaumont Steeve Briois remplace Jean-Fran&ccedil;ois Jalkh &agrave; la pr&eacute;sidence par int&eacute;rim du Front national. Suivez notre direct.<\/p>\n<p>\t&bull; Marine Le Pen &eacute;tait l&#39;invit&eacute;e de France 3 et France Bleu pour parler des enjeux r&eacute;gionaux. La candidate du FN a dit vouloir lancer &quot;la r&eacute;volution de la proximit&eacute;&quot;.&nbsp;Revivez son intervention.<\/p>\n<p>\t&bull; Emmanuel Macron a lanc&eacute; un appel aux &eacute;lecteurs, hier soir&nbsp;sur TF1.&nbsp;&quot;Ne pas se positionner, c&#39;est d&eacute;cider d&#39;aider madame Le Pen&quot;, a d&eacute;clar&eacute; le candidat &agrave; la pr&eacute;sidentielle.<\/p>\n<p>\n\t&bull; L&#39;Allemagne a&nbsp;adopt&eacute; une loi&nbsp;interdisant partiellement le port du voile, notamment pour les fonctionnaires. Les d&eacute;put&eacute;s ont &eacute;galement vot&eacute; une s&eacute;rie de mesures destin&eacute;es &agrave; mieux lutter contre les attentats.\n<\/p>\n<p>\n\t09h05&nbsp;: Accus&eacute; d&#39;avoir tenu des propos n&eacute;gationnistes en 2000,&nbsp;Jean-Fran&ccedil;ois Jalkh&nbsp;est remplac&eacute; &agrave; la t&ecirc;te du FN par Steve Briois. Son d&eacute;part a &eacute;t&eacute; annonc&eacute; par Louis Aliot sur BFMTV. Jean-Fran&ccedil;ois Jalkh avait &eacute;t&eacute; nomm&eacute; pr&eacute;sident par int&eacute;rim lundi.\n<\/p>\n<p>\n\t09h02&nbsp;:&nbsp;Le maire d&#39;H&eacute;nin-Beaumont Steeve Briois remplace Jean-Fran&ccedil;ois Jalkh &agrave; la pr&eacute;sidence par int&eacute;rim du Front national.\n<\/p>\n<p>\n\t08h38&nbsp;: Voici des photos des affrontements qui ont &eacute;clat&eacute; cette nuit &agrave; Bordeaux, en marge d&#39;une manifestation de 300 personnes r&eacute;clamant&nbsp;&quot;ni Marine, ni Macron&quot;.<\/p>\n","protected":false},"excerpt":{"rendered":"<p>Changement &agrave; la t&ecirc;te du FN, en pleine&nbsp;campagne de l&#39;entre-deux-tours. Louis Aliot, vice-pr&eacute;sident du Front national, a annonc&eacute; vendredi 28 avril sur RMC et BFM TV que&nbsp;Steeve Briois&nbsp;assumerait d&eacute;sormais la pr&eacute;sidence par int&eacute;rim du parti en raison de&nbsp;la pol&eacute;mique visant Jean-Fran&ccedil;ois Jalkh, jusqu&#39;ici titulaire du poste. Louis Aliot a expliqu&eacute; que Jean-Fran&ccedil;ois Jalkh avait d&eacute;clin&eacute; [&hellip;]<\/p>\n","protected":false},"author":2,"featured_media":6589,"comment_status":"open","ping_status":"open","sticky":false,"template":"","format":"standard","meta":{"_jetpack_memberships_contains_paid_content":false,"footnotes":"","jetpack_publicize_message":"","jetpack_publicize_feature_enabled":true,"jetpack_social_post_already_shared":true,"jetpack_social_options":{"image_generator_settings":{"template":"highway","default_image_id":0,"font":"","enabled":false},"version":2},"_wpas_customize_per_network":false},"categories":[405],"tags":[1561],"class_list":["post-6588","post","type-post","status-publish","format-standard","has-post-thumbnail","hentry","category-actu-france-monde","tag-steeve-briois"],"jetpack_publicize_connections":[],"jetpack_featured_media_url":"https:\/\/i0.wp.com\/www.iceagetv.com\/radiosite\/wp-content\/uploads\/2017\/04\/Steeve-Briois.jpg?fit=770%2C433&ssl=1","jetpack_sharing_enabled":true,"_links":{"self":[{"href":"https:\/\/www.iceagetv.com\/radiosite\/wp-json\/wp\/v2\/posts\/6588","targetHints":{"allow":["GET"]}}],"collection":[{"href":"https:\/\/www.iceagetv.com\/radiosite\/wp-json\/wp\/v2\/posts"}],"about":[{"href":"https:\/\/www.iceagetv.com\/radiosite\/wp-json\/wp\/v2\/types\/post"}],"author":[{"embeddable":true,"href":"https:\/\/www.iceagetv.com\/radiosite\/wp-json\/wp\/v2\/users\/2"}],"replies":[{"embeddable":true,"href":"https:\/\/www.iceagetv.com\/radiosite\/wp-json\/wp\/v2\/comments?post=6588"}],"version-history":[{"count":1,"href":"https:\/\/www.iceagetv.com\/radiosite\/wp-json\/wp\/v2\/posts\/6588\/revisions"}],"predecessor-version":[{"id":6590,"href":"https:\/\/www.iceagetv.com\/radiosite\/wp-json\/wp\/v2\/posts\/6588\/revisions\/6590"}],"wp:featuredmedia":[{"embeddable":true,"href":"https:\/\/www.iceagetv.com\/radiosite\/wp-json\/wp\/v2\/media\/6589"}],"wp:attachment":[{"href":"https:\/\/www.iceagetv.com\/radiosite\/wp-json\/wp\/v2\/media?parent=6588"}],"wp:term":[{"taxonomy":"category","embeddable":true,"href":"https:\/\/www.iceagetv.com\/radiosite\/wp-json\/wp\/v2\/categories?post=6588"},{"taxonomy":"post_tag","embeddable":true,"href":"https:\/\/www.iceagetv.com\/radiosite\/wp-json\/wp\/v2\/tags?post=6588"}],"curies":[{"name":"wp","href":"https:\/\/api.w.org\/{rel}","templated":true}]}}