{"id":6621,"date":"2017-05-10T11:37:01","date_gmt":"2017-05-10T11:37:01","guid":{"rendered":"http:\/\/www.iceagetv.com\/radiosite\/?p=6621"},"modified":"2017-05-10T11:37:01","modified_gmt":"2017-05-10T11:37:01","slug":"valls-defere-devant-commission-conflits-ps-vue-dune-eventuelle-exclusion","status":"publish","type":"post","link":"https:\/\/www.iceagetv.com\/radiosite\/valls-defere-devant-commission-conflits-ps-vue-dune-eventuelle-exclusion\/","title":{"rendered":"Valls d\u00e9f\u00e9r\u00e9 devant la commission des conflits du PS en vue d\u2019une \u00e9ventuelle exclusion"},"content":{"rendered":"<p>\n\tJean-Paul Delevoye, pr&eacute;sident de la commission d&rsquo;investitures de La R&eacute;publique en marche, a par ailleurs fait savoir qu&rsquo;&laquo; &agrave; ce jour&nbsp;&raquo;, M. Valls n&rsquo;&eacute;tait &laquo;&nbsp;pas dans les crit&egrave;res d&rsquo;acceptation de sa demande d&rsquo;investiture &raquo;.\n<\/p>\n<p>\n\tLe premier secr&eacute;taire du&nbsp;Parti socialiste, Jean-Christophe Cambad&eacute;lis, a d&eacute;clar&eacute;, mercredi 10 mai sur BeurFM, qu&rsquo;une proc&eacute;dure a &eacute;t&eacute; lanc&eacute;e &agrave; l&rsquo;encontre de&nbsp;Manuel Valls&nbsp;afin de&nbsp;d&eacute;cider&nbsp;de son &eacute;ventuelle&nbsp;exclusion&nbsp;apr&egrave;s que ce dernier a annonc&eacute; qu&rsquo;il voulait&nbsp;&ecirc;tre&nbsp;&laquo; candidat de la majorit&eacute; pr&eacute;sidentielle &raquo;,&nbsp;sous l&rsquo;&eacute;tiquette de La R&eacute;publique en marche.\n<\/p>\n<p>\n\t&laquo; Une proc&eacute;dure est en cours. Manuel Valls est d&eacute;ferr&eacute; devant la commission des conflits &raquo;, a d&eacute;clar&eacute; le patron du PS.&nbsp;&laquo; Au Parti socialiste, ce n&rsquo;est pas comme au&nbsp;Front national, &agrave; En Marche ! ou &agrave; La&nbsp;France&nbsp;insoumise : ce n&rsquo;est pas le chef qui d&eacute;cide d&rsquo;exclure. Il y a des proc&eacute;dures &raquo;, a-t-il ajout&eacute;.\n<\/p>\n<p>\n\tMardi, M. cambad&eacute;lis avait estim&eacute; qu&rsquo;il serait&nbsp;&laquo; impossible &raquo;&nbsp;&agrave; l&rsquo;ancien chef du gouvernement d&rsquo;avoir &agrave; la fois sa carte d&rsquo;adh&eacute;rent au PS et de&nbsp;briguer&nbsp;l&rsquo;investiture de La R&eacute;publique en marche.\n<\/p>\n<p>\n\t&laquo;&nbsp;Il n&rsquo;est pas forc&eacute;ment opportun pour le mouvement En Marche ! d&rsquo;int&eacute;grer cette candidature&nbsp;&raquo;\n<\/p>\n<p>\n\tMercredi matin, Jean-Paul Delevoye, pr&eacute;sident de la commission d&rsquo;investitures de La R&eacute;publique en marche, a toutefois d&eacute;clar&eacute; que Manuel Valls ne remplit pas&nbsp;&laquo;&nbsp;&agrave; ce jour&nbsp;&raquo;&nbsp;les conditions d&rsquo;une investiture pour les l&eacute;gislatives.\n<\/p>\n<p>\n\t&laquo;&nbsp;A ce jour, il n&rsquo;est pas dans les crit&egrave;res d&rsquo;acceptation de sa demande d&rsquo;investiture&nbsp;&raquo;, a d&eacute;clar&eacute; M. Delevoye sur&nbsp;Europe&nbsp;1.&nbsp;&laquo;&nbsp;Et donc, dans ce cas tr&egrave;s pr&eacute;cis, la commission nationale d&rsquo;investiture ne peut pas&nbsp;analyser&nbsp;la candidature de M. Valls&nbsp;&raquo;, a-t-il ajout&eacute;, pr&eacute;cisant qu&rsquo;il y aurait&nbsp;&laquo;&nbsp;aussi la lecture&nbsp;politique&nbsp;&raquo;.\n<\/p>\n<p>\n\t&laquo;&nbsp;Nous voyons bien, aujourd&rsquo;hui, qu&rsquo;il n&rsquo;est pas forc&eacute;ment opportun pour le mouvement En Marche&nbsp;! d&rsquo;int&eacute;grer cette candidature. Et en m&ecirc;me temps, il faut analyser la parole d&rsquo;un premier ministre&nbsp;&raquo;, a encore dit Jean-Paul Delevoye alors m&ecirc;me que Manuel Valls est en rupture avec sa&nbsp;famille&nbsp;politique.\n<\/p>\n<p>\n\t&laquo;&nbsp;Nous avions pr&eacute;d&eacute;termin&eacute; un candidat sur la circonscription de l&rsquo;Essonne&nbsp;&raquo;, a rappel&eacute; M.&nbsp;Delevoye qui explique que l&rsquo;ancien premier ministre n&rsquo;est pas&nbsp;&laquo;&nbsp;adh&eacute;rent&nbsp;&raquo;&nbsp;du mouvement.&nbsp;&laquo;&nbsp;Nous n&rsquo;avons pas vocation &agrave; recycler&nbsp;&raquo;&nbsp;les politiques sortants, a-t-il ajout&eacute;.\n<\/p>\n<p>\n\t&nbsp;\n<\/p>\n<p>\n\tMardi, Manuel Valls avait annonc&eacute; qu&rsquo;il serait&nbsp;&laquo;&nbsp;candidat de la majorit&eacute; pr&eacute;sidentielle&nbsp;&raquo;,&nbsp;lors des &eacute;lections l&eacute;gislatives &agrave; Evry (Essonne), et qu&rsquo;il souhaitait s&rsquo;inscrire dans le mouvement&nbsp;La R&eacute;publique en marche, le nouveau nom du mouvement&nbsp;d&rsquo;Emmanuel Macron.\n<\/p>\n<p>\n\tLes portes-parole du mouvement du pr&eacute;sident de la R&eacute;publique avaient r&eacute;pondu que l&rsquo;ancien premier ministre ne b&eacute;n&eacute;ficierait pas de traitement de faveur. Jean-Paul Delevoye avait signal&eacute; sur BFM-TV que la candidature de M. Valls serait&nbsp;&laquo;&nbsp;analys&eacute;e&nbsp;&raquo;&nbsp;:&nbsp;&laquo;&nbsp;Nous allons&nbsp;v&eacute;rifier&nbsp;s&rsquo;il s&rsquo;est inscrit &agrave; En marche&nbsp;!, s&rsquo;il a d&eacute;pos&eacute; sa candidature ou non.&nbsp;&raquo;\n<\/p>\n<p>\n\tYannick Jadot (EELV) a estim&eacute; mercredi que Manuel Valls avait du&nbsp;&laquo; courage politique &raquo;&nbsp;apr&egrave;s sa d&eacute;cision de de se&nbsp;pr&eacute;senter&nbsp;aux l&eacute;gislatives sous la banni&egrave;re La R&eacute;publique en marche et d&eacute;clar&eacute; qu&rsquo;il serait&nbsp;&laquo; logique &raquo;&nbsp;qu&rsquo;il quitte le PS.\n<\/p>\n<p>\n\t&laquo; La suite, c&rsquo;est de&nbsp;poursuivre&nbsp;le&nbsp;travail&nbsp;r&eacute;alis&eacute; durant le quinquennat avec Macron, il (Valls) va au bout de ses&nbsp;id&eacute;es, il n&rsquo;est plus d&rsquo;accord avec le PS, il s&rsquo;en va, il est d&rsquo;accord avec Macron, il le rejoint, c&rsquo;est normal. &raquo;\n<\/p>\n<p>\n\t&nbsp;<\/p>\n","protected":false},"excerpt":{"rendered":"<p>Jean-Paul Delevoye, pr&eacute;sident de la commission d&rsquo;investitures de La R&eacute;publique en marche, a par ailleurs fait savoir qu&rsquo;&laquo; &agrave; ce jour&nbsp;&raquo;, M. Valls n&rsquo;&eacute;tait &laquo;&nbsp;pas dans les crit&egrave;res d&rsquo;acceptation de sa demande d&rsquo;investiture &raquo;. Le premier secr&eacute;taire du&nbsp;Parti socialiste, Jean-Christophe Cambad&eacute;lis, a d&eacute;clar&eacute;, mercredi 10 mai sur BeurFM, qu&rsquo;une proc&eacute;dure a &eacute;t&eacute; lanc&eacute;e &agrave; l&rsquo;encontre [&hellip;]<\/p>\n","protected":false},"author":2,"featured_media":6622,"comment_status":"open","ping_status":"open","sticky":false,"template":"","format":"standard","meta":{"_jetpack_memberships_contains_paid_content":false,"footnotes":"","jetpack_publicize_message":"","jetpack_publicize_feature_enabled":true,"jetpack_social_post_already_shared":true,"jetpack_social_options":{"image_generator_settings":{"template":"highway","default_image_id":0,"font":"","enabled":false},"version":2},"_wpas_customize_per_network":false},"categories":[405],"tags":[693],"class_list":["post-6621","post","type-post","status-publish","format-standard","has-post-thumbnail","hentry","category-actu-france-monde","tag-valls"],"jetpack_publicize_connections":[],"jetpack_featured_media_url":"https:\/\/i0.wp.com\/www.iceagetv.com\/radiosite\/wp-content\/uploads\/2017\/05\/Valls-1.jpg?fit=534%2C356&ssl=1","jetpack_sharing_enabled":true,"_links":{"self":[{"href":"https:\/\/www.iceagetv.com\/radiosite\/wp-json\/wp\/v2\/posts\/6621","targetHints":{"allow":["GET"]}}],"collection":[{"href":"https:\/\/www.iceagetv.com\/radiosite\/wp-json\/wp\/v2\/posts"}],"about":[{"href":"https:\/\/www.iceagetv.com\/radiosite\/wp-json\/wp\/v2\/types\/post"}],"author":[{"embeddable":true,"href":"https:\/\/www.iceagetv.com\/radiosite\/wp-json\/wp\/v2\/users\/2"}],"replies":[{"embeddable":true,"href":"https:\/\/www.iceagetv.com\/radiosite\/wp-json\/wp\/v2\/comments?post=6621"}],"version-history":[{"count":1,"href":"https:\/\/www.iceagetv.com\/radiosite\/wp-json\/wp\/v2\/posts\/6621\/revisions"}],"predecessor-version":[{"id":6623,"href":"https:\/\/www.iceagetv.com\/radiosite\/wp-json\/wp\/v2\/posts\/6621\/revisions\/6623"}],"wp:featuredmedia":[{"embeddable":true,"href":"https:\/\/www.iceagetv.com\/radiosite\/wp-json\/wp\/v2\/media\/6622"}],"wp:attachment":[{"href":"https:\/\/www.iceagetv.com\/radiosite\/wp-json\/wp\/v2\/media?parent=6621"}],"wp:term":[{"taxonomy":"category","embeddable":true,"href":"https:\/\/www.iceagetv.com\/radiosite\/wp-json\/wp\/v2\/categories?post=6621"},{"taxonomy":"post_tag","embeddable":true,"href":"https:\/\/www.iceagetv.com\/radiosite\/wp-json\/wp\/v2\/tags?post=6621"}],"curies":[{"name":"wp","href":"https:\/\/api.w.org\/{rel}","templated":true}]}}