{"id":6642,"date":"2017-05-14T12:28:57","date_gmt":"2017-05-14T12:28:57","guid":{"rendered":"http:\/\/www.iceagetv.com\/radiosite\/?p=6642"},"modified":"2017-05-14T12:28:57","modified_gmt":"2017-05-14T12:28:57","slug":"emmanuel-macron-palais-de-lelysee-dejeuner-revivez-cette-journee-minute-minute","status":"publish","type":"post","link":"https:\/\/www.iceagetv.com\/radiosite\/emmanuel-macron-palais-de-lelysee-dejeuner-revivez-cette-journee-minute-minute\/","title":{"rendered":"Emmanuel Macron est au Palais de l&rsquo;Elys\u00e9e pour d\u00e9jeuner &#8211; Revivez cette journ\u00e9e minute par minute"},"content":{"rendered":"<p>\n\tEmmanuel Macron rentre &agrave; l&#39;Elys&eacute;e pour un d&eacute;jeuner.\n<\/p>\n<p>\n\tEmmanuel Macron vient de raviver la flamme du soldat inconnu Place de l&#39;Etoile &agrave; Paris.\n<\/p>\n<p>\n\tEmmanuel Macron est en train de remonter les Champs Elys&eacute;es &agrave; bord d&#39;un v&eacute;hicule militaire.\n<\/p>\n<p>\n\tEmmanuel Macron finit son trajet vers l&#39;Arc de Triomphe, seul, &agrave; pied.\n<\/p>\n<p>\n\t.12h34: La pluie s&#39;est mise &agrave; tomber sur Paris\n<\/p>\n<p>\n\t11h52:&nbsp;Le Pr&eacute;sident fait le tour de ses invit&eacute;s\n<\/p>\n<p>\n\t11h25: Emmanuel Macron prend la parole:\n<\/p>\n<p>\n\t&quot;&nbsp;Le 7 mai, les Fran&ccedil;ais ont choisi.\n<\/p>\n<p>\n\tLa responsabilit&eacute; qu&rsquo;ils m&rsquo;ont confi&eacute;e est un honneur dont je mesure la gravit&eacute;.\n<\/p>\n<p>\n\tLe monde et l&rsquo;Europe ont aujourd&rsquo;hui plus que jamais besoin de la France.\n<\/p>\n<p>\n\tIls ont besoin d&rsquo;une France forte qui sache inventer l&rsquo;avenir&nbsp;<br \/>\n\tLe monde a besoin de ce que les Fran&ccedil;aises et les Fran&ccedil;ais lui ont toujours enseign&eacute; : l&rsquo;audace de la libert&eacute;.\n<\/p>\n<p>\n\tJe veux rendre aux Fran&ccedil;ais cette confiance en eux. Ce sera lent et exigeant.\n<\/p>\n<p>\n\tJe ne c&eacute;derai sur rien de mes engagements devant les Fran&ccedil;ais\n<\/p>\n<p>\n\tLa responsabilit&eacute; de toutes les &eacute;lites sera rappel&eacute;e, nous ne pouvons plus nous r&eacute;fugier derri&egrave;re des usages.\n<\/p>\n<p>\n\tNous devons retrouver le sens profond, la dignit&eacute; de ce qui nous rassemble : agir de mani&egrave;re juste et efficace pour notre peuple.&quot;&nbsp;\n<\/p>\n<p>\n\tD&egrave;s ce soir, je serai au travail.\n<\/p>\n<p>\n\t11h20:&nbsp;&nbsp;&nbsp;Arriv&eacute;e d&#39;Emmanuel Macron dans la salle des f&ecirc;tes de l&#39;Elys&eacute;e.\n<\/p>\n<p>\n\tEmmanuel Macron est d&eacute;sormais officiellement Pr&eacute;sident de la R&eacute;publique\n<\/p>\n<p>\n\t11h09&nbsp;: Fran&ccedil;ois Hollande a &eacute;t&eacute; applaudi par Emmanuel Macron avant de quitter l&#39;Elys&eacute;e\n<\/p>\n<p>\n\t.Applaudi &eacute;galement par le public qui &eacute;tait devant le Palais\n<\/p>\n<p>\n\tFran&ccedil;ois Hollande qui l&#39;Elys&eacute;e.&nbsp;pic.twitter.com\/afM0p6wEvD\n<\/p>\n<p>\n\t&mdash; Public S&eacute;nat (@publicsenat)&nbsp;14 mai 2017\n<\/p>\n<p>\n\t11h08: Emmanuel Macron et Fran&ccedil;ois Hollande viennent de terminer leur t&ecirc;te &agrave; t&ecirc;te\n<\/p>\n<p>\n\t10h43:&nbsp;Emmanuel Macron se rendra en fin de semaine prochaine aupr&egrave;s des forces fran&ccedil;aises d&eacute;ploy&eacute;es &agrave; l&#39;&eacute;tranger, &quot;a priori&quot; au Mali, pour une visite aux soldats engag&eacute;s dans le cadre de l&#39;op&eacute;ration antiterroriste Barkhane, selon son entourage\n<\/p>\n<p>\n\t10h27: Selon les proches d&#39;Emmanuel Macron, le premier ministre sera nomm&eacute; lundi et le gouvernement mardi.\n<\/p>\n<p>\n\t10h25:&nbsp;Alexis Kohler est nomm&eacute; secr&eacute;taire g&eacute;n&eacute;ral de l&#39;Elys&eacute;e. Il succ&egrave;de &agrave; Jean-Pierre Jouyet.\n<\/p>\n<p>\n\t10h09: Les deux hommes sont dans le bureau de Fran&ccedil;ois Hollande pour se transmettre les secrets de la R&eacute;publique\n<\/p>\n<p>\n\t.10h03: Poign&eacute;e de main entre Fran&ccedil;ois Hollande et Emmanuel Macron sur le perron de l&#39;Elys&eacute;e\n<\/p>\n<p>\n\t10h02: Emmanuel Macron, Pr&eacute;sident &eacute;lu, vient d&#39;arriver au Palais de l&#39;Elys&eacute;e\n<\/p>\n<p>\n\t09h53:&nbsp;Le pr&eacute;sident &eacute;lu vient de quitter son domicile dans le 7&egrave;me. Il est en route vers le Palais de l&#39;&Eacute;lys&eacute;e.\n<\/p>\n<p>\n\t09h52:&nbsp;L&#39;image de l&#39;arriv&eacute;e de Brigitte Macron en tailleur bleu de chez Louis Vuitton &agrave; l&#39;Elys&eacute;e09h43:&nbsp;Bernard Cazeneuve applaudi par le personnel &agrave; son arriv&eacute;e dans la cour de l&#39;Elys&eacute;e.\n<\/p>\n<p>\n\t09h42:&nbsp;Emmanuel Macron a invit&eacute; aussi le compagnon de Corinne Erhel, d&eacute;put&eacute;e des C&ocirc;tes-d&#39;Armor d&eacute;c&eacute;d&eacute;e le 5 mai lors du dernier meeting de la campagne, celui de Xavier Jugel&eacute;, le policier tu&eacute; le 20 avril sur les Champs-Elys&eacute;es lors d&#39;une attaque djihadiste, ainsi que le p&egrave;re d&#39;une militante d&#39;En Marche! qui s&#39;est tu&eacute;e en voiture durant la campagne, &agrave; l&#39;&acirc;ge de 29 ans.\n<\/p>\n<p>\n\t09h34: L&#39;image surprenante de Fran&ccedil;ois Hollande jetant un dernier coup d&#39;oeil aux jardins de l&#39;Elys&eacute;e avant de partir09h31:&nbsp;Les journalistes rapportent que Brigitte Macron portera une robe bleu lavande, dessin&eacute;e pour l&#39;occasion par le cr&eacute;ateur fran&ccedil;ais Nicolas Ghesquiere, de la maison Louis Vuitton.\n<\/p>\n<p>\n\tDe son c&ocirc;t&eacute;, Emmanuel Macron portera un costume Blue Dark de chez Jonas &amp; Cie &agrave; 450 euros.\n<\/p>\n<p>\n\t09h28:&nbsp;La fille a&icirc;n&eacute;e de Brigitte Macron vient d&#39;arriver, mais aussi Fran&ccedil;ois Bayrou ou encore Val&eacute;rie P&eacute;cresse\n<\/p>\n<p>\n\t09h26:&nbsp;Pour ses derniers instants &agrave; l&#39;&Eacute;lys&eacute;e, on a pu apercevoir le pr&eacute;sident Fran&ccedil;ois Hollande sur le balcon, c&ocirc;t&eacute; jardin, poser pour des photographes. (Le figaro)\n<\/p>\n<p>\n\t09h14:&nbsp;Les premiers invit&eacute;s arrivent &agrave; l&#39;Elys&eacute;e.\n<\/p>\n<p>\n\tSont attendus, les familles de Brigitte et Emmanuel Macron ainsi qu&#39;une petite dizaine de &quot;marcheurs&quot; de la premi&egrave;re heure : Richard Ferrand, Christophe Castaner, Renaud Dutreil, G&eacute;rard Collomb, Sylvie Goulard&#8230;\n<\/p>\n<p>\n\t.<\/p>\n","protected":false},"excerpt":{"rendered":"<p>Emmanuel Macron rentre &agrave; l&#39;Elys&eacute;e pour un d&eacute;jeuner. Emmanuel Macron vient de raviver la flamme du soldat inconnu Place de l&#39;Etoile &agrave; Paris. Emmanuel Macron est en train de remonter les Champs Elys&eacute;es &agrave; bord d&#39;un v&eacute;hicule militaire. Emmanuel Macron finit son trajet vers l&#39;Arc de Triomphe, seul, &agrave; pied. .12h34: La pluie s&#39;est mise [&hellip;]<\/p>\n","protected":false},"author":2,"featured_media":6643,"comment_status":"open","ping_status":"open","sticky":false,"template":"","format":"standard","meta":{"_jetpack_memberships_contains_paid_content":false,"footnotes":"","jetpack_publicize_message":"","jetpack_publicize_feature_enabled":true,"jetpack_social_post_already_shared":true,"jetpack_social_options":{"image_generator_settings":{"template":"highway","default_image_id":0,"font":"","enabled":false},"version":2},"_wpas_customize_per_network":false},"categories":[405],"tags":[1571],"class_list":["post-6642","post","type-post","status-publish","format-standard","has-post-thumbnail","hentry","category-actu-france-monde","tag-emmanuel-macron-est-au-palais-de-lelysee"],"jetpack_publicize_connections":[],"jetpack_featured_media_url":"https:\/\/i0.wp.com\/www.iceagetv.com\/radiosite\/wp-content\/uploads\/2017\/05\/Emmanuel-Macron-est-au-Palais-de-lElys%C3%A9e.jpg?fit=628%2C287&ssl=1","jetpack_sharing_enabled":true,"_links":{"self":[{"href":"https:\/\/www.iceagetv.com\/radiosite\/wp-json\/wp\/v2\/posts\/6642","targetHints":{"allow":["GET"]}}],"collection":[{"href":"https:\/\/www.iceagetv.com\/radiosite\/wp-json\/wp\/v2\/posts"}],"about":[{"href":"https:\/\/www.iceagetv.com\/radiosite\/wp-json\/wp\/v2\/types\/post"}],"author":[{"embeddable":true,"href":"https:\/\/www.iceagetv.com\/radiosite\/wp-json\/wp\/v2\/users\/2"}],"replies":[{"embeddable":true,"href":"https:\/\/www.iceagetv.com\/radiosite\/wp-json\/wp\/v2\/comments?post=6642"}],"version-history":[{"count":1,"href":"https:\/\/www.iceagetv.com\/radiosite\/wp-json\/wp\/v2\/posts\/6642\/revisions"}],"predecessor-version":[{"id":6644,"href":"https:\/\/www.iceagetv.com\/radiosite\/wp-json\/wp\/v2\/posts\/6642\/revisions\/6644"}],"wp:featuredmedia":[{"embeddable":true,"href":"https:\/\/www.iceagetv.com\/radiosite\/wp-json\/wp\/v2\/media\/6643"}],"wp:attachment":[{"href":"https:\/\/www.iceagetv.com\/radiosite\/wp-json\/wp\/v2\/media?parent=6642"}],"wp:term":[{"taxonomy":"category","embeddable":true,"href":"https:\/\/www.iceagetv.com\/radiosite\/wp-json\/wp\/v2\/categories?post=6642"},{"taxonomy":"post_tag","embeddable":true,"href":"https:\/\/www.iceagetv.com\/radiosite\/wp-json\/wp\/v2\/tags?post=6642"}],"curies":[{"name":"wp","href":"https:\/\/api.w.org\/{rel}","templated":true}]}}