{"id":6661,"date":"2017-05-17T11:11:06","date_gmt":"2017-05-17T11:11:06","guid":{"rendered":"http:\/\/www.iceagetv.com\/radiosite\/?p=6661"},"modified":"2017-05-17T11:11:06","modified_gmt":"2017-05-17T11:11:06","slug":"david-pujadas-ecarte-20h-de-france-2-cette-decision-ne-ete-expliquee-anne-sophie-lapix-lui-succeder","status":"publish","type":"post","link":"https:\/\/www.iceagetv.com\/radiosite\/david-pujadas-ecarte-20h-de-france-2-cette-decision-ne-ete-expliquee-anne-sophie-lapix-lui-succeder\/","title":{"rendered":"David Pujadas \u00e9cart\u00e9 du 20H de France 2 : \u00ab\u00a0Cette d\u00e9cision ne m&rsquo;a pas \u00e9t\u00e9 expliqu\u00e9e!\u00a0\u00bb &#8211; Anne-Sophie Lapix pour lui succ\u00e9der?"},"content":{"rendered":"<p>\n\t3h00:&nbsp;Le journal de 13h de France 2 est maintenu, malgr&eacute; la col&egrave;re de l&#39;ensemble de la r&eacute;daction et malgr&eacute; les rumeurs\n<\/p>\n<p>\n\t12h42:&nbsp;Le 22 avril dernier, David Pujadas &eacute;tait visiblement loin d&#39;imaginer &ecirc;tre d&eacute;barqu&eacute; du 20h.\n<\/p>\n<p>\n\tIl nous d&eacute;clarait en exclusivit&eacute; qu&#39;il serait au 20h &agrave; la rentr&eacute;e &eacute;cartant toute id&eacute;e d&#39;aller sur Europe 1:\n<\/p>\n<p>\n\t&quot;Le 20h r&eacute;alise une nouvelle ann&eacute;e record. L&#39;&eacute;cart avec nos principaux concurrents a encore baiss&eacute;.\n<\/p>\n<p>\n\tJe suis attach&eacute; &agrave; France 2 et &agrave; ce lien tr&egrave;s fort avec nos t&eacute;l&eacute;spectateurs&quot;.&quot;\n<\/p>\n<p>\n\t12h30: LE POINT A 12H30\n<\/p>\n<p>\n\tDavid Pujadas a annonc&eacute; mercredi &agrave; son &eacute;quipe qu&#39;il ne serait pas reconduit en septembre au JT de 20H00 de France 2, qu&#39;il pr&eacute;sente depuis septembre 2001, a-t-on appris de sources concordantes.\n<\/p>\n<p>\n\t&quot;Apr&egrave;s quinze ans pass&eacute;s &agrave; la t&ecirc;te du JT de France 2, David Pujadas annonce qu&#39;il ne sera pas reconduit &agrave; la pr&eacute;sentation du 20 heures, &agrave; partir de septembre&quot;, indique le site d&#39;information du groupe France T&eacute;l&eacute;visions, confirmant des informations de Purem&eacute;dias. La r&eacute;daction en chef du JT serait &quot;a priori&quot; sur le d&eacute;part &eacute;galement, a d&eacute;clar&eacute; &agrave; l&#39;AFP une source interne, alors que la pr&eacute;sidente du groupe France T&eacute;l&eacute;visions &eacute;tait en r&eacute;union avec l&#39;&eacute;quipe du journal mercredi &agrave; la mi-journ&eacute;e.\n<\/p>\n<p>\n\tDavid Pujadas, 52 ans, n&eacute; &agrave; Barcelone de m&egrave;re fran&ccedil;aise et de p&egrave;re espagnol, pr&eacute;sentait le JT de 20H de la cha&icirc;ne publique depuis septembre 2001, apr&egrave;s des d&eacute;buts &agrave; TF1 et LCI.\n<\/p>\n<p>\n\tIl avait succ&eacute;d&eacute; &agrave; Claude S&eacute;rillon au fauteuil du 20H00 en incarnant une nouvelle g&eacute;n&eacute;ration.\n<\/p>\n<p>\n\t12h28:&nbsp;&nbsp;&laquo;&thinsp;Tout le monde pleure au 4e&nbsp;&eacute;tage&thinsp;&raquo;, lieu de la r&eacute;daction du 20&thinsp;h de France 2, confie une source &agrave; Sud Ouest\n<\/p>\n<p>\n\t12h14:&nbsp;L&#39;arriv&eacute;e de Anne-Sophie&nbsp;Lapix au 20 Heures : &laquo;&nbsp;est en cours de calage&nbsp;&raquo; confirme Delphine Ernotte aux &eacute;quipes, selon PureMedias\n<\/p>\n<p>\n\t12h06:&nbsp;La r&eacute;daction en chef du JT serait &quot;a priori&quot; sur le d&eacute;part &eacute;galement, a d&eacute;clar&eacute; &agrave; l&#39;AFP une source interne.\n<\/p>\n<p>\n\t11h48:&nbsp;&nbsp;David Pujadas &quot;Quoi qu&#39;il en soit, il faut faire un journal ce soir&#8230;&quot; a-t-il d&eacute;clar&eacute; &agrave; son &eacute;quipe.\n<\/p>\n<p>\n\t11h45:&nbsp;Delphine Ernotte:&nbsp;&quot;On peut continuer &agrave; innover. Il incarne le 20 Heures depuis 16 ans, c&#39;est normal que je me pose la question de l&#39;incarnation. Ce n&#39;est pas un d&eacute;saveu (envers David Pujadas)&quot;\n<\/p>\n<p>\n\t11h41:&nbsp;Delphine Ernotte affirme que sa d&eacute;cision &quot; n&rsquo;est pas li&eacute;e au nouveau pr&eacute;sident de la R&eacute;publique&nbsp;&raquo;\n<\/p>\n<p>\n\t11h35:&nbsp;Delphine Ernotte affirme devant David Pujadas et son &eacute;quipe:&nbsp;&laquo;&nbsp;C&rsquo;est ma d&eacute;cision&nbsp;&raquo;.\n<\/p>\n<p>\n\t11h32:&nbsp;Sur le site de FranceInfo, la direction officialise le d&eacute;part de David Pujadas du journal de 20h: &quot;Apr&egrave;s quinze ans pass&eacute;s &agrave; la t&ecirc;te du JT de France 2, David Pujadas annonce qu&#39;il ne sera pas reconduit &agrave; la pr&eacute;sentation du 20 heures, &agrave; partir de septembre.&quot;\n<\/p>\n<p>\n\t11h24&nbsp;:&nbsp;Le site du Monde pr&eacute;cise que&nbsp;la r&eacute;daction de son &laquo;&nbsp;JT&nbsp;&raquo;, furieuse, demande des explications &agrave; la pr&eacute;sidente Delphine Ernotte et au directeur de l&rsquo;information Michel Field, les invitant &agrave;&nbsp;venir&nbsp;s&rsquo;exprimer devant les journalistes.\n<\/p>\n<p>\n\t11h01&nbsp;:&nbsp;Une question se pose alors, qui remplacera le journaliste &agrave; la t&ecirc;te du journal de la cha&icirc;ne publique?\n<\/p>\n<p>\n\tLe nom de Anne-Sophie Lapix circule selon PureM&eacute;dias, qui pr&eacute;cise qu&#39;elle n&#39;a pas encore &quot;accept&eacute; ni refus&eacute;&quot; la proposition.&nbsp;\n<\/p>\n<p>\n\tEt d&#39;ajouter qu&#39;elle est en &quot;discussions tr&egrave;s avanc&eacute;es&quot;.\n<\/p>\n<p>\n\tJeanmarcmorandini.com&nbsp;&nbsp;a joint la direction de France 2 qui &quot;ne commente pas&quot; cette information.\n<\/p>\n<p>\n\t10h55:&nbsp;Depuis plusieurs semaines une rumeur circule sur un &eacute;ventuel d&eacute;part de David Pujadas du 20h de France 2.\n<\/p>\n<p>\n\tL&#39;information vient d&#39;&ecirc;tre confirm&eacute;e. Il a annonc&eacute; son d&eacute;part devant les &eacute;quipes de r&eacute;daction ce matin. David Pujdas ne sera ainsi plus le pr&eacute;sentateur du 20h de France 2 la saison prochaine.\n<\/p>\n<p>\n\tEt de pr&eacute;ciser que cette d&eacute;cision &quot;n&#39;est pas la mienne, elle ne nous a pas &eacute;t&eacute; expliqu&eacute;e&quot;.\n<\/p>\n<p>\n\tRappelons que David Pujadas pr&eacute;sentait le 20h de France 2 depuis septembre 2001.<\/p>\n","protected":false},"excerpt":{"rendered":"<p>3h00:&nbsp;Le journal de 13h de France 2 est maintenu, malgr&eacute; la col&egrave;re de l&#39;ensemble de la r&eacute;daction et malgr&eacute; les rumeurs 12h42:&nbsp;Le 22 avril dernier, David Pujadas &eacute;tait visiblement loin d&#39;imaginer &ecirc;tre d&eacute;barqu&eacute; du 20h. Il nous d&eacute;clarait en exclusivit&eacute; qu&#39;il serait au 20h &agrave; la rentr&eacute;e &eacute;cartant toute id&eacute;e d&#39;aller sur Europe 1: &quot;Le [&hellip;]<\/p>\n","protected":false},"author":2,"featured_media":6662,"comment_status":"open","ping_status":"open","sticky":false,"template":"","format":"standard","meta":{"_jetpack_memberships_contains_paid_content":false,"footnotes":"","jetpack_publicize_message":"","jetpack_publicize_feature_enabled":true,"jetpack_social_post_already_shared":true,"jetpack_social_options":{"image_generator_settings":{"template":"highway","default_image_id":0,"font":"","enabled":false},"version":2},"_wpas_customize_per_network":false},"categories":[68],"tags":[1576],"class_list":["post-6661","post","type-post","status-publish","format-standard","has-post-thumbnail","hentry","category-actu-culturelle","tag-david-pujadas-ecarte-du-20h-de-france-2"],"jetpack_publicize_connections":[],"jetpack_featured_media_url":"https:\/\/i0.wp.com\/www.iceagetv.com\/radiosite\/wp-content\/uploads\/2017\/05\/David-Pujadas-%C3%A9cart%C3%A9-du-20H-de-France-2.jpg?fit=628%2C287&ssl=1","jetpack_sharing_enabled":true,"_links":{"self":[{"href":"https:\/\/www.iceagetv.com\/radiosite\/wp-json\/wp\/v2\/posts\/6661","targetHints":{"allow":["GET"]}}],"collection":[{"href":"https:\/\/www.iceagetv.com\/radiosite\/wp-json\/wp\/v2\/posts"}],"about":[{"href":"https:\/\/www.iceagetv.com\/radiosite\/wp-json\/wp\/v2\/types\/post"}],"author":[{"embeddable":true,"href":"https:\/\/www.iceagetv.com\/radiosite\/wp-json\/wp\/v2\/users\/2"}],"replies":[{"embeddable":true,"href":"https:\/\/www.iceagetv.com\/radiosite\/wp-json\/wp\/v2\/comments?post=6661"}],"version-history":[{"count":1,"href":"https:\/\/www.iceagetv.com\/radiosite\/wp-json\/wp\/v2\/posts\/6661\/revisions"}],"predecessor-version":[{"id":6663,"href":"https:\/\/www.iceagetv.com\/radiosite\/wp-json\/wp\/v2\/posts\/6661\/revisions\/6663"}],"wp:featuredmedia":[{"embeddable":true,"href":"https:\/\/www.iceagetv.com\/radiosite\/wp-json\/wp\/v2\/media\/6662"}],"wp:attachment":[{"href":"https:\/\/www.iceagetv.com\/radiosite\/wp-json\/wp\/v2\/media?parent=6661"}],"wp:term":[{"taxonomy":"category","embeddable":true,"href":"https:\/\/www.iceagetv.com\/radiosite\/wp-json\/wp\/v2\/categories?post=6661"},{"taxonomy":"post_tag","embeddable":true,"href":"https:\/\/www.iceagetv.com\/radiosite\/wp-json\/wp\/v2\/tags?post=6661"}],"curies":[{"name":"wp","href":"https:\/\/api.w.org\/{rel}","templated":true}]}}