{"id":6667,"date":"2017-05-17T19:56:52","date_gmt":"2017-05-17T19:56:52","guid":{"rendered":"http:\/\/www.iceagetv.com\/radiosite\/?p=6667"},"modified":"2017-05-17T19:56:52","modified_gmt":"2017-05-17T19:56:52","slug":"experts-de-societe-civile-debauches-macron","status":"publish","type":"post","link":"https:\/\/www.iceagetv.com\/radiosite\/experts-de-societe-civile-debauches-macron\/","title":{"rendered":"Qui sont ces experts de la soci\u00e9t\u00e9 civile d\u00e9bauch\u00e9s par Macron?"},"content":{"rendered":"<p>\n\tLaura Flessel, Nicolas Hulot,&nbsp;Marl&egrave;ne Schiappa ou encore&nbsp;Fr&eacute;d&eacute;rique Vidal sont devenus ministres ce mercredi. Au total, ils sont onze, soit la moiti&eacute; du gouvernement, &agrave; venir de la soci&eacute;t&eacute; civile, comme l&#39;avait promis Emmanuel Macron.\n<\/p>\n<p>\n\tLe gouvernement d&#39;Emmanuel Macron a &eacute;t&eacute; d&eacute;voil&eacute; ce mercredi:&nbsp;onze hommes et onze femmes. Parmi eux, de nombreuses personnes issues de la soci&eacute;t&eacute; civile.&nbsp;Avant son &eacute;lection,&nbsp;le candidat d&#39;En Marche! avait annonc&eacute; qu&#39;une &quot;partie cons&eacute;quente&quot;&nbsp;des ministres seraient issus de la soci&eacute;t&eacute; civile&nbsp;&quot;dans toute sa diversit&eacute;&quot;, sans en pr&eacute;ciser le nombre. Et faisait du renouvellement de la classe politique une priorit&eacute;. &quot;Il faut changer les visages. On ne peut pas faire du neuf avec du vieux&quot;, assurait-il.\n<\/p>\n<p>\n\tDe qui parle-t-on? &quot;Ce sont des gens qui ne sont pas des professionnels de la politique&quot;,&nbsp;pr&eacute;cise pour Public S&eacute;nat&nbsp;Laurent Bouvet, politologue et professeur &agrave; l&#39;Universit&eacute; de Versailles-Saint-Quentin-en-Yvelines.&nbsp;Ces personnalit&eacute;s sont au nombre de onze, soit la moiti&eacute; du gouvernement. Si elles sont&nbsp;toutes, plus ou moins, novices en politique et n&#39;ont&nbsp;jamais &eacute;t&eacute; &eacute;lues, toutes ces personnalit&eacute;s sont expertes dans&nbsp;leur domaine de minist&egrave;re. Car chacune d&#39;entre elle, y ayant effectu&eacute; sa carri&egrave;re professionnelle,&nbsp;peut se targuer de ma&icirc;triser son maroquin.\n<\/p>\n<p>\n\tLa personnalit&eacute; pr&eacute;f&eacute;r&eacute;e des Fran&ccedil;ais, num&eacute;ro 2&nbsp;\n<\/p>\n<p>\n\tL&#39;exemple le plus flagrant est certainement le cas&nbsp;Nicolas Hulot, qui rejoint le gouvernement &agrave; la Transition &eacute;cologique et solidaire, deuxi&egrave;me dans l&#39;ordre protocolaire. L&#39;ancien animateur de t&eacute;l&eacute;vision, qui pr&eacute;side la Fondation Nicolas Hulot pour la nature et l&#39;homme, est&nbsp;une des figures de proue de l&#39;&eacute;cologie: il a &eacute;t&eacute; nomm&eacute;&nbsp;envoy&eacute; sp&eacute;cial pour la protection de la plan&egrave;te par Fran&ccedil;ois Hollande en 2012. C&#39;est d&#39;ailleurs dans ce cadre qu&#39;il a activement pr&eacute;par&eacute; la&nbsp;Cop21, organis&eacute;e &agrave; Paris en 2015, qui a d&eacute;bouch&eacute; sur les accords de Paris.Il est l&#39;un des seuls &agrave; &ecirc;tre particuli&egrave;rement connu et reconnu du grand public -&eacute;lu&nbsp;personnalit&eacute;&nbsp;pr&eacute;f&eacute;r&eacute;e&nbsp;des Fran&ccedil;ais en 2017-&nbsp;et surtout &agrave; ne pas &ecirc;tre compl&egrave;tement novice en politique.&nbsp;Nicolas Hulot a d&eacute;j&agrave; une petite exp&eacute;rience, tout du moins d&#39;une campagne: il&nbsp;a&nbsp;envisag&eacute; en 2007 de se pr&eacute;senter &agrave; la pr&eacute;sidentielle et a &eacute;t&eacute; candidat &agrave; la primaire &eacute;cologiste en 2011 avant d&#39;&ecirc;tre battu par Eva Joly. Mais&nbsp;il n&#39;a&nbsp;jamais &eacute;t&eacute; &eacute;lu. Jusqu&#39;&agrave; pr&eacute;sent, Nicolas Hulot avait refus&eacute; toutes les propositions politiques, celles de Jacques Chirac, Nicolas Sarkozy, ou encore Fran&ccedil;ois Hollande.\n<\/p>\n<p>\n\tUne championne olympique devenue ministre\n<\/p>\n<p>\n\tD&#39;autres entrants issus de la soci&eacute;t&eacute; civile du premier gouvernement du quinquennat d&#39;Emmanuel Macron ont &eacute;galement une belle notori&eacute;t&eacute;. &Agrave; l&#39;exemple de&nbsp;Laura Flessel, la nouvelle ministre des Sports.&nbsp;L&#39;ancienne escrimeuse est connue du grand public, entre autres, pour avoir remport&eacute; deux m&eacute;dailles d&#39;or aux Jeux olympiques et pour avoir gagn&eacute; &agrave; six reprises les championnats du monde. Elle &eacute;tait&nbsp;&eacute;galement porte-drapeau de la d&eacute;l&eacute;gation fran&ccedil;aise lors des JO-2012 &agrave; Londres&nbsp;et est ambassadrice pour la candidature de Paris &agrave; l&#39;organisation des JO-2024.\n<\/p>\n<p>\n\tApr&egrave;s la fin de sa carri&egrave;re sportive,&nbsp;Laura&nbsp;Flessel&nbsp;s&#39;est engag&eacute;e aupr&egrave;s de nombreuses associations, notamment Handicap international, dont elle est la marraine. Elle a aussi manag&eacute; des sportifs et &eacute;t&eacute; nomm&eacute;e en 2010 au Conseil &eacute;conomique, social et environnemental (CESE). Dans l&#39;entre-deux-tours, elle avait sign&eacute;, avec d&#39;autres sportifs, une tribune en faveur d&#39;Emmanuel Macron.&nbsp;Seule ombre dans son palmar&egrave;s sportif fourni, Laura&nbsp;Flessel a &eacute;t&eacute; suspendue trois mois par la f&eacute;d&eacute;ration internationale d&#39;escrime en 2002&nbsp;&agrave; la suite d&#39;un contr&ocirc;le positif &agrave; un produit dopant.\n<\/p>\n<p>\n\tUne&nbsp;blogueuse au gouvernement\n<\/p>\n<p>\n\tDe mani&egrave;re plus confidentielle,&nbsp;Marl&egrave;ne Schiappa, la nouvelle secr&eacute;taire d&#39;&Eacute;tat&nbsp;en charge de l&#39;&Eacute;galit&eacute; entre les femmes et les hommes, est aussi connue pour &ecirc;tre une figure de la lutte pour les droits des femmes. Et en ma&icirc;trise le sujet. La jeune femme de 34 ans&nbsp;s&#39;est fait conna&icirc;tre par son blog&nbsp;Maman travaille, dans lequel elle raconte la difficult&eacute; de concilier vie priv&eacute;e et vie professionnelle alors qu&#39;elle travaillait dans une agence de communication. Son blog est ensuite&nbsp;devenu un r&eacute;seau de m&egrave;res actives. Marl&egrave;ne Schiappa a ensuite &eacute;t&eacute;&nbsp;chroniqueuse, organisatrice d&#39;&eacute;v&eacute;nements en lien avec son r&eacute;seau et publi&eacute;&nbsp;une quinzaine de livres sur la question des in&eacute;galit&eacute;s et du harc&egrave;lement.\n<\/p>\n<p>\n\tLa jeune femme comptait d&eacute;j&agrave; une petite exp&eacute;rience en politique en &eacute;tant adjointe au maire PS de la ville du Mans. Elle a &eacute;galement effectu&eacute; un bref passage au cabinet de la ministre des Droits des femmes, Laurence Rossignol, en&nbsp;2016 puis a&nbsp;&eacute;t&eacute; r&eacute;f&eacute;rente &agrave; l&#39;&eacute;galit&eacute; femme-homme dans l&#39;&eacute;quipe de campagne d&#39;Emmanuel Macron.\n<\/p>\n<p>\n\tDes sp&eacute;cialistes de leurs domaines\n<\/p>\n<p>\n\tFr&eacute;d&eacute;rique Vidal est quant &agrave; elle inconnue des Fran&ccedil;ais, &agrave; l&#39;exception des Ni&ccedil;ois. Nomm&eacute;e ministre de l&#39;Enseignement sup&eacute;rieur, de la recherche et de l&#39;innovation, cette quinquag&eacute;naire&nbsp;a fait toute sa carri&egrave;re &agrave; l&#39;universit&eacute;: cette g&eacute;n&eacute;ticienne de la reproduction est devenue ma&icirc;tresse de conf&eacute;rences &agrave; l&#39;Universit&eacute; de Nice-Sofia-Antipolis,&nbsp;puis professeure des universit&eacute;s en sciences de la vie,&nbsp;directrice de la facult&eacute; de sciences avant de prendre la t&ecirc;te de cet &eacute;tablissement en 2012.&nbsp;&Agrave; cela s&#39;ajoute une exp&eacute;rience d&#39;une d&eacute;cennie &agrave; l&#39;Agence d&#39;&eacute;valuation de la recherche et de l&#39;enseignement sup&eacute;rieur.\n<\/p>\n<p>\n\tAutre inconnue du grand public mais pourtant&nbsp;sp&eacute;cialiste de son domaine:&nbsp;Fran&ccedil;oise Nyssen, la nouvelle ministre de la Culture. Co-directrice de la maison d&#39;&eacute;dition&nbsp;Actes Sud,&nbsp;cette femme de lettres &acirc;g&eacute;e de 66 ans&nbsp;avait affirm&eacute;, &agrave;&nbsp;la veille de l&#39;&eacute;lection pr&eacute;sidentielle, qu&#39;elle voterait &quot;avec d&eacute;termination et joie&nbsp;pour Emmanuel Macron&quot;.\n<\/p>\n<p>\n\tIl est une autres des figures de la soci&eacute;t&eacute; civile&nbsp;ch&egrave;re &agrave; Emmanuel Macron. Jean-Michel Blanquer, 52 ans,&nbsp;a &eacute;t&eacute; nomm&eacute; ministre de l&#39;&Eacute;ducation nationale. Lui aussi est un universitaire.&nbsp;Ce juriste a occup&eacute; de hauts postes de direction dans le domaine de l&#39;enseignement: directeur de l&#39;Institut des hautes &eacute;tudes d&#39;Am&eacute;rique latine, recteur de l&#39;acad&eacute;mie de Guyane, puis de celle de Cr&eacute;teil et directeur g&eacute;n&eacute;ral de l&#39;Essec. Il a par ailleurs occup&eacute;&nbsp;des fonctions plus politiques, en tant que directeur adjoint du cabinet de Gilles de Robien, ministre de l&#39;&Eacute;ducation nationale&nbsp;en 2006. Et a &eacute;t&eacute; nomm&eacute; directeur g&eacute;n&eacute;ral de l&#39;Enseignement scolaire, la direction de l&#39;administration de la rue de Grenelle la plus importante.&nbsp;Dans l&#39;entre-deux-tours de la pr&eacute;sidentielle, Jean-Michel Blanquer avait appel&eacute; ses &eacute;tudiants &agrave; voter pour Emmanuel Macron afin de faire barrage au Front national.\n<\/p>\n<p>\n\tDe m&ecirc;me, &agrave; la Sant&eacute; a &eacute;t&eacute; nomm&eacute;e&nbsp;Agn&egrave;s Buzyn, professeure de m&eacute;decine qui a dirig&eacute; l&#39;unit&eacute; de soins intensifs d&#39;h&eacute;matologie et de greffe de moelle &agrave; l&#39;h&ocirc;pital Necker. Elle a enseign&eacute; &agrave; l&#39;Universit&eacute; Pierre-et-Marie-Curie et a pr&eacute;sid&eacute; l&#39;Institut national du cancer et la Haute Autorit&eacute; de sant&eacute;. Autre exemple de la logique d&#39;Emmanuel Macron:&nbsp;Elisabeth Borne, pr&eacute;sidente de la&nbsp;RATP,&nbsp;est nomm&eacute;e ministre d&eacute;l&eacute;gu&eacute;e aux Transports. Une premi&egrave;re promesse tenue&nbsp;pour le nouveau locataire de l&#39;&Eacute;lys&eacute;e.<\/p>\n","protected":false},"excerpt":{"rendered":"<p>Laura Flessel, Nicolas Hulot,&nbsp;Marl&egrave;ne Schiappa ou encore&nbsp;Fr&eacute;d&eacute;rique Vidal sont devenus ministres ce mercredi. Au total, ils sont onze, soit la moiti&eacute; du gouvernement, &agrave; venir de la soci&eacute;t&eacute; civile, comme l&#39;avait promis Emmanuel Macron. Le gouvernement d&#39;Emmanuel Macron a &eacute;t&eacute; d&eacute;voil&eacute; ce mercredi:&nbsp;onze hommes et onze femmes. Parmi eux, de nombreuses personnes issues de la [&hellip;]<\/p>\n","protected":false},"author":2,"featured_media":6668,"comment_status":"open","ping_status":"open","sticky":false,"template":"","format":"standard","meta":{"_jetpack_memberships_contains_paid_content":false,"footnotes":"","jetpack_publicize_message":"","jetpack_publicize_feature_enabled":true,"jetpack_social_post_already_shared":true,"jetpack_social_options":{"image_generator_settings":{"template":"highway","default_image_id":0,"font":"","enabled":false},"version":2},"_wpas_customize_per_network":false},"categories":[405],"tags":[1577],"class_list":["post-6667","post","type-post","status-publish","format-standard","has-post-thumbnail","hentry","category-actu-france-monde","tag-debauches-par-macron"],"jetpack_publicize_connections":[],"jetpack_featured_media_url":"https:\/\/i0.wp.com\/www.iceagetv.com\/radiosite\/wp-content\/uploads\/2017\/05\/d%C3%A9bauch%C3%A9s-par-Macron-1.jpeg?fit=1256%2C708&ssl=1","jetpack_sharing_enabled":true,"_links":{"self":[{"href":"https:\/\/www.iceagetv.com\/radiosite\/wp-json\/wp\/v2\/posts\/6667","targetHints":{"allow":["GET"]}}],"collection":[{"href":"https:\/\/www.iceagetv.com\/radiosite\/wp-json\/wp\/v2\/posts"}],"about":[{"href":"https:\/\/www.iceagetv.com\/radiosite\/wp-json\/wp\/v2\/types\/post"}],"author":[{"embeddable":true,"href":"https:\/\/www.iceagetv.com\/radiosite\/wp-json\/wp\/v2\/users\/2"}],"replies":[{"embeddable":true,"href":"https:\/\/www.iceagetv.com\/radiosite\/wp-json\/wp\/v2\/comments?post=6667"}],"version-history":[{"count":1,"href":"https:\/\/www.iceagetv.com\/radiosite\/wp-json\/wp\/v2\/posts\/6667\/revisions"}],"predecessor-version":[{"id":6669,"href":"https:\/\/www.iceagetv.com\/radiosite\/wp-json\/wp\/v2\/posts\/6667\/revisions\/6669"}],"wp:featuredmedia":[{"embeddable":true,"href":"https:\/\/www.iceagetv.com\/radiosite\/wp-json\/wp\/v2\/media\/6668"}],"wp:attachment":[{"href":"https:\/\/www.iceagetv.com\/radiosite\/wp-json\/wp\/v2\/media?parent=6667"}],"wp:term":[{"taxonomy":"category","embeddable":true,"href":"https:\/\/www.iceagetv.com\/radiosite\/wp-json\/wp\/v2\/categories?post=6667"},{"taxonomy":"post_tag","embeddable":true,"href":"https:\/\/www.iceagetv.com\/radiosite\/wp-json\/wp\/v2\/tags?post=6667"}],"curies":[{"name":"wp","href":"https:\/\/api.w.org\/{rel}","templated":true}]}}