{"id":6743,"date":"2017-05-28T15:51:51","date_gmt":"2017-05-28T15:51:51","guid":{"rendered":"http:\/\/www.iceagetv.com\/radiosite\/?p=6743"},"modified":"2017-05-28T15:51:51","modified_gmt":"2017-05-28T15:51:51","slug":"macron-annonce-liberation-dun-otage-francais-enleve-rdc","status":"publish","type":"post","link":"https:\/\/www.iceagetv.com\/radiosite\/macron-annonce-liberation-dun-otage-francais-enleve-rdc\/","title":{"rendered":"Macron annonce la lib\u00e9ration d&rsquo;un otage Fran\u00e7ais enlev\u00e9 en RDC"},"content":{"rendered":"<p>\n\tL&rsquo;homme avait &eacute;t&eacute; enlev&eacute;, avec quatre autres personnes, dans la nuit de mardi &agrave; mercredi 1er mars 2017, &agrave; l&rsquo;est de la R&eacute;publique D&eacute;mocratique du Congo.\n<\/p>\n<p>\n\tEmmanuel Macron a annonc&eacute; dimanche en la saluant la lib&eacute;ration d&#39;un Fran&ccedil;ais qui avait &eacute;t&eacute; &quot;enlev&eacute; le 1er mars dans l&#39;est de la R&eacute;publique d&eacute;mocratique du Congo&quot; (RDC), dans un communiqu&eacute; transmis par la pr&eacute;sidence de la R&eacute;publique.Le chef de l&#39;Etat a f&eacute;licit&eacute; l&#39;ensemble des acteurs qui ont oeuvr&eacute; &agrave; sa lib&eacute;ration, &quot;en particulier les autorit&eacute;s de la R&eacute;publique d&eacute;mocratique du Congo pour leur mobilisation et l&#39;efficacit&eacute; de leur action&quot;.Une source diplomatique a indiqu&eacute; de son c&ocirc;t&eacute; que l&#39;otage lib&eacute;r&eacute; &eacute;tait un Fran&ccedil;ais qui figurait parmi cinq employ&eacute;s de la soci&eacute;t&eacute; mini&egrave;re canadienne Banro enlev&eacute;s dans l&#39;est de la RDC, dont le minist&egrave;re fran&ccedil;ais des Affaires &eacute;trang&egrave;res avait fait &eacute;tat le 2 mars. Banro exploite deux mines d&#39;or, &agrave; Twangiza et Namoya, et m&egrave;ne des travaux d&#39;exploration aurif&egrave;re dans le pays.\n<\/p>\n<p>\n\t&quot;Nous n&#39;avons &agrave; ce stade aucune information concernant les auteurs de l&#39;enl&egrave;vement. Nous sommes mobilis&eacute;s, en lien avec les autorit&eacute;s congolaises pour faire toute la lumi&egrave;re sur ces faits et parvenir &agrave; la lib&eacute;ration de notre compatriote&quot;, avait alors ajout&eacute; le Quai d&#39;Orsay.\n<\/p>\n<p>\n\tEnl&egrave;vements fr&eacute;quents dans la r&eacute;gion\n<\/p>\n<p>\n\tLe 8 mai, un Fran&ccedil;ais travaillant pour une organisation am&eacute;ricaine sp&eacute;cialis&eacute;e dans le secteur de l&#39;environnement avait &eacute;t&eacute; lib&eacute;r&eacute; trois jours apr&egrave;s son enl&egrave;vement dans le secteur de Mwenga par des hommes arm&eacute;s appartenant &agrave; un groupe d&#39;autod&eacute;fense dans l&#39;est de la R&eacute;publique d&eacute;mocratique du Congo.\n<\/p>\n<p>\n\tIl avait &eacute;t&eacute; lib&eacute;r&eacute; &quot;apr&egrave;s des tractations avec ses ravisseurs et sans versement d&#39;une caution&quot;, avait alors affirm&eacute; &agrave; l&#39;AFP Dominique Bofondo, administrateur du territoire de Walungu dans le Sud-Kivu (Est).\n<\/p>\n<p>\n\tL&#39;Est congolais, constell&eacute; de groupes arm&eacute;s nationaux et &eacute;trangers, est d&eacute;chir&eacute; par plus de vingt ans de conflits arm&eacute;s, aliment&eacute;s par des diff&eacute;rends ethniques et fonciers, la concurrence pour le contr&ocirc;le des ressources mini&egrave;res de la r&eacute;gion et des rivalit&eacute;s entre puissances r&eacute;gionales. Les enl&egrave;vements d&#39;humanitaires et d&#39;autres Congolais sont fr&eacute;quents dans la r&eacute;gion.<\/p>\n","protected":false},"excerpt":{"rendered":"<p>L&rsquo;homme avait &eacute;t&eacute; enlev&eacute;, avec quatre autres personnes, dans la nuit de mardi &agrave; mercredi 1er mars 2017, &agrave; l&rsquo;est de la R&eacute;publique D&eacute;mocratique du Congo. Emmanuel Macron a annonc&eacute; dimanche en la saluant la lib&eacute;ration d&#39;un Fran&ccedil;ais qui avait &eacute;t&eacute; &quot;enlev&eacute; le 1er mars dans l&#39;est de la R&eacute;publique d&eacute;mocratique du Congo&quot; (RDC), dans [&hellip;]<\/p>\n","protected":false},"author":2,"featured_media":6744,"comment_status":"open","ping_status":"open","sticky":false,"template":"","format":"standard","meta":{"_jetpack_memberships_contains_paid_content":false,"footnotes":"","jetpack_publicize_message":"","jetpack_publicize_feature_enabled":true,"jetpack_social_post_already_shared":true,"jetpack_social_options":{"image_generator_settings":{"template":"highway","default_image_id":0,"font":"","enabled":false},"version":2},"_wpas_customize_per_network":false},"categories":[405],"tags":[1555],"class_list":["post-6743","post","type-post","status-publish","format-standard","has-post-thumbnail","hentry","category-actu-france-monde","tag-macron"],"jetpack_publicize_connections":[],"jetpack_featured_media_url":"https:\/\/i0.wp.com\/www.iceagetv.com\/radiosite\/wp-content\/uploads\/2017\/05\/Macron-1.jpg?fit=805%2C453&ssl=1","jetpack_sharing_enabled":true,"_links":{"self":[{"href":"https:\/\/www.iceagetv.com\/radiosite\/wp-json\/wp\/v2\/posts\/6743","targetHints":{"allow":["GET"]}}],"collection":[{"href":"https:\/\/www.iceagetv.com\/radiosite\/wp-json\/wp\/v2\/posts"}],"about":[{"href":"https:\/\/www.iceagetv.com\/radiosite\/wp-json\/wp\/v2\/types\/post"}],"author":[{"embeddable":true,"href":"https:\/\/www.iceagetv.com\/radiosite\/wp-json\/wp\/v2\/users\/2"}],"replies":[{"embeddable":true,"href":"https:\/\/www.iceagetv.com\/radiosite\/wp-json\/wp\/v2\/comments?post=6743"}],"version-history":[{"count":1,"href":"https:\/\/www.iceagetv.com\/radiosite\/wp-json\/wp\/v2\/posts\/6743\/revisions"}],"predecessor-version":[{"id":6745,"href":"https:\/\/www.iceagetv.com\/radiosite\/wp-json\/wp\/v2\/posts\/6743\/revisions\/6745"}],"wp:featuredmedia":[{"embeddable":true,"href":"https:\/\/www.iceagetv.com\/radiosite\/wp-json\/wp\/v2\/media\/6744"}],"wp:attachment":[{"href":"https:\/\/www.iceagetv.com\/radiosite\/wp-json\/wp\/v2\/media?parent=6743"}],"wp:term":[{"taxonomy":"category","embeddable":true,"href":"https:\/\/www.iceagetv.com\/radiosite\/wp-json\/wp\/v2\/categories?post=6743"},{"taxonomy":"post_tag","embeddable":true,"href":"https:\/\/www.iceagetv.com\/radiosite\/wp-json\/wp\/v2\/tags?post=6743"}],"curies":[{"name":"wp","href":"https:\/\/api.w.org\/{rel}","templated":true}]}}