{"id":6767,"date":"2017-06-02T07:29:51","date_gmt":"2017-06-02T07:29:51","guid":{"rendered":"http:\/\/www.iceagetv.com\/radiosite\/?p=6767"},"modified":"2017-06-02T07:30:38","modified_gmt":"2017-06-02T07:30:38","slug":"grave-erreur-faute-dirigeants-mondiaux-severes-apres-retrait-americain-de-laccord-de-paris","status":"publish","type":"post","link":"https:\/\/www.iceagetv.com\/radiosite\/grave-erreur-faute-dirigeants-mondiaux-severes-apres-retrait-americain-de-laccord-de-paris\/","title":{"rendered":"Grave erreur \u00bb, \u00ab faute \u00bb : les dirigeants mondiaux s\u00e9v\u00e8res apr\u00e8s le retrait am\u00e9ricain de l\u2019accord de Paris"},"content":{"rendered":"<p>\n\tIl a &eacute;t&eacute; le premier &agrave;&nbsp;r&eacute;agir. L&rsquo;ancien pr&eacute;sident d&eacute;mocrate&nbsp;Barack Obama,&nbsp;qui avait ratifi&eacute; fin 2015 l&rsquo;accord de Paris sur le climat, a d&eacute;nonc&eacute; jeudi 1er&nbsp;juin&nbsp;la d&eacute;cision de son successeur de se retirer de ce texte historique, estimant que&nbsp;Donald Trump&nbsp;&laquo;&nbsp;rejetait l&rsquo;avenir&nbsp;&raquo;.&nbsp;&laquo;&nbsp;J&rsquo;estime que les Etats-Unis devraient se&nbsp;trouver&nbsp;&agrave; l&rsquo;avant-garde&nbsp;&raquo;, a d&eacute;clar&eacute; dans un communiqu&eacute; M.&nbsp;Obama.\n<\/p>\n<p>\n\t&laquo;&nbsp;Mais m&ecirc;me en l&rsquo;absence de leadership am&eacute;ricain, m&ecirc;me si cette administration se joint &agrave;&nbsp;une petite poign&eacute;e de pays qui rejettent l&rsquo;avenir, je suis certain que nos Etats,&nbsp;villes&nbsp;et&nbsp;entreprises&nbsp;seront &agrave; la hauteur et en feront encore plus pour&nbsp;prot&eacute;ger&nbsp;notre&nbsp;plan&egrave;te&nbsp;pour les g&eacute;n&eacute;rations futures.&nbsp;&raquo;Sur la sc&egrave;ne internationale, cette annonce a provoqu&eacute; une onde de choc pour les 194 autres pays signataires de ce texte historique. De nombreux responsables politiques ont r&eacute;agi &agrave;&nbsp;l&rsquo;annonce de Donald Trump de&nbsp;sortir&nbsp;de cet accord, qui vise &agrave;&nbsp;limiter&nbsp;la hausse de la temp&eacute;rature moyenne mondiale.\n<\/p>\n<p>\n\tUne &laquo;&nbsp;grave erreur&nbsp;&raquo;\n<\/p>\n<p>\n\tBerlin,&nbsp;Paris&nbsp;et Rome ont&nbsp;&laquo;&nbsp;regrett&eacute;&nbsp;&raquo;&nbsp;dans une d&eacute;claration commune la sortie des Etats-Unis de l&rsquo;accord de Paris sur le&nbsp;climat.&nbsp;&laquo;&nbsp;Nous&nbsp;(&hellip;)&nbsp;prenons connaissance avec regret de la d&eacute;cision des Etats-Unis&nbsp;&raquo;&nbsp;de sortir de cet accord, d&eacute;clarent dans un communiqu&eacute; le pr&eacute;sident fran&ccedil;ais Emmanuel Macron, la chanceli&egrave;re allemande Angela Merkel et le pr&eacute;sident du Conseil italien Paolo Gentiloni.&nbsp;&laquo;&nbsp;Nous sommes fermement convaincus que l&rsquo;accord ne peut pas&nbsp;&ecirc;tre&nbsp;ren&eacute;goci&eacute;&nbsp;&raquo;,&nbsp;ajoutent-ils.Dans une allocution ferme prononc&eacute;e depuis l&rsquo;Elys&eacute;e en fran&ccedil;ais, puis en anglais &ndash; une premi&egrave;re &ndash;, Emmanuel Macron a qualifi&eacute; de&nbsp;&laquo;&nbsp;faute pour l&rsquo;avenir de notre plan&egrave;te&nbsp;&raquo;&nbsp;la d&eacute;cision de son homologue am&eacute;ricain, tout en rappelant l&rsquo;irr&eacute;versibilit&eacute; de l&rsquo;accord de Paris.\n<\/p>\n<p>\n\tNe remettant pas en cause l&rsquo;alliance avec Washington concernant la&nbsp;d&eacute;fense, la s&eacute;curit&eacute; et l&rsquo;&eacute;conomie, le pr&eacute;sident fran&ccedil;ais a ouvert la porte aux Am&eacute;ricains, invitant les scientifiques et ing&eacute;nieurs des Etats-Unis &agrave;&nbsp;venir&nbsp;travailler dans l&rsquo;Hexagone sur le climat.&nbsp;&laquo;&nbsp;En&nbsp;France, ils trouveront une seconde patrie, et des solutions concr&egrave;tes&nbsp;&raquo;, a-t-il d&eacute;clar&eacute;.\n<\/p>\n<p>\n\tTout en rappelant&nbsp;travailler&nbsp;avec l&rsquo;Allemagne&nbsp;et l&rsquo;Italie&nbsp;sur&nbsp;&laquo;&nbsp;des initiatives fortes&nbsp;&raquo;, Emmanuel Macron a d&eacute;tourn&eacute; le slogan du pr&eacute;sident Trump&nbsp;:&nbsp;&laquo;&nbsp;Make our planet great again&nbsp;&raquo;&nbsp;(&laquo;&nbsp;Rendre sa grandeur &agrave; la plan&egrave;te&nbsp;&raquo;).&nbsp;&laquo;&nbsp;Les Etats-Unis et la France continueront &agrave; travailler ensemble mais pas sur le sujet du climat&nbsp;&raquo;, a &eacute;galement pr&eacute;venu le chef de l&rsquo;Etat Fran&ccedil;ais lors d&rsquo;un &eacute;change t&eacute;l&eacute;phonique de cinq minutes avec Angela Merkel, a-t-on pr&eacute;cis&eacute; de m&ecirc;me source.\n<\/p>\n<p>\n\tDonald Trump commet&nbsp;&laquo;&nbsp;une erreur aux cons&eacute;quences dramatiques&nbsp;fatales&nbsp;&raquo;, a estim&eacute; Anne Hidalgo, maire de Paris et pr&eacute;sidente du C40, qui r&eacute;unit 91 villes du&nbsp;monde&nbsp;mobilis&eacute;es pour le climat. Dans un communiqu&eacute;, l&rsquo;&eacute;dile&nbsp;&laquo;&nbsp;appelle solennellement le gouvernement des Etats-Unis &agrave;&nbsp;revenir&nbsp;sur cette d&eacute;cision dramatique&nbsp;&raquo;.\n<\/p>\n<p>\n\tL&rsquo;ancien pr&eacute;sident&nbsp;Fran&ccedil;ois Hollande&nbsp;regrette &laquo;&nbsp;une d&eacute;cision funeste pour les Etats-Unis&nbsp;&raquo;. &laquo;&nbsp;Le retrait am&eacute;ricain ne suspend pas l&rsquo;accord de Paris. Il doit au contraire en&nbsp;acc&eacute;l&eacute;rer&nbsp;la mise en &oelig;uvre&nbsp;&raquo;, a estim&eacute; dans un communiqu&eacute; l&rsquo;ancien chef de l&rsquo;Etat, qui avait accueilli en d&eacute;cembre&nbsp;2015 la conf&eacute;rence de Paris.\n<\/p>\n<p>\n\t&laquo;&nbsp;Ce qui s&rsquo;est produit &agrave; Paris est irr&eacute;versible. La valeur de cet accord ne d&eacute;pend pas du bon&nbsp;vouloir&nbsp;d&rsquo;un pr&eacute;sident am&eacute;ricain. Il s&rsquo;inscrit dans le temps long, celui des g&eacute;n&eacute;rations futures. Donald Trump a renonc&eacute; &agrave; l&rsquo;avenir, pas les Etats-Unis&nbsp;&raquo;.\n<\/p>\n<p>\n\tL&rsquo;ex-ministre fran&ccedil;aise de l&rsquo;environnement, S&eacute;gol&egrave;ne Royal, a qualifi&eacute; de&nbsp;&laquo;&nbsp;tr&egrave;s grave d&eacute;lit contre l&rsquo;humanit&eacute;&nbsp;&raquo;&nbsp;la d&eacute;cision de Donald Trump.\n<\/p>\n<p>\n\t&laquo;&nbsp;Il ne faut pas le&nbsp;laisser&nbsp;faire, parce que s&rsquo;il arrivait &agrave; ses fins, ce serait un tr&egrave;s grave d&eacute;lit contre l&rsquo;humanit&eacute;.&nbsp;&raquo;\n<\/p>\n<p>\n\t&laquo;&nbsp;Cette d&eacute;cision, ce discours, c&rsquo;est une faute honteuse, et une erreur majeure. Ensuite c&rsquo;est un lot de mensonges, et la seule r&eacute;action est la mobilisation mondiale, c&rsquo;est ce qu&rsquo;il faut faire&nbsp;&raquo;,&nbsp;a pour sa part fustig&eacute; Laurent Fabius, ancien pr&eacute;sident de la&nbsp;COP21.\n<\/p>\n<p>\n\t&laquo;&nbsp;L&rsquo;accord de Paris va durer&nbsp;&raquo;\n<\/p>\n<p>\n\tLa premi&egrave;re ministre britannique Theresa May a pu en&nbsp;parler&nbsp;directement avec le pr&eacute;sident am&eacute;ricain, par t&eacute;l&eacute;phone, lui d&eacute;clarant que l&rsquo;accord de Paris sur le climat prot&egrave;ge&nbsp;&laquo;&nbsp;la prosp&eacute;rit&eacute; et la s&eacute;curit&eacute; des g&eacute;n&eacute;rations futures, tout en assurant l&rsquo;accessibilit&eacute; de l&rsquo;&eacute;nergie pour nos citoyens et nos entreprises&nbsp;&raquo;, a rapport&eacute; Downing Street.\n<\/p>\n<p>\n\tLe gouvernement belge a quant &agrave; lui estim&eacute; que cette d&eacute;cision&nbsp;&laquo;&nbsp;irresponsable&nbsp;(&hellip;)&nbsp;portait atteinte &agrave; la parole donn&eacute;e&nbsp;&raquo;.&nbsp;&laquo;&nbsp;La d&eacute;cision des Etats-Unis ne doit pas&nbsp;freiner&nbsp;notre mobilisation en faveur de la lutte contre le r&eacute;chauffement climatique. Nous devons&nbsp;redoubler&nbsp;d&rsquo;efforts pour&nbsp;faire&nbsp;en sorte que les grandes puissances r&eacute;affirment leurs engagements&nbsp;&raquo;, a d&eacute;clar&eacute; Charles Michel, le premier ministre cit&eacute; dans un communiqu&eacute;.\n<\/p>\n<p>\n\tLire aussi : &nbsp;&nbsp;Climat&nbsp;: Donald Trump annonce le retrait des Etats-Unis de l&rsquo;accord de Paris\n<\/p>\n<p>\n\tLa chanceli&egrave;re allemande, Angela Merkel, a dit&nbsp;&laquo;&nbsp;regretter&nbsp;&raquo;&nbsp;la d&eacute;cision am&eacute;ricaine. La chanceli&egrave;re a appel&eacute; &agrave;&nbsp;poursuivre&nbsp;&laquo;&nbsp;la&nbsp;politique&nbsp;climatique qui pr&eacute;serve notre terre&nbsp;&raquo;. Auparavant, plusieurs de ses ministres sociaux-d&eacute;mocrates, dont son chef de la&nbsp;diplomatie, avaient estim&eacute; que la d&eacute;cision de M. Trump allait&nbsp;&laquo;&nbsp;nuire&nbsp;&raquo;&nbsp;au monde entier. Le pr&eacute;sident de la Commission europ&eacute;enne, Jean-Claude Juncker, a, lui aussi, qualifi&eacute; de&nbsp;&laquo;&nbsp;gravement erron&eacute;e&nbsp;&raquo;&nbsp;l&rsquo;annonce du pr&eacute;sident am&eacute;ricain.\n<\/p>\n<p>\n\tLe monde&nbsp;&laquo;&nbsp;peut&nbsp;continuer&nbsp;&agrave;&nbsp;compter&nbsp;sur l&rsquo;Europe&nbsp;&raquo;&nbsp;pour&nbsp;diriger&nbsp;la lutte contre le r&eacute;chauffement climatique, a r&eacute;agi, pour sa part, le commissaire europ&eacute;en &agrave; l&rsquo;action pour le climat, Miguel Arias Canete, qui a aussi regrett&eacute;&nbsp;&laquo;&nbsp;profond&eacute;ment la d&eacute;cision unilat&eacute;rale de l&rsquo;administration Trump&nbsp;&raquo;.&nbsp;&laquo;&nbsp;L&rsquo;accord de Paris doit &ecirc;tre respect&eacute;. c&rsquo;est une question de confiance, a estim&eacute; le pr&eacute;sident du Parlement europ&eacute;en, Antonio Tajani.&nbsp;L&rsquo;accord de Paris est vivant et nous le m&egrave;nerons &agrave; bien, avec ou sans l&rsquo;administration am&eacute;ricaine.&nbsp;&raquo;\n<\/p>\n<p>\n\tD&eacute;ception g&eacute;n&eacute;rale\n<\/p>\n<p>\n\tLe premier ministre canadien, Justin Trudeau, a fait part au pr&eacute;sident am&eacute;ricain Donald Trump de&nbsp;&laquo;&nbsp;sa d&eacute;ception&nbsp;&raquo;&nbsp;lors d&rsquo;un entretien t&eacute;l&eacute;phonique. Le&nbsp;Br&eacute;sil&nbsp;a aussi manifest&eacute; sa&nbsp;&laquo;&nbsp;profonde pr&eacute;occupation et sa d&eacute;ception&nbsp;&raquo;. La chancellerie br&eacute;silienne s&rsquo;est d&eacute;clar&eacute;e&nbsp;&laquo;&nbsp;inqui&egrave;te de l&rsquo;impact n&eacute;gatif d&rsquo;une telle d&eacute;cision&nbsp;&raquo;, tout en rappelant que&nbsp;&laquo;&nbsp;le combat contre le changement climatique est un processus irr&eacute;versible&nbsp;&raquo;.Dans un communiqu&eacute;, le&nbsp;Japon&nbsp;a qualifi&eacute; de&nbsp;&laquo;&nbsp;regrettable&nbsp;&raquo; la d&eacute;cision du pr&eacute;sident am&eacute;ricain Donald Trump. Rappelant que le changement climatique exige des&nbsp;&laquo;&nbsp;efforts concert&eacute;s de l&rsquo;ensemble de la communaut&eacute; internationale&nbsp;&raquo;, l&rsquo;Archipel, sixi&egrave;me &eacute;metteur mondial, souligne l&rsquo;importance&nbsp;&laquo;&nbsp;du volontarisme des nations d&eacute;velopp&eacute;es&nbsp;&raquo;.\n<\/p>\n<p>\n\tMalgr&eacute; le choix de Donald Trump, il souhaite&nbsp;&laquo;&nbsp;rechercher les moyens de&nbsp;coop&eacute;rer&nbsp;avec les Etats-Unis pour&nbsp;r&eacute;soudre&nbsp;efficacement les probl&egrave;mes pos&eacute;s par le changement climatique&nbsp;&raquo;.&nbsp;Dans le m&ecirc;me temps, Tokyo affirme sa volont&eacute; de&nbsp;&laquo;&nbsp;travailler avec les autres membres de l&rsquo;accord de Paris pour sa mise en &oelig;uvre rapide et compl&egrave;te&nbsp;&raquo;, afin de&nbsp;&laquo;&nbsp;s&rsquo;attaquer vigoureusement &agrave; la question essentielle du changement climatique&nbsp;&raquo;.\n<\/p>\n<p>\n\tL&rsquo;appel de l&rsquo;ONU au secteur priv&eacute;\n<\/p>\n<p>\n\tDans les trav&eacute;es onusiennes, o&ugrave; l&rsquo;accord de Paris a &eacute;t&eacute; sign&eacute; en grande pompe le 22&nbsp;avril 2016, les diplomates assurent que cette annonce &laquo;&nbsp;n&rsquo;est pas un choc&nbsp;&raquo; mais une &laquo;&nbsp;immense d&eacute;ception&nbsp;&raquo; partag&eacute;e par le secr&eacute;taire g&eacute;n&eacute;ral des Nations Unies, Antonio Guterres. Ce dernier avait lanc&eacute; d&egrave;s mardi une offensive diplomatique pour&nbsp;tenter&nbsp;de&nbsp;convaincre&nbsp;l&rsquo;impr&eacute;visible pr&eacute;sident am&eacute;ricain de&nbsp;rester&nbsp;membre de cet accord&nbsp;international.\n<\/p>\n<p>\n\tLors d&rsquo;un discours &agrave; l&rsquo;universit&eacute; de New York, M.&nbsp;Guterres avait pr&eacute;venu, sans jamais&nbsp;nommer&nbsp;les Etats-Unis, que ceux qui &eacute;choueraient &laquo;&nbsp;&agrave; faire le pari de l&rsquo;&eacute;conomie verte&nbsp;&raquo;&nbsp;conna&icirc;traient&nbsp;&laquo;&nbsp;un&nbsp;avenir&nbsp;gris&nbsp;&raquo;.\n<\/p>\n<p>\n\tQuelques minutes apr&egrave;s la fin de la conf&eacute;rence de M. Trump annon&ccedil;ant le retrait des Etats-Unis, le secr&eacute;taire g&eacute;n&eacute;ral enjoignait dans un communiqu&eacute; les villes, les &eacute;tats et les entreprises am&eacute;ricaines &agrave; continuer &agrave; &oelig;uvrer &laquo;&nbsp;en faveur d&rsquo;une croissance &eacute;conomique durable et &agrave; faible &eacute;mission de carbone&nbsp;&raquo;. Les Etats-Unis doivent &laquo;&nbsp;rester un leader sur les questions environnementales&nbsp;&raquo; a-t-il lanc&eacute; dans un appel tr&egrave;s clair au secteur priv&eacute; &agrave;&nbsp;prendre&nbsp;le relais de l&rsquo;administration en place &agrave; Washington sur l&rsquo;action climatique.\n<\/p>\n<p>\n\tLe discours du pr&eacute;sident Trump jug&eacute; &laquo;&nbsp;isolationniste&nbsp;et&nbsp;inutilement haineux contre le reste du monde&nbsp;&raquo; par un diplomate europ&eacute;en, a surtout &eacute;t&eacute; per&ccedil;u comme une remise en cause du syst&egrave;me multilat&eacute;ral. &laquo;&nbsp;C&rsquo;est une d&eacute;cision arrogante&nbsp;&raquo;&nbsp;estime un ambassadeur, qui ne souhaite pas &ecirc;tre cit&eacute;.\n<\/p>\n<p>\n\tFran&ccedil;ois Delattre, le repr&eacute;sentant fran&ccedil;ais &agrave; l&rsquo;ONU, y voit un basculement possible des&nbsp;jeux&nbsp;de puissance. &laquo;&nbsp;Sur le plan&nbsp;g&eacute;opolitique, la d&eacute;cision am&eacute;ricaine peut &ecirc;tre lue comme un facteur d&rsquo;&eacute;rosion du leadership moral et&nbsp;politique&nbsp;des Etats Unis&nbsp;: l&rsquo;Am&eacute;rique est per&ccedil;ue comme &eacute;tant du mauvais c&ocirc;t&eacute; de l&rsquo;histoire&nbsp;passant du statut de garant en dernier recours de l&rsquo;ordre mondial &agrave; celui de menace pour l&rsquo;&eacute;quilibre de notre plan&egrave;te.&nbsp;&raquo;\n<\/p>\n<p>\n\tL&rsquo;inqui&eacute;tude des pays menac&eacute;s par la mont&eacute;e des eaux\n<\/p>\n<p>\n\tMais les critiques les plus virulents restent les repr&eacute;sentants des petites &icirc;les, gravement menac&eacute;es par la mont&eacute;e des eaux. L&rsquo;ambassadeur des&nbsp;Seychelles&nbsp;&agrave; l&rsquo;ONU, Ronny Jumeau, dont le pays conna&icirc;t d&eacute;j&agrave; une &eacute;rosion catastrophique des c&ocirc;tes et des &eacute;pisodes de s&eacute;cheresse inhabituels, estime &laquo;&nbsp;vital&nbsp;&raquo; que les autres pays membres de l&rsquo;accord de Paris &laquo;&nbsp;ne se saisissent pas de cette opportunit&eacute; pour&nbsp;ralentir&nbsp;leur contribution ou sortir de l&rsquo;accord&nbsp;&raquo;.\n<\/p>\n<p>\n\tDonald Trump a en effet sembl&eacute;&nbsp;annoncer&nbsp;la fin de la participation am&eacute;ricaine au fond vert, l&rsquo;instrument financier cr&eacute;e par l&rsquo;accord de Paris pour&nbsp;aider&nbsp;les pays les plus pauvres et les plus menac&eacute;s &agrave;&nbsp;lutter&nbsp;contre le changement climatique. Barack Obama avait fait une contribution &agrave; ce fond d&rsquo;un milliard de dollars &agrave; la fin de son mandat.\n<\/p>\n<p>\n\t&nbsp;<\/p>\n","protected":false},"excerpt":{"rendered":"<p>Il a &eacute;t&eacute; le premier &agrave;&nbsp;r&eacute;agir. L&rsquo;ancien pr&eacute;sident d&eacute;mocrate&nbsp;Barack Obama,&nbsp;qui avait ratifi&eacute; fin 2015 l&rsquo;accord de Paris sur le climat, a d&eacute;nonc&eacute; jeudi 1er&nbsp;juin&nbsp;la d&eacute;cision de son successeur de se retirer de ce texte historique, estimant que&nbsp;Donald Trump&nbsp;&laquo;&nbsp;rejetait l&rsquo;avenir&nbsp;&raquo;.&nbsp;&laquo;&nbsp;J&rsquo;estime que les Etats-Unis devraient se&nbsp;trouver&nbsp;&agrave; l&rsquo;avant-garde&nbsp;&raquo;, a d&eacute;clar&eacute; dans un communiqu&eacute; M.&nbsp;Obama. &laquo;&nbsp;Mais m&ecirc;me en l&rsquo;absence [&hellip;]<\/p>\n","protected":false},"author":2,"featured_media":6769,"comment_status":"open","ping_status":"open","sticky":false,"template":"","format":"standard","meta":{"_jetpack_memberships_contains_paid_content":false,"footnotes":"","jetpack_publicize_message":"","jetpack_publicize_feature_enabled":true,"jetpack_social_post_already_shared":true,"jetpack_social_options":{"image_generator_settings":{"template":"highway","default_image_id":0,"font":"","enabled":false},"version":2},"_wpas_customize_per_network":false},"categories":[405],"tags":[1603],"class_list":["post-6767","post","type-post","status-publish","format-standard","has-post-thumbnail","hentry","category-actu-france-monde","tag-accord-de-paris"],"jetpack_publicize_connections":[],"jetpack_featured_media_url":"https:\/\/i0.wp.com\/www.iceagetv.com\/radiosite\/wp-content\/uploads\/2017\/06\/accord-de-Paris.jpg?fit=534%2C266&ssl=1","jetpack_sharing_enabled":true,"_links":{"self":[{"href":"https:\/\/www.iceagetv.com\/radiosite\/wp-json\/wp\/v2\/posts\/6767","targetHints":{"allow":["GET"]}}],"collection":[{"href":"https:\/\/www.iceagetv.com\/radiosite\/wp-json\/wp\/v2\/posts"}],"about":[{"href":"https:\/\/www.iceagetv.com\/radiosite\/wp-json\/wp\/v2\/types\/post"}],"author":[{"embeddable":true,"href":"https:\/\/www.iceagetv.com\/radiosite\/wp-json\/wp\/v2\/users\/2"}],"replies":[{"embeddable":true,"href":"https:\/\/www.iceagetv.com\/radiosite\/wp-json\/wp\/v2\/comments?post=6767"}],"version-history":[{"count":2,"href":"https:\/\/www.iceagetv.com\/radiosite\/wp-json\/wp\/v2\/posts\/6767\/revisions"}],"predecessor-version":[{"id":6770,"href":"https:\/\/www.iceagetv.com\/radiosite\/wp-json\/wp\/v2\/posts\/6767\/revisions\/6770"}],"wp:featuredmedia":[{"embeddable":true,"href":"https:\/\/www.iceagetv.com\/radiosite\/wp-json\/wp\/v2\/media\/6769"}],"wp:attachment":[{"href":"https:\/\/www.iceagetv.com\/radiosite\/wp-json\/wp\/v2\/media?parent=6767"}],"wp:term":[{"taxonomy":"category","embeddable":true,"href":"https:\/\/www.iceagetv.com\/radiosite\/wp-json\/wp\/v2\/categories?post=6767"},{"taxonomy":"post_tag","embeddable":true,"href":"https:\/\/www.iceagetv.com\/radiosite\/wp-json\/wp\/v2\/tags?post=6767"}],"curies":[{"name":"wp","href":"https:\/\/api.w.org\/{rel}","templated":true}]}}