{"id":6838,"date":"2017-06-16T09:27:55","date_gmt":"2017-06-16T09:27:55","guid":{"rendered":"http:\/\/www.iceagetv.com\/radiosite\/?p=6838"},"modified":"2017-06-16T09:27:55","modified_gmt":"2017-06-16T09:27:55","slug":"europe-1-officialise-larrivee-de-daphne-burki","status":"publish","type":"post","link":"https:\/\/www.iceagetv.com\/radiosite\/europe-1-officialise-larrivee-de-daphne-burki\/","title":{"rendered":"Europe 1 officialise l&rsquo;arriv\u00e9e de Daphn\u00e9 B\u00fcrki"},"content":{"rendered":"<p>\n\tL&#39;animatrice rejoint les rangs de la station de la rue Fran&ccedil;ois Ier.\n<\/p>\n<p>\n\tDaphn&eacute; B&uuml;rki&nbsp;rebondit sur&nbsp;Europe 1. La station de la rue Fran&ccedil;ois Ier&nbsp;annonce ce matin&nbsp;l&#39;arriv&eacute;e de l&#39;animatrice sur son antenne d&egrave;s la rentr&eacute;e prochaine. Une information qui circulait depuis plus d&#39;un mois,&nbsp;&quot;Le Figaro&quot;&nbsp;ayant fait &eacute;tat d&#39;une possible arriv&eacute;e de l&#39;animatrice d&egrave;s le 18 mai dernier. Pressentie pour une quotidienne en matin&eacute;e, la station du groupe Lagard&egrave;re se garde pour l&#39;heure de communiquer sur l&#39;horaire auquel officiera l&#39;animatrice de &quot;La Nouvelle &Eacute;dition&quot;.ecrut&eacute;e par la future nouvelle direction d&#39;Europe 1 compos&eacute;e par le tandem constitu&eacute; par Emmanuel Perreau et&nbsp;Fr&eacute;d&eacute;ric Schlesinger, Daphn&eacute; B&uuml;rki d&eacute;barque sur la station au logo bleu alors m&ecirc;me qu&#39;elle n&#39;a jamais offici&eacute; en radio. Une officialisation qui intervient alors que de nombreuses personnalit&eacute;s actuellement en grille sur Europe 1 sont encore dans l&#39;expectative concernant leur avenir sur la station. Si&nbsp;Thomas Sotto&nbsp;a d&eacute;j&agrave; &eacute;t&eacute; pri&eacute; de plier bagage pour c&eacute;der sa place &agrave;&nbsp;Patrick Cohen, Natacha Polony, elle,&nbsp;vient d&#39;apprendre son d&eacute;part.\n<\/p>\n<p>\n\tCe tournant dans la carri&egrave;re de Daphn&eacute; B&uuml;rki &eacute;tait attendu. Cette semaine, Canal+ a officialis&eacute; le d&eacute;part de celle qui &eacute;tait l&#39;une des figures du groupe depuis plus d&#39;une dizaine d&#39;ann&eacute;es. Remerci&eacute;e de la mi-journ&eacute;e de C8 o&ugrave; elle animait &quot;La Nouvelle &Eacute;dition&quot; depuis deux saisons, l&#39;animatrice est &eacute;galement en partance pour France 2, comme l&#39;ont r&eacute;v&eacute;l&eacute; nos confr&egrave;res du &quot;Parisien&quot;.<\/p>\n","protected":false},"excerpt":{"rendered":"<p>L&#39;animatrice rejoint les rangs de la station de la rue Fran&ccedil;ois Ier. Daphn&eacute; B&uuml;rki&nbsp;rebondit sur&nbsp;Europe 1. La station de la rue Fran&ccedil;ois Ier&nbsp;annonce ce matin&nbsp;l&#39;arriv&eacute;e de l&#39;animatrice sur son antenne d&egrave;s la rentr&eacute;e prochaine. Une information qui circulait depuis plus d&#39;un mois,&nbsp;&quot;Le Figaro&quot;&nbsp;ayant fait &eacute;tat d&#39;une possible arriv&eacute;e de l&#39;animatrice d&egrave;s le 18 mai dernier. [&hellip;]<\/p>\n","protected":false},"author":2,"featured_media":6839,"comment_status":"open","ping_status":"open","sticky":false,"template":"","format":"standard","meta":{"_jetpack_memberships_contains_paid_content":false,"footnotes":"","jetpack_publicize_message":"","jetpack_publicize_feature_enabled":true,"jetpack_social_post_already_shared":true,"jetpack_social_options":{"image_generator_settings":{"template":"highway","default_image_id":0,"font":"","enabled":false},"version":2},"_wpas_customize_per_network":false},"categories":[68],"tags":[1621],"class_list":["post-6838","post","type-post","status-publish","format-standard","has-post-thumbnail","hentry","category-actu-culturelle","tag-daphne-burki"],"jetpack_publicize_connections":[],"jetpack_featured_media_url":"https:\/\/i0.wp.com\/www.iceagetv.com\/radiosite\/wp-content\/uploads\/2017\/06\/Daphn%C3%A9-B%C3%BCrki.jpg?fit=646%2C600&ssl=1","jetpack_sharing_enabled":true,"_links":{"self":[{"href":"https:\/\/www.iceagetv.com\/radiosite\/wp-json\/wp\/v2\/posts\/6838","targetHints":{"allow":["GET"]}}],"collection":[{"href":"https:\/\/www.iceagetv.com\/radiosite\/wp-json\/wp\/v2\/posts"}],"about":[{"href":"https:\/\/www.iceagetv.com\/radiosite\/wp-json\/wp\/v2\/types\/post"}],"author":[{"embeddable":true,"href":"https:\/\/www.iceagetv.com\/radiosite\/wp-json\/wp\/v2\/users\/2"}],"replies":[{"embeddable":true,"href":"https:\/\/www.iceagetv.com\/radiosite\/wp-json\/wp\/v2\/comments?post=6838"}],"version-history":[{"count":1,"href":"https:\/\/www.iceagetv.com\/radiosite\/wp-json\/wp\/v2\/posts\/6838\/revisions"}],"predecessor-version":[{"id":6840,"href":"https:\/\/www.iceagetv.com\/radiosite\/wp-json\/wp\/v2\/posts\/6838\/revisions\/6840"}],"wp:featuredmedia":[{"embeddable":true,"href":"https:\/\/www.iceagetv.com\/radiosite\/wp-json\/wp\/v2\/media\/6839"}],"wp:attachment":[{"href":"https:\/\/www.iceagetv.com\/radiosite\/wp-json\/wp\/v2\/media?parent=6838"}],"wp:term":[{"taxonomy":"category","embeddable":true,"href":"https:\/\/www.iceagetv.com\/radiosite\/wp-json\/wp\/v2\/categories?post=6838"},{"taxonomy":"post_tag","embeddable":true,"href":"https:\/\/www.iceagetv.com\/radiosite\/wp-json\/wp\/v2\/tags?post=6838"}],"curies":[{"name":"wp","href":"https:\/\/api.w.org\/{rel}","templated":true}]}}