{"id":6909,"date":"2017-06-30T15:18:10","date_gmt":"2017-06-30T15:18:10","guid":{"rendered":"http:\/\/www.iceagetv.com\/radiosite\/?p=6909"},"modified":"2017-06-30T15:18:10","modified_gmt":"2017-06-30T15:18:10","slug":"simone-veil-mere-courage-de-generation-robert-badinter","status":"publish","type":"post","link":"https:\/\/www.iceagetv.com\/radiosite\/simone-veil-mere-courage-de-generation-robert-badinter\/","title":{"rendered":"Simone Veil, la m\u00e8re courage de notre g\u00e9n\u00e9ration \u00bb, par Robert Badinter"},"content":{"rendered":"<p>\n\tQu&rsquo;est-ce qui fait la grandeur de Simone Veil ?\n<\/p>\n<p>\n\tCertains &eacute;voqueront ses fonctions &eacute;minentes, deux fois ministre, d&eacute;put&eacute;e europ&eacute;enne et Pr&eacute;sidente du Parlement europ&eacute;en, membre du Conseil constitutionnel.\n<\/p>\n<p>\n\tQuelques-uns salueront l&rsquo;&eacute;clat de ses titres, d&eacute;cern&eacute;s sans jamais avoir &eacute;t&eacute; sollicit&eacute;s, Grand-Croix de la L&eacute;gion d&rsquo;honneur et bien d&rsquo;autres ordres &eacute;trangers qui t&eacute;moignent du cr&eacute;dit international dont elle jouit.\n<\/p>\n<p>\n\tD&rsquo;autres souligneront l&rsquo;&eacute;tendue de sa culture et sa passion pour les arts. Ils rappelleront que Simone Veil est aussi une &eacute;crivaine, dont le livre&nbsp;Une Vie&nbsp;a connu un &eacute;clatant succ&egrave;s et lui a ouvert les portes de l&rsquo;Acad&eacute;mie fran&ccedil;aise.\n<\/p>\n<p>\n\tBeaucoup enfin s&rsquo;attacheront a la noblesse des causes qu&rsquo;elle a toujours soutenues : les droits humains, et d&rsquo;abord les droits des femmes, les progr&egrave;s de l&rsquo;Union europ&eacute;enne et l&rsquo;affermissement de l&rsquo;&Eacute;tat de droit.Sa vie exemplaire, son amour des siens, sa fid&eacute;lit&eacute; sans faille aux valeurs de la R&eacute;publique, son attachement &agrave; la cause des femmes, ont fait de Simone Veil un mod&egrave;le de ce que doit &ecirc;tre une personnalit&eacute; politique de premier rang.\n<\/p>\n<p>\n\tCependant, la vie de Simone Veil, &agrave; bien des &eacute;gards combl&eacute;e, est marqu&eacute;e d&rsquo;&eacute;preuves cruelles et de deuils. Au c&oelig;ur de la vie de Simone, comme un foyer de braises jamais &eacute;teintes et toujours pr&ecirc;t a s&rsquo;enflammer, il y a son exp&eacute;rience de la d&eacute;portation, du chemin de souffrances qu&rsquo;ont suivi des millions de juifs venus de tous les points cardinaux de l&rsquo;Europe occup&eacute;e par les nazis, et qui conduisait &agrave; Auschwitz-Birkenau et a la mort programm&eacute;e.\n<\/p>\n<p>\n\tBien des r&eacute;cits, bien des &oelig;uvres litt&eacute;raires ou cin&eacute;matographiques ont &eacute;voqu&eacute; cet ultime voyage dans les wagons a bestiaux ou les d&eacute;port&eacute;s ne pouvaient m&ecirc;me pas s&rsquo;allonger. Nombreux &eacute;taient les vieillards ou malades qui mouraient dans ce transport. Quelques tr&egrave;s rares survivants au regard perdu d&rsquo;angoisse r&eacute;trospective l&rsquo;ont racont&eacute; : l&rsquo;arriv&eacute;e sur le quai de Birkenau ou les attendaient chiens loups et SS, cravache en main, la s&eacute;lection par le m&eacute;decin nazi et la fum&eacute;e &eacute;paisse et noire des cr&eacute;matoires.\n<\/p>\n<p>\n\tSimone a v&eacute;cu &agrave; seize ans cet enfer-la. Elle a connu la marche de la mort lorsque les SS ont vid&eacute; Auschwitz de ses survivants pour les acheminer dans le froid glacial de l&rsquo;hiver jusqu&rsquo; aux camps de concentration en Allemagne. L&agrave;, &agrave; Bergen-Belsen, sa m&egrave;re malade devait succomber dans ses bras avant leur lib&eacute;ration par les Alli&eacute;s. Sa soeur, r&eacute;sistante, d&eacute;port&eacute;e a Ravensbr&uuml;ck, a pu survivre, mais son p&egrave;re et son fr&egrave;re, arr&ecirc;t&eacute;s avec elle, disparurent en Lituanie.\n<\/p>\n<p>\n\tTelle a &eacute;t&eacute; l&rsquo;adolescence de Simone Veil. Nous savons que les souffrances v&eacute;cues l&agrave; par les d&eacute;port&eacute;s sont incommunicables &agrave; ceux qui ne les ont pas connues. Mais Simone Veil a trouv&eacute; en elle la force vitale et le caract&egrave;re qui lui ont fait r&eacute;pondre aux pires &eacute;preuves par un hymne a la vie.\n<\/p>\n<p>\n\tTelle est la victoire morale de Simone Veil sur les nazis. Elle a refus&eacute; la tentation de la d&eacute;sesp&eacute;rance dans l&rsquo;&ecirc;tre humain et choisi de toutes ses forces la vie. Et celle-ci a justement combl&eacute; l&rsquo;adolescente d&rsquo;Auschwitz, aupr&egrave;s de son mari Antoine, de leurs enfants et de leurs petits-enfants.\n<\/p>\n<p>\n\t&Agrave; mesurer l&rsquo;immensit&eacute; des &eacute;preuves qu&rsquo;elle a connues et surmont&eacute;es, on comprend pourquoi tant de respect, d&rsquo;admiration et d&rsquo;affection entourent Simone Veil, la &laquo; m&egrave;re courage &raquo; de notre g&eacute;n&eacute;ration.\n<\/p>\n<p>\n\tElle a, par son exemple, montr&eacute; qu&rsquo;une vie ne prend sens que si elle transcende notre &eacute;goisme par la grandeur morale des causes que l&rsquo;on sert. &Agrave; pr&eacute;sent que s&rsquo;effacent les survivants de notre g&eacute;n&eacute;ration, je salue Simone Veil, Juste entre les Justes.<\/p>\n","protected":false},"excerpt":{"rendered":"<p>Qu&rsquo;est-ce qui fait la grandeur de Simone Veil ? Certains &eacute;voqueront ses fonctions &eacute;minentes, deux fois ministre, d&eacute;put&eacute;e europ&eacute;enne et Pr&eacute;sidente du Parlement europ&eacute;en, membre du Conseil constitutionnel. Quelques-uns salueront l&rsquo;&eacute;clat de ses titres, d&eacute;cern&eacute;s sans jamais avoir &eacute;t&eacute; sollicit&eacute;s, Grand-Croix de la L&eacute;gion d&rsquo;honneur et bien d&rsquo;autres ordres &eacute;trangers qui t&eacute;moignent du cr&eacute;dit international [&hellip;]<\/p>\n","protected":false},"author":2,"featured_media":6910,"comment_status":"open","ping_status":"open","sticky":false,"template":"","format":"standard","meta":{"_jetpack_memberships_contains_paid_content":false,"footnotes":"","jetpack_publicize_message":"","jetpack_publicize_feature_enabled":true,"jetpack_social_post_already_shared":true,"jetpack_social_options":{"image_generator_settings":{"template":"highway","default_image_id":0,"font":"","enabled":false},"version":2},"_wpas_customize_per_network":false},"categories":[405],"tags":[1637],"class_list":["post-6909","post","type-post","status-publish","format-standard","has-post-thumbnail","hentry","category-actu-france-monde","tag-simone-veil"],"jetpack_publicize_connections":[],"jetpack_featured_media_url":"https:\/\/i0.wp.com\/www.iceagetv.com\/radiosite\/wp-content\/uploads\/2017\/06\/Simone-Veil.jpg?fit=729%2C486&ssl=1","jetpack_sharing_enabled":true,"_links":{"self":[{"href":"https:\/\/www.iceagetv.com\/radiosite\/wp-json\/wp\/v2\/posts\/6909","targetHints":{"allow":["GET"]}}],"collection":[{"href":"https:\/\/www.iceagetv.com\/radiosite\/wp-json\/wp\/v2\/posts"}],"about":[{"href":"https:\/\/www.iceagetv.com\/radiosite\/wp-json\/wp\/v2\/types\/post"}],"author":[{"embeddable":true,"href":"https:\/\/www.iceagetv.com\/radiosite\/wp-json\/wp\/v2\/users\/2"}],"replies":[{"embeddable":true,"href":"https:\/\/www.iceagetv.com\/radiosite\/wp-json\/wp\/v2\/comments?post=6909"}],"version-history":[{"count":1,"href":"https:\/\/www.iceagetv.com\/radiosite\/wp-json\/wp\/v2\/posts\/6909\/revisions"}],"predecessor-version":[{"id":6911,"href":"https:\/\/www.iceagetv.com\/radiosite\/wp-json\/wp\/v2\/posts\/6909\/revisions\/6911"}],"wp:featuredmedia":[{"embeddable":true,"href":"https:\/\/www.iceagetv.com\/radiosite\/wp-json\/wp\/v2\/media\/6910"}],"wp:attachment":[{"href":"https:\/\/www.iceagetv.com\/radiosite\/wp-json\/wp\/v2\/media?parent=6909"}],"wp:term":[{"taxonomy":"category","embeddable":true,"href":"https:\/\/www.iceagetv.com\/radiosite\/wp-json\/wp\/v2\/categories?post=6909"},{"taxonomy":"post_tag","embeddable":true,"href":"https:\/\/www.iceagetv.com\/radiosite\/wp-json\/wp\/v2\/tags?post=6909"}],"curies":[{"name":"wp","href":"https:\/\/api.w.org\/{rel}","templated":true}]}}