{"id":6957,"date":"2017-07-08T07:59:41","date_gmt":"2017-07-08T07:59:41","guid":{"rendered":"http:\/\/www.iceagetv.com\/radiosite\/?p=6957"},"modified":"2017-07-08T07:59:41","modified_gmt":"2017-07-08T07:59:41","slug":"drame-ludovic-chancel-fils-de-chanteuse-sheila-de-ringo-sest-suicide-etait-age-de-42-ans","status":"publish","type":"post","link":"https:\/\/www.iceagetv.com\/radiosite\/drame-ludovic-chancel-fils-de-chanteuse-sheila-de-ringo-sest-suicide-etait-age-de-42-ans\/","title":{"rendered":"Drame: Ludovic Chancel, le fils de la chanteuse Sheila et de Ringo, s&rsquo;est suicid\u00e9 &#8211; Il \u00e9tait \u00e2g\u00e9 de 42 ans"},"content":{"rendered":"<p>\n\tLudovic Chancel, fils de Sheila et Ringo s&#39;est suicid&eacute; cette nuit.\n<\/p>\n<p>\n\tC&#39;est via un communiqu&eacute; de presse transmis par le manager de la chanteuse que l&#39;annonce a &eacute;t&eacute; faite:\n<\/p>\n<p>\n\t&quot;Sheila a la douleur d&#39;annoncer le d&eacute;c&egrave;s de son fils, Ludovic, survenu dans la nuit du 7 au 8 juillet, &agrave; l&#39;&acirc;ge de 42 ans. L&#39;inhumation aura lieu dans l&#39;intimit&eacute; familiale. Afin de respecter une m&egrave;re en deuil, il n&#39;y aura aucune r&eacute;ponse par Sheila ou son entourage aux &eacute;ventuelles sollicitations m&eacute;diatiques.&quot;\n<\/p>\n<p>\n\tDans son livre publi&eacute; en 2005, &quot;Fils de&#8230;&quot;, aux &eacute;ditions Flammarion, racontait sa vie compliqu&eacute;e et pleine d&#39;exc&egrave;s. Il expliquait qu&#39;apr&egrave;s avoir choisi, &agrave; 17 ans, de vivre seul, apr&egrave;s un premier mariage rat&eacute; et, avec une autre femme, une paternit&eacute; non d&eacute;sir&eacute;e, il est tomb&eacute; dans l&#39;autodestruction: la drogue, le ch&ocirc;mage, les dettes et, pour s&#39;en sortir, la prostitution.&nbsp;\n<\/p>\n<p>\n\tLe fils de Ringo et de Sheila, qui fut, &agrave; sa naissance, le centre de tous les regards, le b&eacute;b&eacute; le plus m&eacute;diatis&eacute; de France, s&#39;est prostitu&eacute; dans le bois de Boulogne avant d&#39;offrir ses services par le Net! Pourtant, le choix du nom de Chancel (son vrai nom est Fr&eacute;d&eacute;ric Bayle) &nbsp;indique qu&#39;en sortant d&#39;une cure de d&eacute;sintoxication et d&#39;un long travail sur lui-m&ecirc;me, il veut se reposer sur sa m&egrave;re:\n<\/p>\n<p>\n\t&laquo;Quoi que je fasse et quels que soient mes efforts pour tenter d&#39;exister par moi-m&ecirc;me, je suis et je reste le fils de Sheila, la petite fianc&eacute;e des Fran&ccedil;ais, moi qui ne demandais rien d&#39;autre que d&#39;&ecirc;tre celui d&#39;Annie Chancel.\n<\/p>\n<p>\n\tEn choisissant de m&#39;exposer, de raconter mes descentes aux enfers, mes d&eacute;rives et mes exc&egrave;s&#8230; je ne souhaite qu&#39;une chose: reprendre ma vie en main et sortir enfin de l&#39;ombre de ma m&egrave;re. J&#39;ai juste essay&eacute; de lui expliquer ce que j&#39;ai v&eacute;cu, sans pour autant la mettre en cause dans mon errance.\n<\/p>\n<p>\n\tCette vie qu&#39;elle m&#39;a donn&eacute;e et dont j&#39;ai g&acirc;ch&eacute; tant d&#39;ann&eacute;es d&eacute;j&agrave;, aujourd&#39;hui je souhaite en exorciser les d&eacute;mons. Je connais trop ma m&egrave;re pour ne pas savoir qu&#39;elle verra sans doute des reproches l&agrave; o&ugrave; il n&#39;y a qu&#39;une tentative pour expliquer mon parcours et prendre du recul.\n<\/p>\n<p>\n\tMais je sais que, comme la plupart des parents, elle a fait de son mieux et que, sous les paillettes, la gloire et le succ&egrave;s, son chemin a lui aussi &eacute;t&eacute; sem&eacute; d&#39;&eacute;pines. J&#39;esp&egrave;re simplement qu&#39;elle recevra mon livre comme la plus longue lettre d&#39;amour qu&#39;un homme lui ait jamais &eacute;crite.&raquo;&nbsp;<\/p>\n","protected":false},"excerpt":{"rendered":"<p>Ludovic Chancel, fils de Sheila et Ringo s&#39;est suicid&eacute; cette nuit. C&#39;est via un communiqu&eacute; de presse transmis par le manager de la chanteuse que l&#39;annonce a &eacute;t&eacute; faite: &quot;Sheila a la douleur d&#39;annoncer le d&eacute;c&egrave;s de son fils, Ludovic, survenu dans la nuit du 7 au 8 juillet, &agrave; l&#39;&acirc;ge de 42 ans. L&#39;inhumation [&hellip;]<\/p>\n","protected":false},"author":2,"featured_media":6958,"comment_status":"open","ping_status":"open","sticky":false,"template":"","format":"standard","meta":{"_jetpack_memberships_contains_paid_content":false,"footnotes":"","jetpack_publicize_message":"","jetpack_publicize_feature_enabled":true,"jetpack_social_post_already_shared":true,"jetpack_social_options":{"image_generator_settings":{"template":"highway","default_image_id":0,"font":"","enabled":false},"version":2},"_wpas_customize_per_network":false},"categories":[68],"tags":[1651],"class_list":["post-6957","post","type-post","status-publish","format-standard","has-post-thumbnail","hentry","category-actu-culturelle","tag-ludovic-chancel"],"jetpack_publicize_connections":[],"jetpack_featured_media_url":"https:\/\/i0.wp.com\/www.iceagetv.com\/radiosite\/wp-content\/uploads\/2017\/07\/Ludovic-Chancel.jpg?fit=750%2C324&ssl=1","jetpack_sharing_enabled":true,"_links":{"self":[{"href":"https:\/\/www.iceagetv.com\/radiosite\/wp-json\/wp\/v2\/posts\/6957","targetHints":{"allow":["GET"]}}],"collection":[{"href":"https:\/\/www.iceagetv.com\/radiosite\/wp-json\/wp\/v2\/posts"}],"about":[{"href":"https:\/\/www.iceagetv.com\/radiosite\/wp-json\/wp\/v2\/types\/post"}],"author":[{"embeddable":true,"href":"https:\/\/www.iceagetv.com\/radiosite\/wp-json\/wp\/v2\/users\/2"}],"replies":[{"embeddable":true,"href":"https:\/\/www.iceagetv.com\/radiosite\/wp-json\/wp\/v2\/comments?post=6957"}],"version-history":[{"count":1,"href":"https:\/\/www.iceagetv.com\/radiosite\/wp-json\/wp\/v2\/posts\/6957\/revisions"}],"predecessor-version":[{"id":6959,"href":"https:\/\/www.iceagetv.com\/radiosite\/wp-json\/wp\/v2\/posts\/6957\/revisions\/6959"}],"wp:featuredmedia":[{"embeddable":true,"href":"https:\/\/www.iceagetv.com\/radiosite\/wp-json\/wp\/v2\/media\/6958"}],"wp:attachment":[{"href":"https:\/\/www.iceagetv.com\/radiosite\/wp-json\/wp\/v2\/media?parent=6957"}],"wp:term":[{"taxonomy":"category","embeddable":true,"href":"https:\/\/www.iceagetv.com\/radiosite\/wp-json\/wp\/v2\/categories?post=6957"},{"taxonomy":"post_tag","embeddable":true,"href":"https:\/\/www.iceagetv.com\/radiosite\/wp-json\/wp\/v2\/tags?post=6957"}],"curies":[{"name":"wp","href":"https:\/\/api.w.org\/{rel}","templated":true}]}}