{"id":7026,"date":"2017-07-18T19:21:20","date_gmt":"2017-07-18T19:21:20","guid":{"rendered":"http:\/\/www.iceagetv.com\/radiosite\/?p=7026"},"modified":"2017-07-18T19:21:20","modified_gmt":"2017-07-18T19:21:20","slug":"a-rentree-tiers-ecoles-seront-a-semaine-de-quatre-jours","status":"publish","type":"post","link":"https:\/\/www.iceagetv.com\/radiosite\/a-rentree-tiers-ecoles-seront-a-semaine-de-quatre-jours\/","title":{"rendered":"A la rentr\u00e9e, un tiers des \u00e9coles seront \u00e0 la semaine de quatre jours"},"content":{"rendered":"<p>\n\tParis (AFP) &#8211; Pr&egrave;s d&#39;un tiers des &eacute;coles primaires passeront &agrave; la semaine de quatre jours &agrave; la rentr&eacute;e prochaine, en accord avec les municipalit&eacute;s, &agrave; la place de la semaine de quatre jours et demi instaur&eacute;e sous le&nbsp;quinquennatpr&eacute;c&eacute;dent, a indiqu&eacute; mardi le minist&egrave;re de l&rsquo;&Eacute;ducation.\n<\/p>\n<p>\n\tCes &eacute;tablissements (soit exactement 31,8% des &eacute;coles&nbsp;primaires&nbsp;en France) scolarisent 28,7% des jeunes &eacute;l&egrave;ves, a ajout&eacute; le minist&egrave;re dans un communiqu&eacute;. Ce sont &quot;surtout&quot; les communes rurales qui se sont empar&eacute;es de cette &quot;libert&eacute; nouvelle&quot;, a pr&eacute;cis&eacute; la rue de Grenelle. Les villes, &quot;a fortiori les grandes villes&quot;, ont plut&ocirc;t &quot;choisi de conserver l&#39;organisation de la semaine sur quatre jours et demi&quot;.\n<\/p>\n<p>\n\tPour conna&icirc;tre les &eacute;coles concern&eacute;es par cette nouvelle organisation, les parents peuvent consulter sur&nbsp;internet&nbsp;le site&nbsp;education.gouv.fr\/horaires-&eacute;coles.\n<\/p>\n<p>\n\tParmi les tr&egrave;s grandes villes,&nbsp;Paris&nbsp;avait pr&eacute;c&eacute;demment indiqu&eacute; maintenir les 4,5 jours et&nbsp;Marseille&nbsp;avait annonc&eacute; qu&#39;elle passerait aux quatre jours &agrave; la rentr&eacute;e 2018.Pour les communes qui le mettront en &oelig;uvre, il s&#39;agira du troisi&egrave;me changement de rythmes pour les &eacute;coliers en neuf ans, apr&egrave;s la semaine de quatre jours institu&eacute;e sous Nicolas Sarkozy en 2008, puis celle de neuf demi-journ&eacute;es en 2013 ou 2014. La plupart des &eacute;coles avaient alors opt&eacute; pour travailler le mercredi matin.\n<\/p>\n<p>\n\tCe retour &agrave; la semaine de quatre jours est rendu possible par une d&eacute;rogation, pr&eacute;cis&eacute;e dans un d&eacute;cret publi&eacute; fin juin. Ce d&eacute;cret modifie la r&eacute;partition sur la semaine des heures d&#39;enseignement, mais le volume horaire&nbsp;total&nbsp;sur une semaine ou sur l&#39;ann&eacute;e scolaire est le m&ecirc;me, quel que soit le rythme adopt&eacute;.\n<\/p>\n<p>\n\t&quot;Ce mouvement montre que les acteurs de terrain se sont saisis de la libert&eacute; nouvelle qui leur &eacute;tait offerte pour mettre en place des organisations correspondant aux besoins de leurs territoires&quot;, se f&eacute;licite le minist&egrave;re &agrave; propos de cette d&eacute;rogation, pourtant controvers&eacute;e.\n<\/p>\n<p>\n\tEn 2013, la r&eacute;forme instaurant les 4,5 jours de classe &eacute;tait recommand&eacute;e par les chronobiologistes et autres sp&eacute;cialistes, dont l&#39;Acad&eacute;mie de m&eacute;decine, qui soulignaient la longueur des journ&eacute;es de classe en&nbsp;France, peu propice aux enseignements, notamment pour les plus fragiles. L&#39;Acad&eacute;mie de m&eacute;decine notait alors que l&#39;int&eacute;r&ecirc;t de l&#39;enfant devait primer sur celui des adultes.\n<\/p>\n<p>\n\tLa rue de Grenelle donne quelques exemples de communes de plus de 50.000 habitants ayant choisi la semaine de quatre jours: toutes les grandes villes du&nbsp;Var&nbsp;et des&nbsp;Alpes-Maritimes&nbsp;(Antibes,&nbsp;Cannes,&nbsp;Nice,&nbsp;Toulon, Hy&egrave;res, etc.), ou encore&nbsp;Tourcoing&nbsp;et&nbsp;Calais&nbsp;dans l&#39;acad&eacute;mie de&nbsp;Lille.\n<\/p>\n<p>\n\tAu sein d&#39;une m&ecirc;me acad&eacute;mie, les d&eacute;partements ruraux sont souvent ceux qui affichent le plus fort taux de retour &agrave; la semaine de quatre jours. Ainsi, 53% des &eacute;coles dans l&#39;acad&eacute;mie de&nbsp;Montpellier&nbsp;adoptent la semaine de quatre jours, dont 83% dans les Pyr&eacute;n&eacute;es-Orientales et 85% en Loz&egrave;re.\n<\/p>\n<p>\n\t&quot;Les diff&eacute;rentes organisations du temps scolaire seront &eacute;valu&eacute;es&quot; au cours de l&#39;ann&eacute;e scolaire 2017\/18, a ajout&eacute; la rue de Grenelle. La situation nouvelle &quot;doit &ecirc;tre l&#39;occasion d&#39;un progr&egrave;s dans l&#39;organisation des activit&eacute;s p&eacute;riscolaires par la coop&eacute;ration entre les communes, l&rsquo;&Eacute;ducation nationale et les structures de la jeunesse et de la vie associative&quot;, a-t-elle not&eacute;.<\/p>\n","protected":false},"excerpt":{"rendered":"<p>Paris (AFP) &#8211; Pr&egrave;s d&#39;un tiers des &eacute;coles primaires passeront &agrave; la semaine de quatre jours &agrave; la rentr&eacute;e prochaine, en accord avec les municipalit&eacute;s, &agrave; la place de la semaine de quatre jours et demi instaur&eacute;e sous le&nbsp;quinquennatpr&eacute;c&eacute;dent, a indiqu&eacute; mardi le minist&egrave;re de l&rsquo;&Eacute;ducation. Ces &eacute;tablissements (soit exactement 31,8% des &eacute;coles&nbsp;primaires&nbsp;en France) scolarisent [&hellip;]<\/p>\n","protected":false},"author":2,"featured_media":7027,"comment_status":"open","ping_status":"open","sticky":false,"template":"","format":"standard","meta":{"_jetpack_memberships_contains_paid_content":false,"footnotes":"","jetpack_publicize_message":"","jetpack_publicize_feature_enabled":true,"jetpack_social_post_already_shared":true,"jetpack_social_options":{"image_generator_settings":{"template":"highway","default_image_id":0,"font":"","enabled":false},"version":2},"_wpas_customize_per_network":false},"categories":[405],"tags":[1671],"class_list":["post-7026","post","type-post","status-publish","format-standard","has-post-thumbnail","hentry","category-actu-france-monde","tag-pres-dun-tiers-des-ecoles-primaires-passeront-a-la-semaine-de-quatre-jours"],"jetpack_publicize_connections":[],"jetpack_featured_media_url":"https:\/\/i0.wp.com\/www.iceagetv.com\/radiosite\/wp-content\/uploads\/2017\/07\/Pr%C3%A8s-dun-tiers-des-%C3%A9coles-primaires-passeront-%C3%A0-la-semaine-de-quatre-jours.jpg?fit=965%2C466&ssl=1","jetpack_sharing_enabled":true,"_links":{"self":[{"href":"https:\/\/www.iceagetv.com\/radiosite\/wp-json\/wp\/v2\/posts\/7026","targetHints":{"allow":["GET"]}}],"collection":[{"href":"https:\/\/www.iceagetv.com\/radiosite\/wp-json\/wp\/v2\/posts"}],"about":[{"href":"https:\/\/www.iceagetv.com\/radiosite\/wp-json\/wp\/v2\/types\/post"}],"author":[{"embeddable":true,"href":"https:\/\/www.iceagetv.com\/radiosite\/wp-json\/wp\/v2\/users\/2"}],"replies":[{"embeddable":true,"href":"https:\/\/www.iceagetv.com\/radiosite\/wp-json\/wp\/v2\/comments?post=7026"}],"version-history":[{"count":1,"href":"https:\/\/www.iceagetv.com\/radiosite\/wp-json\/wp\/v2\/posts\/7026\/revisions"}],"predecessor-version":[{"id":7028,"href":"https:\/\/www.iceagetv.com\/radiosite\/wp-json\/wp\/v2\/posts\/7026\/revisions\/7028"}],"wp:featuredmedia":[{"embeddable":true,"href":"https:\/\/www.iceagetv.com\/radiosite\/wp-json\/wp\/v2\/media\/7027"}],"wp:attachment":[{"href":"https:\/\/www.iceagetv.com\/radiosite\/wp-json\/wp\/v2\/media?parent=7026"}],"wp:term":[{"taxonomy":"category","embeddable":true,"href":"https:\/\/www.iceagetv.com\/radiosite\/wp-json\/wp\/v2\/categories?post=7026"},{"taxonomy":"post_tag","embeddable":true,"href":"https:\/\/www.iceagetv.com\/radiosite\/wp-json\/wp\/v2\/tags?post=7026"}],"curies":[{"name":"wp","href":"https:\/\/api.w.org\/{rel}","templated":true}]}}