{"id":7152,"date":"2017-08-09T19:41:38","date_gmt":"2017-08-09T19:41:38","guid":{"rendered":"http:\/\/www.iceagetv.com\/radiosite\/?p=7152"},"modified":"2017-08-09T19:41:38","modified_gmt":"2017-08-09T19:41:38","slug":"levallois-perret-six-soldats-blesses-suspect-arrete","status":"publish","type":"post","link":"https:\/\/www.iceagetv.com\/radiosite\/levallois-perret-six-soldats-blesses-suspect-arrete\/","title":{"rendered":"Levallois-Perret : six soldats bless\u00e9s et un suspect arr\u00eat\u00e9"},"content":{"rendered":"<p>\n\tRep&eacute;r&eacute; en d&eacute;but d&rsquo;apr&egrave;s-midi dans le Pas-de-Calais, l&rsquo;homme suspect&eacute; d&rsquo;avoir&nbsp;fonc&eacute; en voiture sur une patrouille de l&rsquo;op&eacute;ration Sentinelle, mercredi matin dans les Hauts-de-Seine, a &eacute;t&eacute; interpell&eacute;. Une&nbsp;enqu&ecirc;te a &eacute;t&eacute; ouverte pour tentative d&rsquo;assassinats terroristes.Quelques minutes avant 8&nbsp;heures, mercredi matin. C&rsquo;est l&rsquo;heure de la rel&egrave;ve pour les militaires de l&rsquo;op&eacute;ration Sentinelle, bas&eacute;s place de Verdun, &agrave; Levallois-Perret, dans les Hauts-de-Seine. Les hommes sortent d&rsquo;un local municipal situ&eacute; au rez-de-chauss&eacute;e du b&acirc;timent pr&ecirc;t&eacute; par la ville pour les h&eacute;berger. Face aux soldats, une&nbsp;BMW noire d&eacute;marre, puis fonce sur eux. L&rsquo;attaque se d&eacute;roule dans une petite all&eacute;e normalement ferm&eacute;e &agrave; la circulation, entre un vaste immeuble d&rsquo;habitation et le parc de la Planchette. Trois sont bless&eacute;s gri&egrave;vement, dont&nbsp;deux en urgence absolue, et transf&eacute;r&eacute;s &agrave; l&rsquo;h&ocirc;pital militaire Percy, &agrave; Clamart&nbsp;(Hauts-de-Seine). Les trois autres, plus l&eacute;g&egrave;rement atteints, sont pris en charge &agrave; B&eacute;gin, &agrave; l&rsquo;est de&nbsp;Paris. Tous appartiennent au&nbsp;35e&nbsp;r&eacute;giment d&rsquo;infanterie de Belfort.\n<\/p>\n<p>\n\tSelon le ministre de l&rsquo;Int&eacute;rieur, G&eacute;rard Collomb, en visite sur place, la voiture&nbsp;&laquo;roulait doucement [et], &agrave; cinq m&egrave;tres &agrave; peu pr&egrave;s des militaires, a acc&eacute;l&eacute;r&eacute; de mani&egrave;re &agrave; pouvoir les percuter&raquo;.\n<\/p>\n<p>\n\tLe parquet de Paris a annonc&eacute; d&egrave;s mercredi matin l&rsquo;ouverture d&rsquo;une enqu&ecirc;te en flagrance des chefs&nbsp;&laquo;de tentative d&rsquo;assassinats sur personnes d&eacute;positaires de l&rsquo;autorit&eacute; publique en lien avec une entreprise terroriste et association de malfaiteurs terroriste criminelle&raquo;.&nbsp;Les investigations sont confi&eacute;es aux directions r&eacute;gionale et centrale de la police judiciaire, ainsi qu&rsquo;&agrave; la Direction g&eacute;n&eacute;rale de la s&eacute;curit&eacute; int&eacute;rieure&nbsp;(DGSI).\n<\/p>\n<p>\n\tArrestation &laquo;muscl&eacute;e&raquo;\n<\/p>\n<p>\n\tC&rsquo;est le bruit qui a alert&eacute; les riverains. R&eacute;mi &eacute;tait chez lui au moment de l&rsquo;incident. L&rsquo;adolescent, qui montre sur son t&eacute;l&eacute;phone les vid&eacute;os qu&rsquo;il a r&eacute;alis&eacute;es quelques instants apr&egrave;s l&rsquo;attaque, explique avoir entendu&nbsp;&laquo;un grand bruit et des cris&raquo;.&nbsp;Lorsqu&rsquo;il rejoint sa m&egrave;re sur le balcon du deuxi&egrave;me &eacute;tage, il aper&ccedil;oit deux hommes au sol et quelques pompiers qui commencent &agrave; arriver sur les lieux. Le v&eacute;hicule &agrave; l&rsquo;origine du drame a d&eacute;j&agrave; disparu au coin de la rue.\n<\/p>\n<p>\n\tEn milieu de matin&eacute;e, soldats et policiers bouclent la place de Verdun, encadrant les officiers de la police judiciaire affair&eacute;s autour de la sc&egrave;ne de l&rsquo;attaque. Devant les cam&eacute;ras, la d&eacute;put&eacute;e LREM des Hauts-de-Seine, C&eacute;line Calvez, improvise une conf&eacute;rence de presse. L&rsquo;&eacute;lue se montre prudente, &eacute;voquant&nbsp;&laquo;un acte grave&raquo;.&nbsp;Arrive le maire de la ville, Patrick Balkany, plus prolixe. L&rsquo;&eacute;dile d&eacute;nonce un&nbsp;&laquo;attentat vraiment odieux&raquo;&nbsp;et se d&eacute;sole d&rsquo;un acte visant les militaires, dont&nbsp;&laquo;la pr&eacute;sence est appr&eacute;ci&eacute;e par toute la population&raquo;. Avant de conc&eacute;der que&nbsp;&laquo;le risque z&eacute;ro n&rsquo;existe pas&raquo;. Et de s&rsquo;en remettre aux 70&nbsp;cam&eacute;ras de surveillance install&eacute;es dans la ville pour acc&eacute;l&eacute;rer l&rsquo;enqu&ecirc;te. D&rsquo;autant que le quartier de la place de Verdun est truff&eacute; de sites constituant des cibles potentielles. L&rsquo;h&ocirc;tel de ville ainsi qu&rsquo;une &eacute;cole juive sont situ&eacute;s dans un p&eacute;rim&egrave;tre proche, sans parler du si&egrave;ge de la DGSI, charg&eacute;e notamment de la lutte contre le terrorisme, qui se trouve &agrave; moins d&rsquo;un kilom&egrave;tre.\n<\/p>\n<p>\n\tApr&egrave;s une chasse &agrave; l&rsquo;homme de plusieurs heures mobilisant 300&nbsp;policiers, le principal suspect est interpell&eacute; dans le Pas-de-Calais, &agrave; la mi-journ&eacute;e. Il roulait sur l&rsquo;autoroute&nbsp;A16 en direction de Calais, quand les forces de l&rsquo;ordre l&rsquo;ont arr&ecirc;t&eacute;, vers 13&nbsp;heures, quelques kilom&egrave;tres apr&egrave;s Boulogne-sur-Mer. D&eacute;p&ecirc;ch&eacute;es sur place, ce sont les Brigades de recherche et d&rsquo;intervention&nbsp;(BRI) de Rouen et de Lille qui l&rsquo;ont intercept&eacute;. Une arrestation qualifi&eacute;e de&nbsp;&laquo;muscl&eacute;e&raquo;, par une source inform&eacute;e du d&eacute;roulement de l&rsquo;op&eacute;ration.\n<\/p>\n<p>\n\t&laquo;L&acirc;che agression&raquo;\n<\/p>\n<p>\n\tLes policiers ont en effet tir&eacute; sur l&rsquo;occupant de la voiture qui tentait de s&rsquo;&eacute;chapper. Le conducteur de la&nbsp;BMW recherch&eacute;e est alors bless&eacute; par plusieurs tirs.&nbsp;&laquo;Sa garde &agrave; vue, prise initialement, a &eacute;t&eacute; lev&eacute;e au vu de son &eacute;tat qui ne permet pas d&rsquo;audition&raquo;,&nbsp;nous a indiqu&eacute; mercredi le parquet de Paris. Un policier est &eacute;galement bless&eacute; par balle &agrave; la jambe.\n<\/p>\n<p>\n\tUn t&eacute;moin, arriv&eacute; sur place juste apr&egrave;s l&rsquo;interpellation, d&eacute;crit &agrave;&nbsp;Lib&eacute;ration&nbsp;un&nbsp;&laquo;gros d&eacute;ploiement de forces de l&rsquo;ordre&raquo;&nbsp;:&nbsp;&laquo;J&rsquo;ai vu arriver des voitures de gendarmes et d&rsquo;autres de police, qui &eacute;taient banalis&eacute;es, puis les pompiers apr&egrave;s une quinzaine de minutes. Il y avait environ quinze voitures de police au total.&raquo;\n<\/p>\n<p>\n\tLe suspect, n&eacute; en&nbsp;1980, est de nationalit&eacute; alg&eacute;rienne. Son titre de s&eacute;jour &eacute;tait en cours de v&eacute;rification, mercredi soir. Il n&rsquo;est ni fich&eacute;&nbsp;S ni inscrit au Fichier des signalements pour la pr&eacute;vention de la radicalisation &agrave; caract&egrave;re terroriste.\n<\/p>\n<p>\n\tDans les heures qui ont suivi son arrestation, les hommages aux forces de l&rsquo;ordre se sont multipli&eacute;s. Le pr&eacute;sident de l&rsquo;Assembl&eacute;e nationale, Fran&ccedil;ois de&nbsp;Rugy, a souhait&eacute; des&nbsp;&laquo;v&oelig;ux de prompt et complet r&eacute;tablissement&raquo;, aux six militaires bless&eacute;s, d&eacute;non&ccedil;ant&nbsp;&laquo;une l&acirc;che agression&raquo;.&nbsp;Le chef du gouvernement, Edouard Philippe, s&rsquo;est lui aussi adress&eacute; aux soldats, gendarmes et policiers,&nbsp;&laquo;chevilles ouvri&egrave;res de la lutte contre les attentats&raquo;&nbsp;:&nbsp;&laquo;Je veux f&eacute;liciter l&rsquo;ensemble des forces de s&eacute;curit&eacute; qui, dans un d&eacute;lai tr&egrave;s court, ont permis d&rsquo;appr&eacute;hender le suspect, principal &agrave; ce stade, de cette attaque.&raquo;&nbsp;Avant de rassurer l&rsquo;assistance sur l&rsquo;&eacute;tat de sant&eacute; des bless&eacute;s, qui&nbsp;&laquo;n&rsquo;inspire plus d&rsquo;inqui&eacute;tude&raquo;.<\/p>\n","protected":false},"excerpt":{"rendered":"<p>Rep&eacute;r&eacute; en d&eacute;but d&rsquo;apr&egrave;s-midi dans le Pas-de-Calais, l&rsquo;homme suspect&eacute; d&rsquo;avoir&nbsp;fonc&eacute; en voiture sur une patrouille de l&rsquo;op&eacute;ration Sentinelle, mercredi matin dans les Hauts-de-Seine, a &eacute;t&eacute; interpell&eacute;. Une&nbsp;enqu&ecirc;te a &eacute;t&eacute; ouverte pour tentative d&rsquo;assassinats terroristes.Quelques minutes avant 8&nbsp;heures, mercredi matin. C&rsquo;est l&rsquo;heure de la rel&egrave;ve pour les militaires de l&rsquo;op&eacute;ration Sentinelle, bas&eacute;s place de Verdun, &agrave; [&hellip;]<\/p>\n","protected":false},"author":2,"featured_media":7153,"comment_status":"open","ping_status":"open","sticky":false,"template":"","format":"standard","meta":{"_jetpack_memberships_contains_paid_content":false,"footnotes":"","jetpack_publicize_message":"","jetpack_publicize_feature_enabled":true,"jetpack_social_post_already_shared":true,"jetpack_social_options":{"image_generator_settings":{"template":"highway","default_image_id":0,"font":"","enabled":false},"version":2},"_wpas_customize_per_network":false},"categories":[405],"tags":[1707],"class_list":["post-7152","post","type-post","status-publish","format-standard","has-post-thumbnail","hentry","category-actu-france-monde","tag-levallois-perret"],"jetpack_publicize_connections":[],"jetpack_featured_media_url":"https:\/\/i0.wp.com\/www.iceagetv.com\/radiosite\/wp-content\/uploads\/2017\/08\/Levallois-Perret.jpg?fit=960%2C639&ssl=1","jetpack_sharing_enabled":true,"_links":{"self":[{"href":"https:\/\/www.iceagetv.com\/radiosite\/wp-json\/wp\/v2\/posts\/7152","targetHints":{"allow":["GET"]}}],"collection":[{"href":"https:\/\/www.iceagetv.com\/radiosite\/wp-json\/wp\/v2\/posts"}],"about":[{"href":"https:\/\/www.iceagetv.com\/radiosite\/wp-json\/wp\/v2\/types\/post"}],"author":[{"embeddable":true,"href":"https:\/\/www.iceagetv.com\/radiosite\/wp-json\/wp\/v2\/users\/2"}],"replies":[{"embeddable":true,"href":"https:\/\/www.iceagetv.com\/radiosite\/wp-json\/wp\/v2\/comments?post=7152"}],"version-history":[{"count":1,"href":"https:\/\/www.iceagetv.com\/radiosite\/wp-json\/wp\/v2\/posts\/7152\/revisions"}],"predecessor-version":[{"id":7154,"href":"https:\/\/www.iceagetv.com\/radiosite\/wp-json\/wp\/v2\/posts\/7152\/revisions\/7154"}],"wp:featuredmedia":[{"embeddable":true,"href":"https:\/\/www.iceagetv.com\/radiosite\/wp-json\/wp\/v2\/media\/7153"}],"wp:attachment":[{"href":"https:\/\/www.iceagetv.com\/radiosite\/wp-json\/wp\/v2\/media?parent=7152"}],"wp:term":[{"taxonomy":"category","embeddable":true,"href":"https:\/\/www.iceagetv.com\/radiosite\/wp-json\/wp\/v2\/categories?post=7152"},{"taxonomy":"post_tag","embeddable":true,"href":"https:\/\/www.iceagetv.com\/radiosite\/wp-json\/wp\/v2\/tags?post=7152"}],"curies":[{"name":"wp","href":"https:\/\/api.w.org\/{rel}","templated":true}]}}