{"id":7218,"date":"2017-08-17T16:07:08","date_gmt":"2017-08-17T16:07:08","guid":{"rendered":"http:\/\/www.iceagetv.com\/radiosite\/?p=7218"},"modified":"2017-08-17T16:07:08","modified_gmt":"2017-08-17T16:07:08","slug":"monaco-mbappe-non-retenu-deplacement-a-metz","status":"publish","type":"post","link":"https:\/\/www.iceagetv.com\/radiosite\/monaco-mbappe-non-retenu-deplacement-a-metz\/","title":{"rendered":"Monaco: Mbapp\u00e9 non retenu pour le d\u00e9placement \u00e0 Metz"},"content":{"rendered":"<p>\n\tLeonardo Jardim a retenu 19 joueurs pour la rencontre de vendredi (20h45) entre Metz et Monaco. L&rsquo;entra&icirc;neur de l&rsquo;ASM a d&eacute;cid&eacute; de ne pas convoquer Kylian Mbapp&eacute;, qui n&#39;est pas bless&eacute;. Premi&egrave;re apparition dans le groupe pour Rachid Ghezzal.\n<\/p>\n<p>\n\tL&rsquo;AS Monaco continue de&nbsp;&quot;prot&eacute;ger&quot; Kylian Mbapp&eacute;, selon les termes employ&eacute;s par Leonardo Jardim en conf&eacute;rence de presse mercredi. Laiss&eacute; sur le banc &agrave; Dijon (4-1), l&rsquo;attaquant international fran&ccedil;ais n&rsquo;est cette fois tout simplement pas retenu dans le groupe de 19 joueurs concoct&eacute; par le technicien portugais pour le d&eacute;placement &agrave; Metz vendredi (20h45) en ouverture de la 3e journ&eacute;e de L1. Un choix li&eacute; &agrave; la position du joueur pendant ce mercato, incertain sur son avenir. Car Mbapp&eacute; n&rsquo;est pas bless&eacute;.En revanche, l&rsquo;ancien Lyonnais Rachid Ghezzal appara&icirc;t pour la premi&egrave;re fois dans le groupe mon&eacute;gasque, et pourrait donc faire sa premi&egrave;re sortie sous ses nouvelles couleurs sur la pelouse de Saint-Symphorien. Lui aussi courtis&eacute; pendant ce mercato estival, Fabinho est de son c&ocirc;t&eacute; convoqu&eacute; par Jardim.<\/p>\n","protected":false},"excerpt":{"rendered":"<p>Leonardo Jardim a retenu 19 joueurs pour la rencontre de vendredi (20h45) entre Metz et Monaco. L&rsquo;entra&icirc;neur de l&rsquo;ASM a d&eacute;cid&eacute; de ne pas convoquer Kylian Mbapp&eacute;, qui n&#39;est pas bless&eacute;. Premi&egrave;re apparition dans le groupe pour Rachid Ghezzal. L&rsquo;AS Monaco continue de&nbsp;&quot;prot&eacute;ger&quot; Kylian Mbapp&eacute;, selon les termes employ&eacute;s par Leonardo Jardim en conf&eacute;rence de [&hellip;]<\/p>\n","protected":false},"author":2,"featured_media":7219,"comment_status":"open","ping_status":"open","sticky":false,"template":"","format":"standard","meta":{"_jetpack_memberships_contains_paid_content":false,"footnotes":"","jetpack_publicize_message":"","jetpack_publicize_feature_enabled":true,"jetpack_social_post_already_shared":true,"jetpack_social_options":{"image_generator_settings":{"template":"highway","default_image_id":0,"font":"","enabled":false},"version":2},"_wpas_customize_per_network":false},"categories":[18],"tags":[1729],"class_list":["post-7218","post","type-post","status-publish","format-standard","has-post-thumbnail","hentry","category-actu-sport","tag-mbappe"],"jetpack_publicize_connections":[],"jetpack_featured_media_url":"https:\/\/i0.wp.com\/www.iceagetv.com\/radiosite\/wp-content\/uploads\/2017\/08\/Mbapp%C3%A9.jpeg?fit=1103%2C708&ssl=1","jetpack_sharing_enabled":true,"_links":{"self":[{"href":"https:\/\/www.iceagetv.com\/radiosite\/wp-json\/wp\/v2\/posts\/7218","targetHints":{"allow":["GET"]}}],"collection":[{"href":"https:\/\/www.iceagetv.com\/radiosite\/wp-json\/wp\/v2\/posts"}],"about":[{"href":"https:\/\/www.iceagetv.com\/radiosite\/wp-json\/wp\/v2\/types\/post"}],"author":[{"embeddable":true,"href":"https:\/\/www.iceagetv.com\/radiosite\/wp-json\/wp\/v2\/users\/2"}],"replies":[{"embeddable":true,"href":"https:\/\/www.iceagetv.com\/radiosite\/wp-json\/wp\/v2\/comments?post=7218"}],"version-history":[{"count":1,"href":"https:\/\/www.iceagetv.com\/radiosite\/wp-json\/wp\/v2\/posts\/7218\/revisions"}],"predecessor-version":[{"id":7220,"href":"https:\/\/www.iceagetv.com\/radiosite\/wp-json\/wp\/v2\/posts\/7218\/revisions\/7220"}],"wp:featuredmedia":[{"embeddable":true,"href":"https:\/\/www.iceagetv.com\/radiosite\/wp-json\/wp\/v2\/media\/7219"}],"wp:attachment":[{"href":"https:\/\/www.iceagetv.com\/radiosite\/wp-json\/wp\/v2\/media?parent=7218"}],"wp:term":[{"taxonomy":"category","embeddable":true,"href":"https:\/\/www.iceagetv.com\/radiosite\/wp-json\/wp\/v2\/categories?post=7218"},{"taxonomy":"post_tag","embeddable":true,"href":"https:\/\/www.iceagetv.com\/radiosite\/wp-json\/wp\/v2\/tags?post=7218"}],"curies":[{"name":"wp","href":"https:\/\/api.w.org\/{rel}","templated":true}]}}