{"id":7314,"date":"2017-08-27T08:10:43","date_gmt":"2017-08-27T08:10:43","guid":{"rendered":"http:\/\/www.iceagetv.com\/radiosite\/?p=7314"},"modified":"2017-08-27T08:10:43","modified_gmt":"2017-08-27T08:10:43","slug":"popularite-demmanuel-macron-chute-a-40-aout","status":"publish","type":"post","link":"https:\/\/www.iceagetv.com\/radiosite\/popularite-demmanuel-macron-chute-a-40-aout\/","title":{"rendered":"La popularit\u00e9 d&rsquo;Emmanuel Macron chute \u00e0 40% en ao\u00fbt"},"content":{"rendered":"<p>\n\tL&#39;&eacute;t&eacute; ne lui a pas &eacute;t&eacute; b&eacute;n&eacute;fique. La cote de popularit&eacute; d&#39;Emmanuel Macron enregistre &agrave; nouveau une tr&egrave;s forte baisse en ao&ucirc;t, avec 40% de personnes satisfaites, selon un sondage Ifop pour le&nbsp;Journal du Dimanche&nbsp;(JDD).&nbsp;Le chef de l&#39;Etat a perdu 22 points de popularit&eacute; depuis le premier barom&egrave;tre Ifop-JDD&nbsp;publi&eacute; il y a trois mois, juste apr&egrave;s son &eacute;lection.\n<\/p>\n<p>\n\tAu m&ecirc;me moment, en 2012, son pr&eacute;d&eacute;cesseur Fran&ccedil;ois Hollande jouissait d&#39;une popularit&eacute; nettement plus &eacute;lev&eacute;e (54%) et celle de Nicolas Sarkozy &eacute;tait encore plus forte en 2007 (67%).\n<\/p>\n<p>\n\tEn ao&ucirc;t, 36% des sond&eacute;s se disent&nbsp;&quot;plut&ocirc;t satisfaits&quot;&nbsp;(-11) et 4% sont&nbsp;&quot;tr&egrave;s satisfaits&quot;&nbsp;(-3) du pr&eacute;sident Macron. Simultan&eacute;ment, le total des m&eacute;contents passe de 43% &agrave; 57%, se r&eacute;partissant entre&nbsp;&quot;plut&ocirc;t m&eacute;contents&quot;&nbsp;(37%, +9) et&nbsp;&quot;tr&egrave;s m&eacute;contents&quot;&nbsp;(20%, +5).&nbsp;\n<\/p>\n<p>\n\tEdouard Philippe chute aussi\n<\/p>\n<p>\n\tLe Premier ministre Edouard Philippe enregistre &eacute;galement un reflux de neuf points sur la m&ecirc;me p&eacute;riode, passant de 56% &agrave; 47% de satisfaits.\n<\/p>\n<p>\n\tAu total, 45% des sond&eacute;s se montrent&nbsp;&quot;plut&ocirc;t satisfaits&quot;&nbsp;(-7) et 2% se disent&nbsp;&quot;tr&egrave;s satisfaits&quot;&nbsp;(-2) de l&#39;action du Premier ministre. Chez les m&eacute;contents, 32% se disent&nbsp;&quot;plut&ocirc;t m&eacute;contents&quot;&nbsp;(+5) et 13%&nbsp;&quot;tr&egrave;s m&eacute;contents&quot;&nbsp;(+3). Le taux des personnes interrog&eacute;es ne se pronon&ccedil;ant pas passe de 7% &agrave; 8%.\n<\/p>\n<p>\n\tSelon cette enqu&ecirc;te, le leader de La France insoumise Jean-Luc M&eacute;lenchon est consid&eacute;r&eacute; comme la personnalit&eacute; politique la plus &agrave; m&ecirc;me (59%) d&#39;incarner l&#39;opposition &agrave; Emmanuel Macron dans les ann&eacute;es &agrave; venir, devant la pr&eacute;sidente du Front national Marine Le Pen (51%) , Beno&icirc;t Hamon (ex-PS) et Laurent Wauquiez (LR), &agrave; 27% chacun, Val&eacute;rie P&eacute;cresse (LR, 23%), la maire PS de Paris Anne Hidalgo (19%) et l&#39;ancien pr&eacute;sident Fran&ccedil;ois Hollande (14%).\n<\/p>\n<p>\n\tEnqu&ecirc;te r&eacute;alis&eacute;e en ligne et par t&eacute;l&eacute;phone par l&#39;Ifop les 25 et 26 ao&ucirc;t aupr&egrave;s d&#39;un &eacute;chantillon de 1.023 personnes, repr&eacute;sentatif de la population fran&ccedil;aise &acirc;g&eacute;e de 18 ans et plus, selon la m&eacute;thode des quotas.<\/p>\n","protected":false},"excerpt":{"rendered":"<p>L&#39;&eacute;t&eacute; ne lui a pas &eacute;t&eacute; b&eacute;n&eacute;fique. La cote de popularit&eacute; d&#39;Emmanuel Macron enregistre &agrave; nouveau une tr&egrave;s forte baisse en ao&ucirc;t, avec 40% de personnes satisfaites, selon un sondage Ifop pour le&nbsp;Journal du Dimanche&nbsp;(JDD).&nbsp;Le chef de l&#39;Etat a perdu 22 points de popularit&eacute; depuis le premier barom&egrave;tre Ifop-JDD&nbsp;publi&eacute; il y a trois mois, juste [&hellip;]<\/p>\n","protected":false},"author":2,"featured_media":7315,"comment_status":"open","ping_status":"open","sticky":false,"template":"","format":"standard","meta":{"_jetpack_memberships_contains_paid_content":false,"footnotes":"","jetpack_publicize_message":"","jetpack_publicize_feature_enabled":true,"jetpack_social_post_already_shared":true,"jetpack_social_options":{"image_generator_settings":{"template":"highway","default_image_id":0,"font":"","enabled":false},"version":2},"_wpas_customize_per_network":false},"categories":[405],"tags":[1754],"class_list":["post-7314","post","type-post","status-publish","format-standard","has-post-thumbnail","hentry","category-actu-france-monde","tag-la-popularite-demmanuel-macron-chute-a-40"],"jetpack_publicize_connections":[],"jetpack_featured_media_url":"https:\/\/i0.wp.com\/www.iceagetv.com\/radiosite\/wp-content\/uploads\/2017\/08\/La-popularit%C3%A9-dEmmanuel-Macron-chute-%C3%A0-40.jpg?fit=1196%2C450&ssl=1","jetpack_sharing_enabled":true,"_links":{"self":[{"href":"https:\/\/www.iceagetv.com\/radiosite\/wp-json\/wp\/v2\/posts\/7314","targetHints":{"allow":["GET"]}}],"collection":[{"href":"https:\/\/www.iceagetv.com\/radiosite\/wp-json\/wp\/v2\/posts"}],"about":[{"href":"https:\/\/www.iceagetv.com\/radiosite\/wp-json\/wp\/v2\/types\/post"}],"author":[{"embeddable":true,"href":"https:\/\/www.iceagetv.com\/radiosite\/wp-json\/wp\/v2\/users\/2"}],"replies":[{"embeddable":true,"href":"https:\/\/www.iceagetv.com\/radiosite\/wp-json\/wp\/v2\/comments?post=7314"}],"version-history":[{"count":1,"href":"https:\/\/www.iceagetv.com\/radiosite\/wp-json\/wp\/v2\/posts\/7314\/revisions"}],"predecessor-version":[{"id":7316,"href":"https:\/\/www.iceagetv.com\/radiosite\/wp-json\/wp\/v2\/posts\/7314\/revisions\/7316"}],"wp:featuredmedia":[{"embeddable":true,"href":"https:\/\/www.iceagetv.com\/radiosite\/wp-json\/wp\/v2\/media\/7315"}],"wp:attachment":[{"href":"https:\/\/www.iceagetv.com\/radiosite\/wp-json\/wp\/v2\/media?parent=7314"}],"wp:term":[{"taxonomy":"category","embeddable":true,"href":"https:\/\/www.iceagetv.com\/radiosite\/wp-json\/wp\/v2\/categories?post=7314"},{"taxonomy":"post_tag","embeddable":true,"href":"https:\/\/www.iceagetv.com\/radiosite\/wp-json\/wp\/v2\/tags?post=7314"}],"curies":[{"name":"wp","href":"https:\/\/api.w.org\/{rel}","templated":true}]}}