{"id":7349,"date":"2017-08-31T11:11:52","date_gmt":"2017-08-31T11:11:52","guid":{"rendered":"http:\/\/www.iceagetv.com\/radiosite\/?p=7349"},"modified":"2017-08-31T11:11:52","modified_gmt":"2017-08-31T11:11:52","slug":"pierre-ambroise-bosse-violemment-agresse-parking-homme-place-garde-a-vue","status":"publish","type":"post","link":"https:\/\/www.iceagetv.com\/radiosite\/pierre-ambroise-bosse-violemment-agresse-parking-homme-place-garde-a-vue\/","title":{"rendered":"PIERRE-AMBROISE BOSSE VIOLEMMENT AGRESS\u00c9 SUR UN PARKING, UN HOMME PLAC\u00c9 EN GARDE \u00c0 VUE"},"content":{"rendered":"<p>\n\tLe champion du monde du 800 m&egrave;tres a &eacute;t&eacute; agress&eacute; par trois individus, le week-end dernier. L&rsquo;athl&egrave;te fran&ccedil;ais, s&eacute;rieusement touch&eacute;, est contraint de mettre un terme &agrave; sa saison. Un homme de 24 ans a &eacute;t&eacute; plac&eacute; en garde &agrave; vue jeudi matin, soup&ccedil;onn&eacute; d&#39;avoir particip&eacute; &agrave; l&#39;agression.\n<\/p>\n<p>\n\tC&rsquo;&eacute;tait avec un grand sourire qu&rsquo;il avait quitt&eacute; les Mondiaux de Londres, aur&eacute;ol&eacute; d&rsquo;une m&eacute;daille d&rsquo;or, le conte de f&eacute;es s&rsquo;est assombri. Pierre-Ambroise Bosse a &eacute;t&eacute; rou&eacute; de coups par trois individus dont l&rsquo;identit&eacute; n&rsquo;a pas filtr&eacute;, sur un parking de Gujan-Mestras (Gironde). Les faits se seraient d&eacute;roul&eacute;es dimanche aux environs de 4 heures du matin, selon des informations de&nbsp;Sud-Ouest. Toujours selon le quotidien, les malfaiteurs auraient pris &agrave; partie l&rsquo;athl&egrave;te fran&ccedil;ais apr&egrave;s lui avoir demand&eacute; une photo. Une requ&ecirc;te pourtant accept&eacute;e par ce dernier. Le principal int&eacute;ress&eacute; a vivement r&eacute;agi par le biais de son compte&nbsp;Facebook, annon&ccedil;ant par la m&ecirc;me occasion la fin de sa saison tout en pr&eacute;cisant l&rsquo;ouverture d&rsquo;une enqu&ecirc;te.&nbsp;&laquo;Ma saison s&#39;arr&ecirc;te &agrave; compter de ce jour ! Moi qui ai toujours aim&eacute; les gens, j&#39;en aime trois de moins aujourd&#39;hui&raquo;, peut-on lire.\n<\/p>\n<p>\n\tLe &laquo;boss&raquo; du 800 m stopp&eacute; en pleine ascension\n<\/p>\n<p>\n\tSa performance sportive et sa personnalit&eacute; atypique en ont fait l&rsquo;un des chouchous des Fran&ccedil;ais &agrave; l&rsquo;issue des Mondiaux de Londres. Derni&egrave;rement, il s&rsquo;&eacute;tait illustr&eacute; en lan&ccedil;ant une invitation &agrave; ses fans. Le principe&nbsp;?&nbsp;Payer une tourn&eacute;e &agrave; la Gare du Nord &agrave; son retour de Londres. L&rsquo;op&eacute;ration avait fait un v&eacute;ritable tabac. Une centaine de personnes r&eacute;pondait &agrave; l&rsquo;appel. &laquo;Ces gens-l&agrave; m&#39;ont soutenu derri&egrave;re leur t&eacute;l&eacute;, mais ils n&#39;ont jamais &eacute;t&eacute; si proches de moi en fin de compte. C&#39;est juste histoire de leur dire merci, r&eacute;ellement, avec du concret. Et plus l&#39;addition va &ecirc;tre sal&eacute;e, mieux c&#39;est quelque part&raquo;,&nbsp;confiait-il r&eacute;cemment. L&rsquo;homme, si souvent de bonne humeur, fait grise mine aujourd&rsquo;hui.\n<\/p>\n<p>\n\tUn homme de 24 ans plac&eacute; en garde &agrave; vue\n<\/p>\n<p>\n\tUn homme de 24 ans a &eacute;t&eacute; plac&eacute; en garde &agrave; vue jeudi matin, soup&ccedil;onn&eacute; d&#39;avoir particip&eacute; &agrave; l&#39;agression du champion de monde du 800 m&egrave;tres ce week-end &agrave; Gujan-Mestras (Gironde) Le suspect, connu pour des faits de violences et d&#39;infraction &agrave; la l&eacute;gislation sur les stup&eacute;fiants, a fait l&#39;objet d&#39;une convocation par les gendarmes de la brigade de recherches d&#39;Arcachon.<\/p>\n","protected":false},"excerpt":{"rendered":"<p>Le champion du monde du 800 m&egrave;tres a &eacute;t&eacute; agress&eacute; par trois individus, le week-end dernier. L&rsquo;athl&egrave;te fran&ccedil;ais, s&eacute;rieusement touch&eacute;, est contraint de mettre un terme &agrave; sa saison. Un homme de 24 ans a &eacute;t&eacute; plac&eacute; en garde &agrave; vue jeudi matin, soup&ccedil;onn&eacute; d&#39;avoir particip&eacute; &agrave; l&#39;agression. C&rsquo;&eacute;tait avec un grand sourire qu&rsquo;il avait [&hellip;]<\/p>\n","protected":false},"author":2,"featured_media":7350,"comment_status":"open","ping_status":"open","sticky":false,"template":"","format":"standard","meta":{"_jetpack_memberships_contains_paid_content":false,"footnotes":"","jetpack_publicize_message":"","jetpack_publicize_feature_enabled":true,"jetpack_social_post_already_shared":true,"jetpack_social_options":{"image_generator_settings":{"template":"highway","default_image_id":0,"font":"","enabled":false},"version":2},"_wpas_customize_per_network":false},"categories":[18],"tags":[1764],"class_list":["post-7349","post","type-post","status-publish","format-standard","has-post-thumbnail","hentry","category-actu-sport","tag-pierre-ambroise-bosse-violemment-agresse-sur-un-parking"],"jetpack_publicize_connections":[],"jetpack_featured_media_url":"https:\/\/i0.wp.com\/www.iceagetv.com\/radiosite\/wp-content\/uploads\/2017\/08\/PIERRE-AMBROISE-BOSSE-VIOLEMMENT-AGRESS%C3%89-SUR-UN-PARKING.jpg?fit=1560%2C624&ssl=1","jetpack_sharing_enabled":true,"_links":{"self":[{"href":"https:\/\/www.iceagetv.com\/radiosite\/wp-json\/wp\/v2\/posts\/7349","targetHints":{"allow":["GET"]}}],"collection":[{"href":"https:\/\/www.iceagetv.com\/radiosite\/wp-json\/wp\/v2\/posts"}],"about":[{"href":"https:\/\/www.iceagetv.com\/radiosite\/wp-json\/wp\/v2\/types\/post"}],"author":[{"embeddable":true,"href":"https:\/\/www.iceagetv.com\/radiosite\/wp-json\/wp\/v2\/users\/2"}],"replies":[{"embeddable":true,"href":"https:\/\/www.iceagetv.com\/radiosite\/wp-json\/wp\/v2\/comments?post=7349"}],"version-history":[{"count":1,"href":"https:\/\/www.iceagetv.com\/radiosite\/wp-json\/wp\/v2\/posts\/7349\/revisions"}],"predecessor-version":[{"id":7351,"href":"https:\/\/www.iceagetv.com\/radiosite\/wp-json\/wp\/v2\/posts\/7349\/revisions\/7351"}],"wp:featuredmedia":[{"embeddable":true,"href":"https:\/\/www.iceagetv.com\/radiosite\/wp-json\/wp\/v2\/media\/7350"}],"wp:attachment":[{"href":"https:\/\/www.iceagetv.com\/radiosite\/wp-json\/wp\/v2\/media?parent=7349"}],"wp:term":[{"taxonomy":"category","embeddable":true,"href":"https:\/\/www.iceagetv.com\/radiosite\/wp-json\/wp\/v2\/categories?post=7349"},{"taxonomy":"post_tag","embeddable":true,"href":"https:\/\/www.iceagetv.com\/radiosite\/wp-json\/wp\/v2\/tags?post=7349"}],"curies":[{"name":"wp","href":"https:\/\/api.w.org\/{rel}","templated":true}]}}