{"id":7551,"date":"2017-09-27T18:49:35","date_gmt":"2017-09-27T18:49:35","guid":{"rendered":"http:\/\/www.iceagetv.com\/radiosite\/?p=7551"},"modified":"2017-09-27T18:49:35","modified_gmt":"2017-09-27T18:49:35","slug":"30-echappees-belles-sortir-de-paris","status":"publish","type":"post","link":"https:\/\/www.iceagetv.com\/radiosite\/30-echappees-belles-sortir-de-paris\/","title":{"rendered":"30 \u00e9chapp\u00e9es belles pour sortir de Paris"},"content":{"rendered":"<article data-app-id=\"sdv\" data-comment-count=\"0\" data-fidji-id=\"20170927ARTFIG00028\" data-fidji-source=\"lefigaro.fr\">\n<p>\n\t\tAvant que l&#39;hiver ne s&#39;installe d&eacute;finitivement au c&oelig;ur de la capitale, c&#39;est le moment de profiter de quelques escapades en dehors &nbsp;de Paris. En train, en voiture ou en avion, jouons la carte de la grande &eacute;vasion culturelle vers Rouen, Orl&eacute;ans ou Chartes&hellip; Finalement, n&#39;y a-t-il rien de meilleur que de prendre la poudre d&#39;escampette vers Chambord, &nbsp;Saint-&eacute;milion, Wattwiller ou Beaune? &nbsp;Partir pour mieux revenir&hellip;\n\t<\/p>\n<p>\n\t\t&nbsp;\n\t<\/p>\n<h2>\n\t\t&Agrave; UNE HEURE DE PARIS<br \/>\n\t<\/h2>\n<h2>\n\t\tRouen<br \/>\n\t<\/h2>\n<p>\n\t\tOn y va pour&nbsp;visiter la ville en 2&nbsp;CV, la plus populaire des Citro&euml;n, devenue voiture de collection. Pilot&eacute;es par la jeune start-up Rouen 2&nbsp;CV Tour, ces vir&eacute;es d&#39;une demi-heure &agrave; deux heures s&#39;effectuent en &laquo;deudeuche&raquo; d&eacute;capotable avec chauffeur guide. En trente minutes, on (re)d&eacute;couvre le centre historique, les rues Jeanne-d&#39;Arc et du Gros-Horloge, la place du Vieux-March&eacute;&hellip; En deux heures, c&#39;est la totale: le centre, le panorama Sainte-Catherine (la plus belle vue sur Rouen), le panorama Canteleu et la basilique Notre-Dame de Bonsecours.\n\t<\/p>\n<p>\n\t\t<a href=\"http:\/\/www.rouen-2cv-tour.com\/\" target=\"_blank\">2CV-Tour.<\/a>&nbsp;De 29&nbsp;&euro; &agrave; 49&nbsp;&euro;. T&eacute;l.: 07&nbsp;64&nbsp;09&nbsp;01&nbsp;76.\n\t<\/p>\n<p>\n\t\tOn dort&nbsp;&agrave; l&#39;H&ocirc;tel de Bourgtheroulde, 5-&eacute;toiles, superbe b&acirc;tisse Renaissance, 78&nbsp;chambres et suites, restaurant, brasserie, spa et piscine, &agrave; deux pas de la cath&eacute;drale.\n\t<\/p>\n<p>\n\t\t<i><a href=\"http:\/\/www.hotelsparouen.com\/\" target=\"_blank\">H&ocirc;tel de Bourgtheroulde.&nbsp;<\/a>&Agrave; partir de 220&nbsp;&euro;. T&eacute;l.: 02&nbsp;35&nbsp;14&nbsp;50&nbsp;60.<\/i>\n\t<\/p>\n<h2>\n\t\tChantilly<br \/>\n\t<\/h2>\n<p>\n\t\tOn y va pour&nbsp;d&eacute;couvrir le Pavillon de Manse (du nom de l&#39;hydraulicien Jacques de Manse). S&#39;y trouve la machine des Grandes Eaux construite en 1678 pour alimenter le r&eacute;servoir d&#39;eau des fontaines et bassins des jardins de<a href=\"http:\/\/evene.lefigaro.fr\/celebre\/biographie\/andre-le-notre-19250.php\" target=\"\">&nbsp;Le N&ocirc;tre<\/a>. Ce d&eacute;dale de pompes, siphons et tuyauteries restaur&eacute;, le jeune public est encourag&eacute; &agrave; l&#39;exp&eacute;rimenter. Du mardi au dimanche.\n\t<\/p>\n<p>\n\t\t<i><a href=\"http:\/\/pavillondemanse.com\/\" target=\"_blank\">Pavillon de Manse.&nbsp;<\/a>Visite familiale avec exp&eacute;rience et animations: 8&nbsp;&euro; pour les 3-15 ans, 7&nbsp;&euro; adultes.<\/i>\n\t<\/p>\n<p>\n\t\tOn dort&nbsp;au Petit Cavalier. Un g&icirc;te urbain meubl&eacute; pour 2 &agrave; 4 personnes (32&nbsp;m2) en plein centre de Chantilly, dans une d&eacute;co chic et chin&eacute;e d&eacute;di&eacute;e &agrave; l&#39;univers &eacute;questre vintage.\n\t<\/p>\n<p>\n\t\t<i><a href=\"http:\/\/lepetitcavalier-chantilly.com\/\" target=\"_blank\">Le Petit Cavalier.&nbsp;<\/a>&Agrave; partir de 135&nbsp;&euro;, 101, rue du Conn&eacute;table, Chantilly (60). T&eacute;l.: 07&nbsp;81&nbsp;04&nbsp;53&nbsp;60.<\/i>\n\t<\/p>\n<h2>\n\t\tChartres<br \/>\n\t<\/h2>\n<p>\n\t\tOn y va pour&nbsp;am&eacute;liorer ses talents de cordon-bleu avec Laurent Cl&eacute;ment. L&#39;ancien chef &eacute;toil&eacute; du Grand Monarque, l&#39;institution locale, a cr&eacute;&eacute;, &agrave; deux pas de l&#39;h&ocirc;tel, en plein c&oelig;ur historique, un atelier culinaire, am&eacute;nag&eacute; dans un ancien garage &agrave; l&#39;architecture de style Eiffel. Au pr&eacute;alable, les produits sont choisis au march&eacute;, d&eacute;part &agrave; 9&nbsp;heures, en compagnie du chef. A la fin de l&#39;exercice, d&eacute;gustation totale: entr&eacute;e, plat, dessert&hellip;\n\t<\/p>\n<p>\n\t\t<i>Le &laquo;March&eacute; de Chartres&raquo;, 100&nbsp;&euro;, samedis 21, 28&nbsp;octobre et 4&nbsp;novembre. T&eacute;l.: 02&nbsp;37&nbsp;99&nbsp;25&nbsp;48.<\/i>\n\t<\/p>\n<p>\n\t\tOn dort&nbsp;&agrave; l&#39;h&ocirc;tel Jehan de Beauce, face &agrave; la gare et proche de la cath&eacute;drale, &eacute;l&eacute;gant cocktail Art d&eacute;co et Art nouveau, 35 chambres &agrave; partir de 150&nbsp;&euro; en cat&eacute;gorie &laquo;Executive&raquo;.\n\t<\/p>\n<p>\n\t\t<i><a href=\"http:\/\/www.jehandebeauce.fr\/\" target=\"_blank\">H&ocirc;tel Jehan de Beauce.&nbsp;<\/a>T&eacute;l.: 02&nbsp;37&nbsp;21&nbsp;01&nbsp;41.<\/i>\n\t<\/p>\n<figure data-media-id=\"20170927XVMFIG00049\" data-media-type=\"XVM\">\n\t\t<img data-recalc-dims=\"1\" loading=\"lazy\" decoding=\"async\" alt=\"&lt;i&gt;Torres de Ciudad Sat\u00e9lite&lt;\/i&gt;, (1957) sera pr\u00e9sent\u00e9 \u00e0\u00a0la\u00a0premi\u00e8re Biennale d'architecture \u00e0 Orl\u00e9ans (45).\" height=\"362\" src=\"https:\/\/i0.wp.com\/i.f1g.fr\/media\/figaro\/300x363\/2017\/09\/27\/XVM4bca60fc-9e14-11e7-92ac-12feebdecf20-300x363.jpg?resize=300%2C362\" width=\"300\" \/><br \/>\n\t<\/figure>\n<h2>\n\t\tOrl&eacute;ans<br \/>\n\t<\/h2>\n<p>\n\t\tOn y va pour&nbsp;&laquo;marcher dans le r&ecirc;ve d&#39;un autre&raquo;, la premi&egrave;re Biennale d&#39;architecture, organis&eacute;e par le Frac Centre-Val de Loire. Pendant plus de six mois, les cr&eacute;ations de 48 architectes contemporains investiront douze lieux culturels et historiques de la ville et de la r&eacute;gion.\n\t<\/p>\n<p>\n\t\t<i><a href=\"http:\/\/www.frac-centre.fr\/\" target=\"_blank\">Le Frac Centre.&nbsp;<\/a>Du 13&nbsp;octobre au 1er&nbsp;avril 2018.<\/i>\n\t<\/p>\n<p>\n\t\tOn dort&nbsp;&agrave; l&#39;H&ocirc;tel d&#39;Orl&eacute;ans, un petit 3-&eacute;toiles raffin&eacute; de 19 chambres, au calme et central &agrave; la fois.\n\t<\/p>\n<p>\n\t\t<i><a href=\"http:\/\/www.hoteldorleans.com\/\" target=\"_blank\">H&ocirc;tel d&#39;Orl&eacute;ans<\/a>. &Agrave; partir de 80&nbsp;&euro;. T&eacute;l.: 02&nbsp;38&nbsp;53&nbsp;35&nbsp;34.<\/i>\n\t<\/p>\n<h2>\n\t\tAuvers-sur-Oise<br \/>\n\t<\/h2>\n<p>\n\t\tOn y va pour&nbsp;&laquo;Vision impressionniste, naissance et descendance&raquo;, le nouveau parcours culturel du ch&acirc;teau, ferm&eacute; depuis plus d&#39;un an. Sur le fond, la fresque va des pr&eacute;mices du mouvement d&eacute;but XIXe jusqu&#39;&agrave; son h&eacute;ritage, n&eacute;o-impressionnisme, abstraction, et son influence sur le cubisme. Sur la forme, c&#39;est un festival de technologie avec la projection de nombreux chefs-d&#39;&oelig;uvre sur les murs et un grand cube suspendu. Une immersion virtuelle ponctu&eacute;e de toiles bien r&eacute;elles- Monet, Daubigny, Caillebotte&hellip; &#8211; pioch&eacute;es dans la collection d&eacute;partementale du Val-d&#39;Oise.\n\t<\/p>\n<p>\n\t\t<i><a href=\"http:\/\/www.chateau-auvers.fr\/fr\/home\/\" target=\"_blank\">Chateau d&#39;Auvers-sur-Oise.<\/a>&nbsp;&Agrave; partir du 1er&nbsp;octobre. Entr&eacute;e: 15&nbsp;&euro;; moins de 18&nbsp;ans: 9&nbsp;&euro;. T&eacute;l.: 01&nbsp;34&nbsp;48&nbsp;48&nbsp;48.<\/i>\n\t<\/p>\n<p>\n\t\tOn dort&nbsp;&agrave; L&#39;Isle-Adam (5&nbsp;km), &agrave; la jolie Villa de l&#39;&Eacute;cluse, 4 &eacute;toiles, ancr&eacute;e au bord de l&#39;Oise, 15 chambres, restaurant, spa.\n\t<\/p>\n<p>\n\t\t<i><a href=\"http:\/\/www.lavilladelecluse.fr\/index.php\/fr\/\" target=\"_blank\">Villa de l&#39;&Eacute;cluse.<\/a>&nbsp;&Agrave; partir de 150&nbsp;&euro;. T&eacute;l.: 01&nbsp;34&nbsp;73&nbsp;26&nbsp;96.<\/i>\n\t<\/p>\n<h2>\n\t\tAsni&egrave;res-sur-Oise<br \/>\n\t<\/h2>\n<p>\n\t\tOn y va pour&nbsp;l&#39;exp&eacute;rience de l&#39;abbaye de Royaumont, plus grand monast&egrave;re cistercien d&#39;&Icirc;le-de-France &agrave; 35&nbsp;km de Paris. Sa r&eacute;ouverture est pr&eacute;vue le 14&nbsp;octobre apr&egrave;s un an de fermeture pour travaux et, d&eacute;sormais, il est possible de profiter de son h&ocirc;tellerie et de sa table auxquelles seuls les artistes en r&eacute;sidence avaient jusqu&#39;alors acc&egrave;s. Toute l&#39;ann&eacute;e de 10&nbsp;h &agrave; 18&nbsp;h.\n\t<\/p>\n<p>\n\t\tOn dort&nbsp;sur place! Compter 289&nbsp;&euro; &agrave; deux ou 199&nbsp;&euro; en solo pour un week-end dans une chambre avec vue sur le clo&icirc;tre, le jardin des 9&nbsp;carr&eacute;s ou le canal, avec ap&eacute;ritif au bar, d&icirc;ner et petit d&eacute;jeuner.\n\t<\/p>\n<p>\n\t\t<i><a href=\"https:\/\/www.royaumont.com\/\" target=\"_blank\">Fondation Royaumont.&nbsp;<\/a>Asni&egrave;res-sur-Oise (95). T&eacute;l.: 01&nbsp;30&nbsp;35&nbsp;59&nbsp;00.<\/i>\n\t<\/p>\n<h2>\n\t\tLe massif des Trois For&ecirc;t<br \/>\n\t<\/h2>\n<p>\n\t\tOn y va pour&nbsp;un bain de nature pr&egrave;s de Senlis o&ugrave; trois for&ecirc;ts au charme distinct tapissent un m&ecirc;me massif. Celle de Chantilly (6300&nbsp;ha) est la plus courue. Dessin&eacute;es jadis pour faciliter les chasses du Grand Cond&eacute;, de grandes all&eacute;es plates y tracent de superbes perspectives. Autrefois landes &agrave; bruy&egrave;re sur sol sablonneux, Ermenonville, sa voisine, doit son statut de for&ecirc;t aux pins sylvestres qui y furent plant&eacute;s au XIXe&nbsp;si&egrave;cle. Plus au nord, un relief accident&eacute; annonce Halatte et ses futaies &laquo;cath&eacute;drales&raquo; de h&ecirc;tres.\n\t<\/p>\n<p>\n\t\t<i>On dort&nbsp;&agrave; l&#39;Aunette Cottage, au calme dans le ravissant village de Chamant, entre rendez-vous de chasse et maison d&#39;h&ocirc;te, ambiance cosy, salon avec chemin&eacute;e et biblioth&egrave;que, piscine chauff&eacute;e, &agrave; partir de 106&nbsp;&euro;.<\/i>\n\t<\/p>\n<p>\n\t\t<i><a href=\"http:\/\/www.launettecottage.com\/\" target=\"_blank\">L&#39;Aunette Cottage.<\/a>&nbsp;9-11, rue Alain-de-Rothschild, Chamant (60). T&eacute;l.: 03&nbsp;44&nbsp;72&nbsp;73&nbsp;47.<\/i>\n\t<\/p>\n<h2>\n\t\tVillages Nature Paris<br \/>\n\t<\/h2>\n<p>\n\t\tOn y va pour&nbsp;prendre un grand bol d&#39;air en famille au m&eacute;gacomplexe touristique d&#39;Euro Disney et Pierre &amp;&nbsp;Vacances-Center Parc. Parmi les cinq univers r&eacute;cr&eacute;atifs con&ccedil;us, la Ferme Bellevie propose de nombreuses animations et ateliers. Ainsi petits et grands pourront apprendre &agrave; faire du pain, du beurre, &agrave; jardiner en famille ou tout savoir sur l&#39;apiculture. Une immense aire de jeux couverte compos&eacute;e de silos-toboggans, trampoline de paille ou encore de tracteurs &agrave; p&eacute;dales fera &eacute;galement la joie des plus jeunes.\n\t<\/p>\n<p>\n\t\tOn dort&nbsp;dans un des 916 cottages et appartements d&eacute;clin&eacute;s en trois gammes (Clan Comfort, Country Premium, Cocon VIP) &agrave; la d&eacute;coration raffin&eacute;e. Locations pour 2 nuits pour 4&nbsp;personnes, &agrave; partir de 306&nbsp;&euro;.\n\t<\/p>\n<p>\n\t\t<i><a href=\"http:\/\/www.centerparcs.fr\/fr-fr\" target=\"_blank\">Center Parcs.<\/a>&nbsp;T&eacute;l.: 0805 53 05 03.<\/i>\n\t<\/p>\n<h2>\n\t\t&Agrave; DEUX HEURES DE PARIS<br \/>\n\t<\/h2>\n<figure data-media-id=\"20170927XVMFIG00050\" data-media-type=\"XVM\">\n\t\t<img data-recalc-dims=\"1\" loading=\"lazy\" decoding=\"async\" alt=\"Le d\u00e9part de la Transat Jacques Vabre le 25 octobre 2015 au large du Havre (76).\" height=\"163\" src=\"https:\/\/i0.wp.com\/i.f1g.fr\/media\/figaro\/300x164\/2017\/09\/27\/XVM087553da-9ebd-11e7-9d5f-bd1f1236a99f-300x164.jpg?resize=300%2C163\" width=\"300\" \/><br \/>\n\t<\/figure>\n<h2>\n\t\tLe Havre<br \/>\n\t<\/h2>\n<p>\n\t\tOn y va pour&nbsp;la formidable ambiance qui pr&eacute;c&egrave;de le d&eacute;part d&#39;une course au large, en l&#39;occurrence la 13e Transat Jacques Vabre. Top chrono pour Salvador de Bahia le dimanche 5&nbsp;novembre &agrave; 13&nbsp;h&nbsp;35. Mais d&egrave;s le vendredi 27&nbsp;octobre &agrave; 16&nbsp;h, la f&ecirc;te battra son plein au village de la course, sur les quais du bassin Paul-Vatine o&ugrave; les 41 voiliers en lice seront amarr&eacute;s (Class40, Multi50, Imoca, Ultime&#8230;). On pourra ainsi c&ocirc;toyer, en toute simplicit&eacute;, des skippers tels que Yann Eli&egrave;s, Thomas Coville, Alexis Loison, S&eacute;bastien Josse et Fabrice Amedeo.\n\t<\/p>\n<p>\n\t\t<i><a href=\"https:\/\/www.transatjacquesvabre.org\/\" target=\"_blank\">Transat Jacques Vabre.<\/a>&nbsp;Acc&egrave;s libre. Jusqu&#39;au 5&nbsp;novembre, de 10 h &agrave; 20 h et 22&nbsp;h ven. et sam.<\/i>\n\t<\/p>\n<p>\n\t\tOn dort&nbsp;&agrave; l&#39;Ibis Styles, customis&eacute; ann&eacute;es 1950, celles de la reconstruction du centre griff&eacute; Perret o&ugrave; se trouve l&#39;h&ocirc;tel.\n\t<\/p>\n<p>\n\t\t<i><a href=\"http:\/\/www.ibis.com\/france\/index.fr.shtml\" target=\"_blank\">Ibis Styles.<\/a>&nbsp;&Agrave; partir de 100&nbsp;&euro; avec le petit d&eacute;jeuner. T&eacute;l.: 02&nbsp;35&nbsp;41&nbsp;72&nbsp;48.<\/i>\n\t<\/p>\n<h2>\n\t\tDunkerque<br \/>\n\t<\/h2>\n<p>\n\t\tOn y va pour&nbsp;l&#39;op&eacute;ration &laquo;Dynamo&raquo;. Au programme: la plage de Malo-les-Bains, site de la folle &eacute;vacuation des forces alli&eacute;es vers l&#39;Angleterre. Puis cap sur le Mus&eacute;e Dunkerque 1940, abrit&eacute; dans une casemate du Bastion 32, QG de la d&eacute;fense du secteur fortifi&eacute; de Flandre (8&nbsp;&euro; l&#39;entr&eacute;e, 5&nbsp;&euro; moins de 18 ans). Puis visite de l&#39;exposition &laquo;L&#39;envers du d&eacute;cor&raquo;, consacr&eacute;e au tournage du film&nbsp;<i>Dunkerque.<\/i>&nbsp;(&agrave; l&#39;AP2 jusqu&#39;au 10&nbsp;novembre, acc&egrave;s libre). Enfin, d&eacute;jeuner ou d&icirc;ner au nouveau restaurant de l&#39;h&eacute;ro&iuml;que&nbsp;<i>Princess Elizabeth<\/i>, paddle steamer &agrave; aubes engag&eacute; parmi les &laquo;little ships&raquo;. Menu 1940 &agrave; 39,45&nbsp;&euro;.\n\t<\/p>\n<p>\n\t\t<i><a href=\"http:\/\/www.ot-dunkerque.fr\/\" target=\"_blank\">Office de tourisme Dunkerque<\/a>. T&eacute;l.: 03&nbsp;28&nbsp;66&nbsp;79&nbsp;21.<\/i>\n\t<\/p>\n<p>\n\t\tOn dort&nbsp;&agrave; l&#39;Ibis Dunkerque Centre, 3 &eacute;toiles, &agrave; un quart d&#39;heure &agrave; pied du site de l&#39;op&eacute;ration &laquo;Dynamo&raquo;. Lobby color&eacute; et chambres nettes, environ 85&nbsp;&euro;.\n\t<\/p>\n<p>\n\t\t<i><a href=\"http:\/\/www.ibis.com\/france\/index.fr.shtml\" target=\"_blank\">Ibis Dunkerque.&nbsp;<\/a>T&eacute;l.: 03&nbsp;28&nbsp;66&nbsp;29&nbsp;07.<\/i>\n\t<\/p>\n<h2>\n\t\tBell&ecirc;me<br \/>\n\t<\/h2>\n<p>\n\t\tOn y va pour&nbsp;chiner meubles et objets des ann&eacute;es 1950, 1960 et 1970. Fief des brocanteurs, la jolie petite cit&eacute; m&eacute;di&eacute;vale du Perche (ville close, maisons &agrave; tourelles, h&ocirc;tels particuliers&hellip;) abrite une douzaine de galeries et bric-&agrave;-brac o&ugrave; les souvenirs des Trente Glorieuses tiennent le haut du pav&eacute;. Avis aux amateurs, un nouveau terrain de chasse aux tr&eacute;sors est annonc&eacute; pour octobre, &laquo;L&#39;instant pr&eacute;sent&raquo;. Install&eacute; dans une ancienne maison de ma&icirc;tre, il proposera 200 m2 d&#39;exposition de mobilier in et outdoor vintage &agrave; souhait.\n\t<\/p>\n<p>\n\t\t<i><a href=\"http:\/\/www.cdcpaysbellemois.fr\/\" target=\"_blank\">Maison du tourisme.<\/a>&nbsp;T&eacute;l.: 02&nbsp;33&nbsp;73&nbsp;09&nbsp;69.<\/i>\n\t<\/p>\n<p>\n\t\tOn dort&nbsp;&agrave; l&#39;or&eacute;e de la for&ecirc;t de R&eacute;no Valdieu, &agrave; la Maison d&#39;Hector, trois chambres et table d&#39;h&ocirc;te, am&eacute;nag&eacute;es dans une ancienne fa&iuml;encerie du XVIIIe, plant&eacute;e dans un parc paysag&eacute;.\n\t<\/p>\n<p>\n\t\t<i><a href=\"http:\/\/lamaisondhector.com\/\" target=\"_blank\">La Maison d&#39;Hector.&nbsp;<\/a>&Agrave; partir de 95&nbsp;&euro; &agrave; deux et d&icirc;ner &nbsp;(sur r&eacute;servation) &agrave; 27&nbsp;&euro; par personne. &nbsp;T&eacute;l.: 02&nbsp;33&nbsp;73&nbsp;58&nbsp;59 .<\/i>\n\t<\/p>\n<h2>\n\t\tB&eacute;thune<br \/>\n\t<\/h2>\n<p>\n\t\tOn y va pour&nbsp;l&#39;exposition &laquo;Int&eacute;riorit&eacute;s&raquo;, saison 2 de &laquo;La travers&eacute;e des inqui&eacute;tudes&raquo;, une trilogie librement adapt&eacute;e de la pens&eacute;e de&nbsp;<a href=\"http:\/\/evene.lefigaro.fr\/celebre\/biographie\/georges-bataille-1479.php\" target=\"\">Georges Bataille<\/a>. Pr&eacute;sent&eacute;e &agrave;&nbsp;<i>Labanque<\/i>, le centre d&#39;art contemporain install&eacute; dans l&#39;ancienne Banque de France, cette exposition r&eacute;unit, des &oelig;uvres in&eacute;dites, sp&eacute;cialement r&eacute;alis&eacute;es par treize artistes fran&ccedil;ais et &eacute;trangers. Le parcours se veut un voyage &agrave; travers&nbsp;<i>L&#39;Exp&eacute;rience int&eacute;rieure<\/i>, &agrave; la fois journal intime, po&egrave;me et essai philosophique, paru en 1943.\n\t<\/p>\n<p>\n\t\t<i><a href=\"http:\/\/www.tourisme-bethune-bruay.fr\/\" target=\"_blank\">Labanque.<\/a>&nbsp;Jusqu&#39;au 18&nbsp;f&eacute;vrier 2018, entr&eacute;e 6&nbsp;&euro;. &nbsp;T&eacute;l.: 03&nbsp;21&nbsp;63&nbsp;04&nbsp;70.<\/i>\n\t<\/p>\n<p>\n\t\tOn dort&nbsp;au B H&ocirc;tel, 3 &eacute;toiles, tout beau, tout r&eacute;nov&eacute;, &agrave; 100&nbsp;m de la gare et dix minutes du beffroi. &Agrave; partir de 60&nbsp;&euro;.\n\t<\/p>\n<p>\n\t\t<i><a href=\"http:\/\/b-hotel.fr\/\" target=\"_blank\">B H&ocirc;tel.&nbsp;<\/a>T&eacute;l.: 03&nbsp;21&nbsp;57&nbsp;07&nbsp;67.<\/i>\n\t<\/p>\n<h2>\n\t\tStrasbourg<br \/>\n\t<\/h2>\n<p>\n\t\tOn y va pour&nbsp;le Ch&acirc;teau Mus&eacute;e Vodou install&eacute; dans un ancien ch&acirc;teau d&#39;eau datant de 1878, qui abrite la plus grande collection priv&eacute;e d&#39;objets vodou ouest-africains au monde: plus de mille pi&egrave;ces rassembl&eacute;es par un passionn&eacute; d&#39;Afrique.\n\t<\/p>\n<p>\n\t\t<i><a href=\"http:\/\/www.chateau-vodou.com\/fr\/chateau-musee-vodou-strasbourg\/\" target=\"_blank\">Ch&acirc;teau Mus&eacute;e Vodou.&nbsp;<\/a>Du mer. au dim., de 14&nbsp;h &agrave; 18&nbsp;h, &nbsp;gratuit jusqu&#39;&agrave; 14 ans, 14&nbsp;&euro; adultes. &nbsp;T&eacute;l.: 03&nbsp;88&nbsp;36&nbsp;15&nbsp;03.<\/i>\n\t<\/p>\n<p>\n\t\tOn dort&nbsp;chez La C&eacute;lestine. Ce B&amp;B familial est am&eacute;nag&eacute; dans une maison n&eacute;oclassique du XIXe&nbsp;si&egrave;cle, non loin des mus&eacute;es du palais Rohan, de la cath&eacute;drale Notre-Dame et du Mus&eacute;e d&#39;art moderne de Strasbourg. Le petit d&eacute;jeuner aux produits faits maison contribue &agrave; la bonne r&eacute;putation du lieu. Compter 105&nbsp;&euro; pour deux.\n\t<\/p>\n<p>\n\t\t<i><a href=\"http:\/\/www.la-celestine.fr\/\" target=\"_blank\">La C&eacute;lestine.&nbsp;<\/a>2, rue des Planches, Strasbourg (67). &nbsp;T&eacute;l.: 06&nbsp;48&nbsp;13&nbsp;14&nbsp;75.<\/i>\n\t<\/p>\n<figure data-media-id=\"20170927XVMFIG00051\" data-media-type=\"XVM\">\n\t\t<img data-recalc-dims=\"1\" loading=\"lazy\" decoding=\"async\" alt=\"Une estampe de saint Fiacre au Mus\u00e9e de l'image, \u00e0 \u00c9pinal (88).\" height=\"387\" src=\"https:\/\/i0.wp.com\/i.f1g.fr\/media\/figaro\/300x387\/2017\/09\/27\/XVM2bb77d50-9e18-11e7-92ac-12feebdecf20-300x387.jpg?resize=299%2C387\" width=\"299\" \/><br \/>\n\t<\/figure>\n<h2>\n\t\t&Eacute;pinal<br \/>\n\t<\/h2>\n<p>\n\t\tOn y va pour&nbsp;d&eacute;couvrir le Mus&eacute;e de l&#39;image, riche d&#39;une des collections les plus denses d&#39;Europe: plus de 100.000 pi&egrave;ces imprim&eacute;es au cours de cinq si&egrave;cles, du XVIIe &agrave; nos jours. Devinettes aux feuilles de saints, images de Napol&eacute;on, imagerie de la Grande Guerre, illustrations d&#39;artistes contemporains&hellip;\n\t<\/p>\n<p>\n\t\t<i><a href=\"http:\/\/www.museedelimage.fr\/\" target=\"_blank\">Mus&eacute;e de l&#39;image<\/a>&nbsp;Du mar. au dim., 1&nbsp;&euro; jusqu&#39;&agrave; 18 ans, 6&nbsp;&euro; ensuite.<\/i>\n\t<\/p>\n<p>\n\t\tOn dort&nbsp;au Best Western La Fayette. Cet h&ocirc;tel 4 &eacute;toiles, avec un restaurant gastronomique, dispose d&#39;un espace d&eacute;tente, piscine et spa tr&egrave;s appr&eacute;ci&eacute;.\n\t<\/p>\n<p>\n\t\t<i><a href=\"https:\/\/www.epinalhotellafayette.com\/\" target=\"_blank\">Best Western La Fayette.<\/a>&nbsp;&Agrave; partir de 111&nbsp;&euro;. 3, rue de la Bazaine, &nbsp;&Eacute;pinal (88). T&eacute;l.: 03&nbsp;29&nbsp;81&nbsp;15&nbsp;15.<\/i>\n\t<\/p>\n<h2>\n\t\tChambord<br \/>\n\t<\/h2>\n<p>\n\t\tOn y va pour&nbsp;d&eacute;couvrir le brame du cerf dans la for&ecirc;t du domaine. L&#39;exp&eacute;rience sensorielle et olfactive est propos&eacute;e &agrave; la tomb&eacute;e de la nuit ou au lever du jour, par groupe de 16 participants au maximum (35\/40&nbsp;&euro;) ou quatre dans un mirador (200&nbsp;&euro;). L&#39;occasion de d&eacute;couvrir autrement ce lieu magistral du patrimoine fran&ccedil;ais, auquel notre cons&oelig;ur du&nbsp;<i>Figaro<\/i>&nbsp;Claire Bommelaer a consacr&eacute; un petit guide passionnant et richement illustr&eacute;,&nbsp;<i>Chambord. Le r&ecirc;ve d&#39;un roi<\/i>&nbsp;(&Eacute;ditions Gallimard).\n\t<\/p>\n<p>\n\t\t<i><a href=\"https:\/\/www.chambord.org\/fr\/agenda\/brame-du-cerf\/\" target=\"_blank\">Brame du cerf au ch&acirc;teau de Chambord<\/a>, jusqu&#39;au 15&nbsp;octobre sur r&eacute;servation au 02&nbsp;54&nbsp;50&nbsp;50&nbsp;40.<\/i>\n\t<\/p>\n<p>\n\t\tOn dort&nbsp;&agrave; la maison de la Gabilli&egrave;re. Install&eacute; dans une ancienne maison de garde &agrave; l&#39;entr&eacute;e du domaine de Chambord, ce sympathique g&icirc;te rural 3 &eacute;toiles pouvant accueillir jusqu&#39;&agrave; 6 personnes est id&eacute;alement situ&eacute; pour observer les animaux, en pleine nature. Entre 560&nbsp;&euro; et 740&nbsp;&euro; pour un week-end.\n\t<\/p>\n<p>\n\t\t<i><a href=\"https:\/\/www.chambord.org\/fr\/\" target=\"_blank\">Domaine national de Chambord, &nbsp;<\/a>&nbsp;Chambord (41). T&eacute;l.: 02&nbsp;54&nbsp;50&nbsp;50&nbsp;12.<\/i>\n\t<\/p>\n<h2>\n\t\tNantes<br \/>\n\t<\/h2>\n<p>\n\t\tOn y va pour&nbsp;d&eacute;couvrir le&nbsp;<a href=\"rens.:https:\/museedartsdenantes.nantesmetropole.fr\/home.html\" target=\"_blank\">Mus&eacute;e d&#39;arts de la ville<\/a>, l&#39;un des plus grands mus&eacute;es de la r&eacute;gion. Apr&egrave;s six ans de travaux, cette institution a rouvert en juin avec un nouveau b&acirc;timent d&eacute;di&eacute; &agrave; l&#39;art contemporain, un nouveau restaurant et une librairie.\n\t<\/p>\n<p>\n\t\t<i>On dort&nbsp;au Sozo. &Agrave; proximit&eacute; du mus&eacute;e et de la gare, ce boutique h&ocirc;tel 4 &eacute;toiles a investi une ancienne chapelle du XIXe&nbsp;si&egrave;cle. Vitraux, pilastres, vo&ucirc;tes et mobilier sign&eacute;&nbsp;<a href=\"http:\/\/evene.lefigaro.fr\/celebre\/biographie\/philippe-starck-4262.php\" target=\"\">Starck<\/a>&nbsp;composent l&#39;insolite d&eacute;cor de cet &eacute;tablissement dot&eacute; d&#39;un spa dit &nbsp;&laquo;espace sensoriel&raquo;.<\/i>\n\t<\/p>\n<p>\n\t\t<i><a href=\"http:\/\/www.sozohotel.fr\/fr\/\" target=\"_blank\">Sozo H&ocirc;tel&nbsp;<\/a>&Agrave; partir de 127&nbsp;&euro;. T&eacute;l.: 02&nbsp;51&nbsp;82&nbsp;40&nbsp;00.<\/i>\n\t<\/p>\n<h2>\n\t\tLyon<br \/>\n\t<\/h2>\n<p>\n\t\tOn y va pour&nbsp;la premi&egrave;re foire d&#39;art pour les enfants. Cap sur le street art avec les plus grandes pointures du genre:&nbsp;<a href=\"http:\/\/evene.lefigaro.fr\/celebre\/biographie\/jacques-villegle-26252.php\" target=\"\">Villegl&eacute;<\/a>,<a href=\"http:\/\/evene.lefigaro.fr\/celebre\/biographie\/jonone-156-39006.php\" target=\"\">&nbsp;JonOne<\/a>,&nbsp;<a href=\"http:\/\/evene.lefigaro.fr\/celebre\/biographie\/banksy-54319.php\" target=\"\">Banksy<\/a>,&nbsp;<a href=\"http:\/\/evene.lefigaro.fr\/celebre\/biographie\/shepard-fairey-3489075.php\" target=\"\">Shepard Fairey<\/a>, C215,&nbsp;<a href=\"https:\/\/www.instagram.com\/invaderwashere\/\" target=\"_blank\">Invader<\/a>, Jef Aerosol ou encore Monkey Bird. Une initiative pens&eacute;e et r&eacute;alis&eacute;e en partenariat avec le Mus&eacute;e en herbe &agrave; Paris, audacieux sp&eacute;cialiste du genre. Visite (8&nbsp;&euro;) et atelier (10&nbsp;&euro;) selon deux tranches d&#39;&acirc;ge: 3-5&nbsp;ans et 6-12 ans. &laquo;One, two&hellip; street art!&raquo;, &nbsp;jusqu&#39;au 8&nbsp;novembre.\n\t<\/p>\n<p>\n\t\t<i>R&eacute;s.: sur le site de&nbsp;<a href=\"http:\/\/littlebeauxarts.fr\/\" target=\"\">Littlebeauxarts.<\/a><\/i>\n\t<\/p>\n<p>\n\t\tOn dort&nbsp;&agrave; l&#39;H&ocirc;tel des C&eacute;lestins. Cet &eacute;tablissement 3 &eacute;toiles au charme contemporain est situ&eacute; en plein centre-ville pr&egrave;s du Rh&ocirc;ne et du m&eacute;tro Bellecour. Id&eacute;al pour visiter le Vieux Lyon et les mus&eacute;es. Un parking est &agrave; proximit&eacute; imm&eacute;diate avec des prix pr&eacute;f&eacute;rentiels pour les clients de l&#39;h&ocirc;tel.\n\t<\/p>\n<p>\n\t\t<i><a href=\"http:\/\/www.hotelcelestins.com\/\" target=\"_blank\">H&ocirc;tel des C&eacute;lestins.<\/a>&nbsp;&Agrave; partir de 99&nbsp;&euro;. 4, rue des Archers, Lyon (69). T&eacute;l.: 04&nbsp;72&nbsp;56&nbsp;08&nbsp;98.<\/i>\n\t<\/p>\n<h2>\n\t\tLens<br \/>\n\t<\/h2>\n<p>\n\t\tOn y va pour&nbsp;d&eacute;couvrir, au Louvre Lens, quelle &eacute;tait la place de la musique dans les grandes civilisations antiques, de l&#39;Orient &agrave; Rome, en passant par la Gr&egrave;ce et l&#39;&Eacute;gypte. Le parcours propose notamment des reconstitutions sonores in&eacute;dites &agrave; partir d&#39;instruments antiques et le plus ancien chant connu &agrave; ce jour dans le monde.\n\t<\/p>\n<p>\n\t\t<i><a href=\"http:\/\/www.louvrelens.fr\/\" target=\"_blank\">Louvre Lens.&nbsp;<\/a>Jusqu&#39;au 15&nbsp;janvier 2018.<\/i>\n\t<\/p>\n<p>\n\t\tOn dort&nbsp;au Najeti H&ocirc;tel de l&#39;Univers. Ce 4-&eacute;toiles de 38 chambres, install&eacute; dans un ancien monast&egrave;re j&eacute;suite du XVIIe&nbsp;si&egrave;cle, est une r&eacute;f&eacute;rence au c&oelig;ur de la ville. On appr&eacute;cie aussi son restaurant gastronomique, Le Clusius, et sa cave &agrave; vins de plus de 250 r&eacute;f&eacute;rences.\n\t<\/p>\n<p>\n\t\t<i><a href=\"http:\/\/www.najeti.fr\/hotel\/hotel-arras.php\" target=\"_blank\">Najeti H&ocirc;tel de l&#39;Univers.&nbsp;<\/a>&Agrave; partir de 84&nbsp;&euro;. 3-5, place de la Croix-Rouge, Arras (62). T&eacute;l.: 09&nbsp;70&nbsp;38&nbsp;55&nbsp;01 .<\/i>\n\t<\/p>\n<figure data-media-id=\"20170927XVMFIG00052\" data-media-type=\"XVM\">\n\t\t<img data-recalc-dims=\"1\" loading=\"lazy\" decoding=\"async\" alt=\"Le ch\u00e2teau de Pierrefonds (60).\" height=\"195\" src=\"https:\/\/i0.wp.com\/i.f1g.fr\/media\/figaro\/300x195\/2017\/09\/27\/XVM97a5acb6-9e19-11e7-92ac-12feebdecf20-300x195.jpg?resize=300%2C195\" width=\"300\" \/><br \/>\n\t<\/figure>\n<h2>\n\t\tPierrefonds<br \/>\n\t<\/h2>\n<p>\n\t\tOn y va pour&nbsp;les 150 ans de son<a href=\"http:\/\/www.chateau-pierrefonds.fr\/\" target=\"\">&nbsp;ch&acirc;teau<\/a>! Pour c&eacute;l&eacute;brer cet anniversaire, une exposition du Centre des monuments nationaux (jusqu&#39;au 20&nbsp;novembre) rassemble photos et dessins de l&#39;&eacute;difice en 1867&hellip; Au c&oelig;ur de la for&ecirc;t &eacute;ponyme, Pierrefonds et son d&eacute;cor m&eacute;di&eacute;val font figure d&#39;apparition. Sa masse blanche dans le coucher du soleil, cern&eacute;e de for&ecirc;ts aux couleurs automnales, reste une des plus belles cartes postales du patrimoine fran&ccedil;ais.\n\t<\/p>\n<p>\n\t\t<i>On dort&nbsp;&agrave; La Bonne Id&eacute;e, une auberge de campagne &agrave; mi-chemin entre Compi&egrave;gne et Pierrefonds pr&egrave;s de l&#39;abbaye de Saint-Jean-aux-Bois, autour de 110&nbsp;&euro;.<\/i>\n\t<\/p>\n<p>\n\t\t<i><a href=\"http:\/\/www.a-la-bonne-idee.fr\/fr\/index.php\" target=\"_blank\">La Bonne Id&eacute;e.<\/a>&nbsp;3, rue des Meuniers, Saint-Jean-aux-Bois (60). T&eacute;l.: 03&nbsp;44&nbsp;42&nbsp;84&nbsp;09.<\/i>\n\t<\/p>\n<h2>\n\t\tBlois<br \/>\n\t<\/h2>\n<p>\n\t\tOn y va pour&nbsp;un voyage dans le temps au c&oelig;ur de cette ville royale du Val de Loire, domin&eacute;e par son ch&acirc;teau et travers&eacute;e par la Loire, large et majestueuse. Le palais est ouvert &agrave; la visite avec notamment un parcours nocturne guid&eacute; &agrave; la torche. Le lieu accueille chaque ann&eacute;e les Rendez-vous de l&#39;histoire, qui f&ecirc;tent leur 20e &eacute;dition (du 4 au 8&nbsp;octobre). Durant quatre jours, conf&eacute;rences, salons du livre, cycle de cin&eacute;ma, d&icirc;ner historique&hellip; animent la ville. L&#39;occasion aussi de voir l&#39;exposition consacr&eacute;e &agrave; Gaston d&#39;Orl&eacute;ans, fils d&#39;Henri IV et fr&egrave;re de Louis XIII (jusqu&#39;au 15&nbsp;novembre).\n\t<\/p>\n<p>\n\t\tOn dort&nbsp;pr&egrave;s de la cit&eacute; royale de Loches, dans le ch&acirc;teau-monast&egrave;re de la Corroirie, p&eacute;pite patrimoniale immerg&eacute;e en pleine nature (150&nbsp;ha de parc avec &eacute;tang et potager bio). Deux suites d&#39;h&ocirc;te seulement, un havre de paix, &agrave; l&#39;&eacute;cart du circuit des ch&acirc;teaux de la Loire, autour de 100&nbsp;&euro;.\n\t<\/p>\n<p>\n\t\t<i><a href=\"https:\/\/www.corroirie.com\/\" target=\"_blank\">Ch&acirc;teau-monast&egrave;re de la Corroirie.<\/a>&nbsp;Montr&eacute;sor (37). T&eacute;l.: 06&nbsp;80&nbsp;43&nbsp;38&nbsp;75.<\/i>\n\t<\/p>\n<h2>\n\t\tAngers<br \/>\n\t<\/h2>\n<p>\n\t\tOn y va pour&nbsp;contempler, au ch&acirc;teau d&#39;Angers, La<i>Tenture de l&#39;Apocalypse,<\/i>&nbsp;chef-d&#39;&oelig;uvre absolu de l&#39;art m&eacute;di&eacute;val, la plus grande jamais tiss&eacute;e en Europe. En &eacute;cho contemporain &agrave; cette &oelig;uvre exceptionnelle,&nbsp;<a href=\"http:\/\/plus.lefigaro.fr\/tag\/Jean-Lur%C3%A7at\" target=\"\">Jean Lur&ccedil;at<\/a>&nbsp;a r&eacute;alis&eacute;&nbsp;<i>Le Chant du monde,<\/i>&nbsp;tapisserie monumentale d&eacute;ploy&eacute;e au mus&eacute;e &eacute;ponyme. Ce dernier organise dans le cadre de la Triennale internationale de mini-textiles l&#39;exposition &laquo;Libres comme l&#39;art&raquo;: 69 &oelig;uvres faites de fils, pi&egrave;ces de petites dimensions, r&eacute;alis&eacute;es par de jeunes artistes du monde entier.\n\t<\/p>\n<p>\n\t\t<i>On dort&nbsp;au Best Western H&ocirc;tel d&#39;Anjou, une ic&ocirc;ne de l&#39;h&ocirc;tellerie angevine, install&eacute; dans un &eacute;l&eacute;gant immeuble du XIXe&nbsp;si&egrave;cle.<\/i>\n\t<\/p>\n<p>\n\t\t<i><a href=\"http:\/\/www.hoteldanjou.fr\/\" target=\"_blank\">Best Western H&ocirc;tel d&#39;Anjou.&nbsp;<\/a>1, boulevard du Mar&eacute;chal-Foch, Angers (49), autour de 80&nbsp;&euro;. T&eacute;l.: 02&nbsp;41&nbsp;21&nbsp;12&nbsp;11,<\/i>\n\t<\/p>\n<h2>\n\t\tBruxelles<br \/>\n\t<\/h2>\n<p>\n\t\tOn y va pour&nbsp;rencontrer artistes et designers contemporains &agrave; l&#39;occasion de<a href=\"https:\/\/www.accessibleartfair.com\/\" target=\"_blank\">l&#39;Accessible Art Fair 2017<\/a>, au&nbsp;<a href=\"http:\/\/evene.lefigaro.fr\/culture\/lieux\/palais-des-beaux-arts-de-bruxelles-3501.php\" target=\"\">Bozar-Palais des beaux-arts&nbsp;<\/a>(du 5 au 8&nbsp;octobre). Ce mus&eacute;e est en lui-m&ecirc;me un tr&egrave;s beau site culturel bruxellois, &oelig;uvre de l&#39;architecte&nbsp;<a href=\"http:\/\/evene.lefigaro.fr\/celebre\/biographie\/victor-horta-34266.php\" target=\"\">Victor Horta<\/a>, un des plus brillants repr&eacute;sentants de l&#39;Art nouveau en Europe. Destination de city-break par excellence, son office de tourisme a eu la lumineuse id&eacute;e de cr&eacute;er un circuit qui recense tous les b&acirc;timents &agrave; voir.\n\t<\/p>\n<p>\n\t\t<i>On dort&nbsp;&agrave; l&#39;H&ocirc;tel Amigo, &agrave; proximit&eacute; de la Grand-Place, une des meilleures adresses de la ville, qui a cr&eacute;&eacute; le package &laquo;Art in the City&raquo;, disponible jusqu&#39;au 8&nbsp;octobre 2017. Il propose une entr&eacute;e pour deux &agrave; l&#39;Accessible Art Fair, une nuit en chambre classique, un petit d&eacute;jeuner buffet et un cocktail de bienvenue&hellip;<\/i>\n\t<\/p>\n<p>\n\t\t<i><a href=\"http:\/\/amigo.brussels-hotels.net\/fr\/\" target=\"_blank\">H&ocirc;tel Amigo.<\/a>&nbsp;&Agrave; partir de 319&nbsp;&euro;. 1, rue de l&#39;Amigo. T&eacute;l.: 00 32 2 547 47 47.<\/i>\n\t<\/p>\n<h2>\n\t\tLe Cateau-Cambr&eacute;sis<br \/>\n\t<\/h2>\n<p>\n\t\tOn y va pour&nbsp;le Mus&eacute;e Matisse, qui a propos&eacute; une carte blanche au peintre et illustrateur b&eacute;d&eacute;iste Alain Godon, sur l&#39;id&eacute;e et l&#39;importance du voyage chez&nbsp;<a href=\"http:\/\/evene.lefigaro.fr\/celebre\/biographie\/matisse-2987.php\" target=\"\">Henri Matisse<\/a>, de New York &agrave; Tahiti. Une expo pop et color&eacute;e en 150 &oelig;uvres &agrave; voir avec enfants et adolescents.\n\t<\/p>\n<p>\n\t\t<i><a href=\"http:\/\/museematisse.lenord.fr\/fr\/Accueil\/tabid\/40\/Default.aspx\" target=\"_blank\">Mus&eacute;e Matisse.<\/a>&nbsp;&Agrave; partir du 14 octobre. T&eacute;l.: 03&nbsp;59&nbsp;73&nbsp;38&nbsp;00.<\/i>\n\t<\/p>\n<p>\n\t\tOn dort&nbsp;Au Grand Duc. &Agrave; 43 minutes du Cateau-Cambr&eacute;sis, &agrave; Valenciennes, cette chambre d&#39;h&ocirc;te, install&eacute;e dans la maison du directeur des anciens ateliers des houill&egrave;res d&#39;Anzin, est devenue, avec son parc, un refuge des arts et des esprits curieux. Compter 117&nbsp;&euro; pour deux, petit d&eacute;jeuner compris.\n\t<\/p>\n<p>\n\t\t<i><a href=\"http:\/\/www.legrandduc.fr\/\" target=\"_blank\">Grand Duc.&nbsp;<\/a>104, av. de Cond&eacute;, Valenciennes (59). T&eacute;l.: 03&nbsp;27&nbsp;46&nbsp;40&nbsp;30.<\/i>\n\t<\/p>\n<figure data-media-id=\"20170927XVMFIG00053\" data-media-type=\"XVM\">\n\t\t<img data-recalc-dims=\"1\" loading=\"lazy\" decoding=\"async\" alt=\"Le Mus\u00e9e de\u00a0la\u00a0photographie de Charleroi, en Belgique.\" height=\"199\" src=\"https:\/\/i0.wp.com\/i.f1g.fr\/media\/figaro\/300x200\/2017\/09\/27\/XVM2136d17c-9ecd-11e7-92ac-12feebdecf20-300x200.jpg?resize=300%2C199\" width=\"300\" \/><br \/>\n\t<\/figure>\n<h2>\n\t\tCharleroi<br \/>\n\t<\/h2>\n<p>\n\t\tOn y va pour&nbsp;d&eacute;couvrir la destination tendance de Belgique: une ancienne cit&eacute; mini&egrave;re reconvertie en p&ocirc;le artistique. S&#39;y trouve le mus&eacute;e de la photographie le plus important en Europe (plus de 80.000 photographies et 3&nbsp;millions de n&eacute;gatifs conserv&eacute;s). Le mus&eacute;e f&ecirc;te son 30e anniversaire en exposant de jeunes talents. Plus loin, les quais de Sambre viennent de se refaire une beaut&eacute;. Le Quai 10, notamment, d&eacute;di&eacute; aux arts de l&#39;image, et la Manufacture urbaine, un lieu pluridisciplinaire avec microbrasserie, bar-restaurant, boulangerie, espace de concerts et d&#39;expositions.\n\t<\/p>\n<p>\n\t\t<i><a href=\"http:\/\/www.paysdecharleroi.be\/\" target=\"_blank\">Maison du tourisme.<\/a>&nbsp;T&eacute;l.: 00 3 2 7186&nbsp;14 14.<\/i>\n\t<\/p>\n<p>\n\t\tOn dort&nbsp;au Leonardo Hotel Charleroi City Center: un classique mais bien situ&eacute;. Autour de 70&nbsp;&euro;.\n\t<\/p>\n<p>\n\t\t<i><a href=\"http:\/\/www.legrandduc.fr\/\" target=\"_blank\">Leonardo Hotel Charleroi City Center.&nbsp;<\/a>96, boulevard Tirou. T&eacute;l.: 00&nbsp;32&nbsp;71&nbsp;31&nbsp;98 11.<\/i>\n\t<\/p>\n<h2>\n\t\t&Agrave; TROIS HEURES DE PARIS<br \/>\n\t<\/h2>\n<figure data-media-id=\"20170927XVMFIG00054\" data-media-type=\"XVM\">\n\t\t<img data-recalc-dims=\"1\" loading=\"lazy\" decoding=\"async\" alt=\"Les Montgolfiades de Saint-\u00c9milion (33) auront lieu du 13 au 15\u00a0octobre.\" height=\"200\" src=\"https:\/\/i0.wp.com\/i.f1g.fr\/media\/figaro\/300x200\/2017\/09\/27\/XVMea531888-9e26-11e7-92ac-12feebdecf20-300x200.jpg?resize=300%2C200\" width=\"300\" \/><br \/>\n\t<\/figure>\n<h2>\n\t\tSaint-&Eacute;milion<br \/>\n\t<\/h2>\n<p>\n\t\tOn y va pour&nbsp;les Montgolfiades, du 13 au 15&nbsp;octobre. Ce week-end-l&agrave;, quinze montgolfi&egrave;res voleront matin et soir au-dessus du village m&eacute;di&eacute;val. Ouvertes &agrave; tous les amateurs, ces a&eacute;riennes parties de ballon durent une heure. Ce qui laisse du temps pour la d&eacute;couverte terrestre d&#39;un domaine viticole. Les 120 propri&eacute;t&eacute;s partenaires du programme &laquo;ch&acirc;teaux du jour&raquo; assurent en permanence un choix quotidien de visites d&eacute;gustations.\n\t<\/p>\n<p>\n\t\t<i>Vol en montgolfi&egrave;re, 230&nbsp;&euro;; visite d&eacute;gustation &agrave; partir de 5&nbsp;&euro;. T&eacute;l.: 05&nbsp;57&nbsp;55&nbsp;28&nbsp;28 et<a href=\"http:\/\/www.saint-emilion-tourisme.com\/\" target=\"_blank\">www.saint-emilion-tourisme.com<\/a><\/i>\n\t<\/p>\n<p>\n\t\tOn dort&nbsp;en plein c&oelig;ur du village, au Logis de la Cad&egrave;ne, une maison d&#39;h&ocirc;te au design exquis, agr&eacute;ment&eacute;e d&#39;une table gastronomique aux 1&nbsp;000 r&eacute;f&eacute;rences de vin.\n\t<\/p>\n<p>\n\t\t<i><a href=\"http:\/\/www.logisdelacadene.fr\/\" target=\"_blank\">Logis de la Cad&egrave;ne.<\/a>&nbsp;&Agrave; partir de 290&nbsp;&euro; avec le petit d&eacute;jeuner. T&eacute;l.: 05&nbsp;57&nbsp;24&nbsp;71&nbsp;40.<\/i>\n\t<\/p>\n<figure data-media-id=\"20170927XVMFIG00055\" data-media-type=\"XVM\">\n\t\t<img data-recalc-dims=\"1\" loading=\"lazy\" decoding=\"async\" alt=\"L'exposition \u00abDentelles de mode, mode de dentelles\u00bb au\u00a0Mus\u00e9e de\u00a0la\u00a0Visitation\u00e0 Moulins (03).\" height=\"178\" src=\"https:\/\/i0.wp.com\/i.f1g.fr\/media\/figaro\/300x179\/2017\/09\/27\/XVM7a0c22d8-9ece-11e7-92ac-12feebdecf20-300x179.jpg?resize=300%2C178\" width=\"300\" \/><br \/>\n\t<\/figure>\n<h2>\n\t\tMoulins<br \/>\n\t<\/h2>\n<p>\n\t\tOn y va pour&nbsp;l&#39;exposition &laquo;Dentelles de mode, mode de dentelles&raquo; propos&eacute;e par l&#39;une des institutions culturelles de la capitale de l&#39;Allier: le Mus&eacute;e de la Visitation. 150 &oelig;uvres, de la fin du XVIe&nbsp;si&egrave;cle jusque dans les ann&eacute;es 1960, y mettent en lumi&egrave;re le travail des Visitandines sur cet accessoire de mode (jusqu&#39;au 24&nbsp;d&eacute;cembre). Le couturier Christian Lacroix est l&#39;un des visiteurs les plus assidus de ce mus&eacute;e riche d&#39;une collection de 10.000 pi&egrave;ces. Parmi les plus belles, des v&ecirc;tements liturgiques d&eacute;coup&eacute;s dans des tissus offerts par la reine Marie-Antoinette.\n\t<\/p>\n<p>\n\t\t<i><a href=\"http:\/\/www.musee-visitation.eu\/\" target=\"_blank\">Mus&eacute;e de la Visitation.&nbsp;<\/a>4, place de l&#39;Ancien-Palais, Moulins (03). T&eacute;l.: 04&nbsp;70&nbsp;44&nbsp;39&nbsp;03.<\/i>\n\t<\/p>\n<p>\n\t\tOn dort&nbsp;&agrave; l&#39;H&ocirc;tel de Paris, bel &eacute;tablissement r&eacute;nov&eacute; il y a peu, dot&eacute; d&#39;un joli spa am&eacute;nag&eacute; dans une ancienne &eacute;cole que fr&eacute;quenta&nbsp;<a href=\"http:\/\/evene.lefigaro.fr\/celebre\/biographie\/coco-chanel-621.php\" target=\"\">Coco Chanel<\/a>.\n\t<\/p>\n<p>\n\t\t<i><a href=\"http:\/\/www.hoteldeparis-moulins.com\/\" target=\"_blank\">H&ocirc;tel de Paris.<\/a>&nbsp;21, rue de Paris, Moulins (03). Autour de 100&nbsp;&euro;. T&eacute;l.: 04&nbsp;70&nbsp;44&nbsp;00&nbsp;58.<\/i>\n\t<\/p>\n<h2>\n\t\tWattwiller<br \/>\n\t<\/h2>\n<p>\n\t\tOn y va pour&nbsp;visiter le nouvel Historial franco-allemand de la Grande Guerre du Hartmannswillerkopf. Sur la route des cr&ecirc;tes des Vosges, ce sommet de 956&nbsp;m d&#39;altitude fut, de d&eacute;cembre&nbsp;1914 &agrave; janvier&nbsp;1916, un enjeu strat&eacute;gique o&ugrave; tomb&egrave;rent 30.000 hommes. Ouvert d&eacute;but ao&ucirc;t, l&#39;Historial compl&egrave;te un lieu de m&eacute;moire d&eacute;j&agrave; dot&eacute; d&#39;un monument national (1932), d&#39;un autel de la patrie, d&#39;une croix de Lorraine, d&#39;une crypte et, depuis 2014, d&#39;un parcours sc&eacute;nographi&eacute; sur le champ de bataille. Son design de bois se fond dans l&#39;environnement forestier.\n\t<\/p>\n<p>\n\t\t<i><a href=\"http:\/\/www.memorial-hwk.eu\/\" target=\"_blank\">Hartmannswillerkopf.&nbsp;<\/a>Jusqu&#39;au 12&nbsp;novembre, entr&eacute;e 5&nbsp;&euro;. T&eacute;l.: 03&nbsp;89&nbsp;20&nbsp;10&nbsp;68.<\/i>\n\t<\/p>\n<p>\n\t\tOn dort&nbsp;&agrave; l&#39;h&ocirc;tel Les Violettes de Jungholtz, un 4-&eacute;toiles fort agr&eacute;able avec ses 1000&nbsp;m2 d&#39;espace bien-&ecirc;tre et ses deux piscines.\n\t<\/p>\n<p>\n\t\t<i><a href=\"https:\/\/www.les-violettes.com\/fr\/\" target=\"_blank\">Les Violettes de Jungholtz.&nbsp;<\/a>&Agrave; partir de 400&nbsp;&euro; &agrave; deux en demi-pension. T&eacute;l.: 03&nbsp;89&nbsp;76&nbsp;91&nbsp;19.<\/i>\n\t<\/p>\n<figure data-media-id=\"20170927XVMFIG00056\" data-media-type=\"XVM\">\n\t\t<img data-recalc-dims=\"1\" loading=\"lazy\" decoding=\"async\" alt=\"Centre de la Vieille Charit\u00e9 \u00e0 Marseille(13).\" height=\"200\" src=\"https:\/\/i0.wp.com\/i.f1g.fr\/media\/figaro\/300x200\/2017\/09\/27\/XVMd2487a18-9e25-11e7-92ac-12feebdecf20-300x200.jpg?resize=300%2C200\" width=\"300\" \/><br \/>\n\t<\/figure>\n<h2>\n\t\tMarseille<br \/>\n\t<\/h2>\n<p>\n\t\tOn y va pour&nbsp;respirer ce petit air des tropiques qui va souffler sur la Bonne M&egrave;re avec l&#39;exposition, tr&egrave;s attendue, autour de&nbsp;<a href=\"http:\/\/evene.lefigaro.fr\/celebre\/biographie\/jack-london-3470.php\" target=\"\">Jack London<\/a>&nbsp;et du voyage qu&#39;il fit dans les mers du Sud, entre&nbsp;1907 et&nbsp;1909. L&#39;expo m&ecirc;le des &oelig;uvres &agrave; des installations audiovisuelles, des objets de marine et des tirages photographiques d&#39;&eacute;poque, entre autres pi&egrave;ces rares pr&ecirc;t&eacute;es par de grands mus&eacute;es europ&eacute;ens et am&eacute;ricains. L&#39;occasion de d&eacute;ambuler dans le quartier du Panier, un des plus beaux lieux du patrimoine marseillais, en pleine renaissance dont ruelles et placettes accueillent caf&eacute;s et boutiques branch&eacute;s.\n\t<\/p>\n<p>\n\t\t<i><a href=\"https:\/\/vieille-charite-marseille.com\/\" target=\"_blank\">La Vieille Charit&eacute;.&nbsp;<\/a>2, rue de la Charit&eacute;, Marseille (13). T&eacute;l.: 04&nbsp;91&nbsp;14&nbsp;58&nbsp;80.<\/i>\n\t<\/p>\n<p>\n\t\tOn dort&nbsp;&agrave; la Maison Montgrand, un boutique-h&ocirc;tel de charme, ouvert avant l&#39;&eacute;t&eacute; dans un ancien h&ocirc;tel particulier pr&egrave;s du Vieux-Port. Restaurant, bar et salle de bien-&ecirc;tre compl&egrave;tent ce havre de paix dont le jardin (400 m2, en pleine ville) est le grand atout.\n\t<\/p>\n<p>\n\t\t<i><a href=\"http:\/\/www.hotel-maison-montgrand.com\/\" target=\"_blank\">Maison Montgrand.<\/a>&nbsp;35, rue Montgrand. Autour de 80&nbsp;&euro;. T&eacute;l.: 04&nbsp;91&nbsp;00&nbsp;35&nbsp;20.<\/i>\n\t<\/p>\n<h2>\n\t\tChinon<br \/>\n\t<\/h2>\n<p>\n\t\tOn y va pour&nbsp;s&#39;initier au tir de bricole, au tr&eacute;buchet ou au couillard dans la forteresse de Chinon (ouverte tous les jours). Un espace ouvert, le Camp des assaillants, y pr&eacute;sente une exposition interactive sur les techniques de guerre au Moyen &Acirc;ge (jusqu&#39;au 13&nbsp;novembre). Le tout au pied de cette place forte, une des plus r&eacute;put&eacute;es de l&#39;ancien royaume de France. Plusieurs salles retracent son histoire dans une mus&eacute;ographie au top de la technologie: bornes multim&eacute;dias, reconstitutions en 3D, bancs sonores (dans le parc),&nbsp;etc.\n\t<\/p>\n<p>\n\t\tOn dort&nbsp;au Ch&acirc;teau-h&ocirc;tel de Marcay, un monument du XVe&nbsp;si&egrave;cle situ&eacute; en pleine campagne, pr&egrave;s de Chinon. 22 chambres, un parc de 15&nbsp;ha et une truffi&egrave;re.\n\t<\/p>\n<p>\n\t\t<i><a href=\"http:\/\/www.chateaudemarcay.com\/\" target=\"_blank\">Ch&acirc;teau-h&ocirc;tel de Mar&ccedil;ay.&nbsp;<\/a>Route du Ch&acirc;teau, Mar&ccedil;ay (37). &Agrave; partir de 195&nbsp;&euro;.T&eacute;l.: 02&nbsp;47&nbsp;93&nbsp;03&nbsp;47.<\/i>\n\t<\/p>\n<figure data-media-id=\"20170927XVMFIG00048\" data-media-type=\"XVM\">\n\t\t<img data-recalc-dims=\"1\" loading=\"lazy\" decoding=\"async\" alt=\"L'\u00e9dition 2016 de la vente des vins aux\u00a0Hospices de\u00a0Beaune\u00a0(21), anim\u00e9e par Val\u00e9rie\u00a0Bonneton, Khatia\u00a0Buniatishvili et\u00a0Claude Lelouch.\" height=\"202\" src=\"https:\/\/i0.wp.com\/i.f1g.fr\/media\/figaro\/300x202\/2017\/09\/27\/XVMec2b018e-9eb7-11e7-92ac-12feebdecf20-300x202.jpg?resize=299%2C202\" width=\"299\" \/><br \/>\n\t<\/figure>\n<h2>\n\t\tBeaune<br \/>\n\t<\/h2>\n<p>\n\t\tOn y va pour&nbsp;vivre la vente des vins des Hospices de Beaune, prestigieuse vente de charit&eacute; des vins de Bourgogne, toujours anim&eacute;e par des personnalit&eacute;s du monde du spectacle et du cin&eacute;ma (Claude Lelouch, Val&eacute;rie Bonneton et Virginie Ledoyen en 2016) au c&ocirc;t&eacute; d&#39;une star du marteau, le commissaire-priseur de Christie&#39;s Fran&ccedil;ois de Ricql&egrave;s. La 157e &eacute;dition sera organis&eacute;e le 19&nbsp;novembre, en point d&#39;orgue d&#39;un week-end gastronomique et festif.\n\t<\/p>\n<p>\n\t\t<i>On dort&nbsp;Au Raisin de Bourgogne. Cette chaleureuse maison familiale, situ&eacute;e &agrave; proximit&eacute; de la nationale, dispose de cinq chambres d&#39;h&ocirc;te au charme d&eacute;suet, pouvant accueillir jusqu&#39;&agrave; dix personnes.<\/i>\n\t<\/p>\n<p>\n\t\t<i><a href=\"http:\/\/auraisindebourgogne.com\/\" target=\"_blank\">Raisin de Bourgogne.&nbsp;<\/a>162, route de Beaune, Beaune (21). Autour de 70&nbsp;&euro;. T&eacute;l.: 03&nbsp;80&nbsp;24&nbsp;69&nbsp;48.<\/i>\n\t<\/p>\n<p>\n\t\t&nbsp;\n\t<\/p>\n<\/article>\n<p>\n\t&nbsp;<\/p>\n","protected":false},"excerpt":{"rendered":"<p>Avant que l&#39;hiver ne s&#39;installe d&eacute;finitivement au c&oelig;ur de la capitale, c&#39;est le moment de profiter de quelques escapades en dehors &nbsp;de Paris. En train, en voiture ou en avion, jouons la carte de la grande &eacute;vasion culturelle vers Rouen, Orl&eacute;ans ou Chartes&hellip; Finalement, n&#39;y a-t-il rien de meilleur que de prendre la poudre d&#39;escampette [&hellip;]<\/p>\n","protected":false},"author":2,"featured_media":7552,"comment_status":"open","ping_status":"open","sticky":false,"template":"","format":"standard","meta":{"_jetpack_memberships_contains_paid_content":false,"footnotes":"","jetpack_publicize_message":"","jetpack_publicize_feature_enabled":true,"jetpack_social_post_already_shared":true,"jetpack_social_options":{"image_generator_settings":{"template":"highway","default_image_id":0,"font":"","enabled":false},"version":2},"_wpas_customize_per_network":false},"categories":[68],"tags":[1821],"class_list":["post-7551","post","type-post","status-publish","format-standard","has-post-thumbnail","hentry","category-actu-culturelle","tag-30-echappees-belles-pour-sortir-de-paris"],"jetpack_publicize_connections":[],"jetpack_featured_media_url":"https:\/\/i0.wp.com\/www.iceagetv.com\/radiosite\/wp-content\/uploads\/2017\/09\/30-%C3%A9chapp%C3%A9es-belles-pour-sortir-de-Paris.jpg?fit=680%2C382&ssl=1","jetpack_sharing_enabled":true,"_links":{"self":[{"href":"https:\/\/www.iceagetv.com\/radiosite\/wp-json\/wp\/v2\/posts\/7551","targetHints":{"allow":["GET"]}}],"collection":[{"href":"https:\/\/www.iceagetv.com\/radiosite\/wp-json\/wp\/v2\/posts"}],"about":[{"href":"https:\/\/www.iceagetv.com\/radiosite\/wp-json\/wp\/v2\/types\/post"}],"author":[{"embeddable":true,"href":"https:\/\/www.iceagetv.com\/radiosite\/wp-json\/wp\/v2\/users\/2"}],"replies":[{"embeddable":true,"href":"https:\/\/www.iceagetv.com\/radiosite\/wp-json\/wp\/v2\/comments?post=7551"}],"version-history":[{"count":1,"href":"https:\/\/www.iceagetv.com\/radiosite\/wp-json\/wp\/v2\/posts\/7551\/revisions"}],"predecessor-version":[{"id":7553,"href":"https:\/\/www.iceagetv.com\/radiosite\/wp-json\/wp\/v2\/posts\/7551\/revisions\/7553"}],"wp:featuredmedia":[{"embeddable":true,"href":"https:\/\/www.iceagetv.com\/radiosite\/wp-json\/wp\/v2\/media\/7552"}],"wp:attachment":[{"href":"https:\/\/www.iceagetv.com\/radiosite\/wp-json\/wp\/v2\/media?parent=7551"}],"wp:term":[{"taxonomy":"category","embeddable":true,"href":"https:\/\/www.iceagetv.com\/radiosite\/wp-json\/wp\/v2\/categories?post=7551"},{"taxonomy":"post_tag","embeddable":true,"href":"https:\/\/www.iceagetv.com\/radiosite\/wp-json\/wp\/v2\/tags?post=7551"}],"curies":[{"name":"wp","href":"https:\/\/api.w.org\/{rel}","templated":true}]}}