{"id":7565,"date":"2017-09-29T08:02:51","date_gmt":"2017-09-29T08:02:51","guid":{"rendered":"http:\/\/www.iceagetv.com\/radiosite\/?p=7565"},"modified":"2017-09-29T08:02:51","modified_gmt":"2017-09-29T08:02:51","slug":"affaire-maelys-mere-suspect-va-parler-a-fils","status":"publish","type":"post","link":"https:\/\/www.iceagetv.com\/radiosite\/affaire-maelys-mere-suspect-va-parler-a-fils\/","title":{"rendered":"Affaire Ma\u00eblys : la m\u00e8re du suspect va parler \u00e0 son fils"},"content":{"rendered":"<p>\n\tJeudi, les parents de&nbsp;Ma&euml;lys, disparue depuis plus d&#39;un mois, ont lanc&eacute; un appel &agrave; l&#39;homme de 34 ans suspect&eacute; de l&#39;avoir enlev&eacute;e pour le pousser &agrave; &quot;r&eacute;v&eacute;ler ce qu&#39;il sait&quot;.appel a &eacute;t&eacute; entendu.&nbsp;Christiane Lelandais, la m&egrave;re de&nbsp;Nordahl Lelandais, l&#39;homme de 34 ans suspect&eacute; d&#39;avoir enlev&eacute; la petite Ma&euml;lys, a d&eacute;cid&eacute; d&#39;aller parler &agrave; son fils,&nbsp;r&eacute;v&egrave;le &quot;le Parisien&quot;&nbsp;ce vendredi 29 septembre. La veille, les parents de la petite&nbsp;Ma&euml;lys, disparue depuis plus d&#39;un mois en Is&egrave;re, lui ont lanc&eacute;&nbsp;un appel, lors d&#39;une conf&eacute;rence de presse&nbsp;pour le pousser &agrave; &quot;r&eacute;v&eacute;ler ce qu&#39;il sait&quot;.\n<\/p>\n<p>\n\tLes mots des parents de la fillette ont d&#39;ores et d&eacute;j&agrave; pouss&eacute; la m&egrave;re du suspect &agrave; agir. Christiane Lelandais a pris sa d&eacute;cision :\n<\/p>\n<p>\n\t&quot;D&egrave;s que je pourrai aller voir mon fils en prison, je vais lui parler et lui dire &#39;Si tu as vu quelque chose, il faut le dire&#39;. Et s&#39;il me l&acirc;che quelque chose, j&#39;en ferai part, c&#39;est s&ucirc;r. J&#39;en aurais trop sur la conscience de ne rien dire. Je comprends la souffrance des parents de Ma&euml;lys, je suis une m&egrave;re avant tout.&quot;\n<\/p>\n<p>\n\tUn appel &agrave; la v&eacute;rit&eacute;&quot;\n<\/p>\n<p>\n\tMa&euml;lys&nbsp;a disparu dans la nuit du 26 au 27 ao&ucirc;t lors d&#39;une soir&eacute;e de mariage dans la salle des f&ecirc;tes de Pont-de-Beauvoisin, dans l&#39;Is&egrave;re. Malgr&eacute; de tr&egrave;s vastes recherches, la fillette de 9 ans reste introuvable.&nbsp;\n<\/p>\n<p>\n\tLes parents de l&#39;enfant, qui s&#39;exprimaient publiquement pour la premi&egrave;re fois jeudi depuis le d&eacute;but de l&#39;affaire, ont tenu &agrave; lancer &quot;un appel &agrave; la v&eacute;rit&eacute;&quot;, selon leur avocat Fabien Rajon, pr&eacute;sent &agrave; leurs c&ocirc;t&eacute;s. D&#39;une voix bris&eacute;e,&nbsp;Jennifer, la m&egrave;re de&nbsp;Ma&euml;lys, assise pr&egrave;s de son compagnon, d&eacute;clare :\n<\/p>\n<p>\n\t&quot;Nous appelons toute personne susceptible d&#39;aider les enqu&ecirc;teurs &agrave; se manifester rapidement.&nbsp;Aujourd&#39;hui, un individu est suspect&eacute;, mis en examen par des juges qui ont donn&eacute; des indices graves et concordants &agrave; son encontre. [&#8230;] Nous lui demandons de dire tout ce qui s&#39;est pass&eacute; cette nuit-l&agrave; et de coop&eacute;rer avec la justice.&quot;\n<\/p>\n<p>\n\t&quot;Son comportement depuis le d&eacute;but de l&#39;enqu&ecirc;te ne nous convainc pas de sa bonne foi et de sa volont&eacute; de participer s&eacute;rieusement &agrave; l&#39;enqu&ecirc;te&quot;, souligne en outre Jennifer, persuad&eacute;e &quot;qu&#39;il pourrait d&eacute;tenir des informations importantes et pouvant nous aider &agrave; retrouver notre fille&quot;.\n<\/p>\n<p>\n\t&quot;Nous esp&eacute;rons qu&#39;il entendra notre appel &agrave; l&#39;aide car notre souhait est de retrouver notre fille et cette attente est insupportable.&quot;\n<\/p>\n<p>\n\tL&#39;&eacute;tau se resserre&nbsp;\n<\/p>\n<p>\n\tL&#39;avocat des parents avait d&eacute;j&agrave; &eacute;voqu&eacute; dans la presse, il y a quelques jours, les soup&ccedil;ons imm&eacute;diats de cette m&egrave;re envers cet homme au comportement &quot;&eacute;trange&quot;, qui n&#39;avait pas sembl&eacute; &quot;sp&eacute;cialement concern&eacute;&quot; par les recherches cette nuit-l&agrave; et avait &quot;disparu&quot; avant l&#39;arriv&eacute;e des gendarmes.\n<\/p>\n<p>\n\tUne intuition motiv&eacute;e, semble-t-il, par la proximit&eacute; de l&#39;ex-militaire qui avait discut&eacute; avec sa fille au cours de la soir&eacute;e et lui avait montr&eacute;, ainsi qu&#39;&agrave; sa m&egrave;re, des photos de chiens sur son t&eacute;l&eacute;phone.\n<\/p>\n<p>\n\tMa&euml;lys, &quot;qui adore les animaux&quot;, lui avait d&eacute;crit cet ancien ma&icirc;tre-chien comme son &quot;copain&quot; et l&#39;avait pr&eacute;sent&eacute; &agrave; un autre invit&eacute; du mariage comme son &quot;tonton&quot;.\n<\/p>\n<p>\n\tL&#39;&eacute;tau s&#39;est resserr&eacute; sur cet ancien militaire, apr&egrave;s la d&eacute;couverte dans sa voiture d&#39;une trace d&#39;ADN appartenant &agrave; la fillette, m&ecirc;l&eacute; au sien. Un indice qui s&#39;ajoute au fait que le suspect s&#39;est absent&eacute; &agrave; trois reprises durant la soir&eacute;e.\n<\/p>\n<p>\n\tDevant la presse, les parents ont confirm&eacute; que ni eux, ni&nbsp;Ma&euml;lys&nbsp;ne le connaissaient et qu&#39;ils n&#39;ont eu &quot;aucune altercation avec lui&quot; lors de la f&ecirc;te.\n<\/p>\n<p>\n\tIl a &eacute;t&eacute; mis en examen et &eacute;crou&eacute; le 3 septembre, une semaine apr&egrave;s la disparition de la fillette.<\/p>\n","protected":false},"excerpt":{"rendered":"<p>Jeudi, les parents de&nbsp;Ma&euml;lys, disparue depuis plus d&#39;un mois, ont lanc&eacute; un appel &agrave; l&#39;homme de 34 ans suspect&eacute; de l&#39;avoir enlev&eacute;e pour le pousser &agrave; &quot;r&eacute;v&eacute;ler ce qu&#39;il sait&quot;.appel a &eacute;t&eacute; entendu.&nbsp;Christiane Lelandais, la m&egrave;re de&nbsp;Nordahl Lelandais, l&#39;homme de 34 ans suspect&eacute; d&#39;avoir enlev&eacute; la petite Ma&euml;lys, a d&eacute;cid&eacute; d&#39;aller parler &agrave; son fils,&nbsp;r&eacute;v&egrave;le [&hellip;]<\/p>\n","protected":false},"author":2,"featured_media":7566,"comment_status":"open","ping_status":"open","sticky":false,"template":"","format":"standard","meta":{"_jetpack_memberships_contains_paid_content":false,"footnotes":"","jetpack_publicize_message":"","jetpack_publicize_feature_enabled":true,"jetpack_social_post_already_shared":true,"jetpack_social_options":{"image_generator_settings":{"template":"highway","default_image_id":0,"font":"","enabled":false},"version":2},"_wpas_customize_per_network":false},"categories":[405],"tags":[1826],"class_list":["post-7565","post","type-post","status-publish","format-standard","has-post-thumbnail","hentry","category-actu-france-monde","tag-affaire-maelys"],"jetpack_publicize_connections":[],"jetpack_featured_media_url":"https:\/\/i0.wp.com\/www.iceagetv.com\/radiosite\/wp-content\/uploads\/2017\/09\/Affaire-Ma%C3%ABlys.jpg?fit=965%2C466&ssl=1","jetpack_sharing_enabled":true,"_links":{"self":[{"href":"https:\/\/www.iceagetv.com\/radiosite\/wp-json\/wp\/v2\/posts\/7565","targetHints":{"allow":["GET"]}}],"collection":[{"href":"https:\/\/www.iceagetv.com\/radiosite\/wp-json\/wp\/v2\/posts"}],"about":[{"href":"https:\/\/www.iceagetv.com\/radiosite\/wp-json\/wp\/v2\/types\/post"}],"author":[{"embeddable":true,"href":"https:\/\/www.iceagetv.com\/radiosite\/wp-json\/wp\/v2\/users\/2"}],"replies":[{"embeddable":true,"href":"https:\/\/www.iceagetv.com\/radiosite\/wp-json\/wp\/v2\/comments?post=7565"}],"version-history":[{"count":1,"href":"https:\/\/www.iceagetv.com\/radiosite\/wp-json\/wp\/v2\/posts\/7565\/revisions"}],"predecessor-version":[{"id":7567,"href":"https:\/\/www.iceagetv.com\/radiosite\/wp-json\/wp\/v2\/posts\/7565\/revisions\/7567"}],"wp:featuredmedia":[{"embeddable":true,"href":"https:\/\/www.iceagetv.com\/radiosite\/wp-json\/wp\/v2\/media\/7566"}],"wp:attachment":[{"href":"https:\/\/www.iceagetv.com\/radiosite\/wp-json\/wp\/v2\/media?parent=7565"}],"wp:term":[{"taxonomy":"category","embeddable":true,"href":"https:\/\/www.iceagetv.com\/radiosite\/wp-json\/wp\/v2\/categories?post=7565"},{"taxonomy":"post_tag","embeddable":true,"href":"https:\/\/www.iceagetv.com\/radiosite\/wp-json\/wp\/v2\/tags?post=7565"}],"curies":[{"name":"wp","href":"https:\/\/api.w.org\/{rel}","templated":true}]}}