{"id":7586,"date":"2017-10-01T09:13:34","date_gmt":"2017-10-01T09:13:34","guid":{"rendered":"http:\/\/www.iceagetv.com\/radiosite\/?p=7586"},"modified":"2017-10-01T09:55:08","modified_gmt":"2017-10-01T09:55:08","slug":"referendum-catalogne-police-charge-manifestants-a-barcelone-deux-blesses-urnes-bulletins-de-vote-ont-ete-saisis","status":"publish","type":"post","link":"https:\/\/www.iceagetv.com\/radiosite\/referendum-catalogne-police-charge-manifestants-a-barcelone-deux-blesses-urnes-bulletins-de-vote-ont-ete-saisis\/","title":{"rendered":"R\u00e9f\u00e9rendum en Catalogne &#8211; La police charge les manifestants \u00e0 Barcelone De nouvelles charges de la police \u00e0 Barcelone auraient fait au moins 38 bless\u00e9s &#8211; Des urnes et des bulletins de vote ont \u00e9t\u00e9 saisis"},"content":{"rendered":"<p>\n\t: La police charge les manifestants &agrave; Barcelone &#8211; Au moins deux bless&eacute;s\n<\/p>\n<p>\n\t&nbsp;Les autorit&eacute;s craignent l&#39;arriv&eacute;e de groupes d&#39;extr&ecirc;me gauche ou d&#39;extr&ecirc;me droite qui pourraient provoquer des troubles et Madrid a d&eacute;p&ecirc;ch&eacute; dans la r&eacute;gion 10.000 policiers et gardes civils. Il y aura &quot;une grande mobilisation&quot;, mais il ne s&#39;agira en aucun cas d&#39;un &quot;r&eacute;f&eacute;rendum d&#39;autod&eacute;termination en bonne et due forme assorti de garanties et ayant des cons&eacute;quences l&eacute;gales&quot;, avait d&eacute;clar&eacute; samedi le pr&eacute;fet Enric Millo.\n<\/p>\n<p>\n\tDes policiers anti-&eacute;meutes sont entr&eacute;s de force dimanche matin dans le bureau o&ugrave; devait voter le pr&eacute;sident ind&eacute;pendantiste de Catalogne Carles Puigdemont dans un r&eacute;f&eacute;rendum d&#39;autod&eacute;termination interdit par Madrid, a constat&eacute; une journaliste d&#39;AFP TV.\n<\/p>\n<p>\n\tPeu avant l&#39;ouverture des bureaux de vote vers 9h00, les policiers casqu&eacute;s ont form&eacute; un cordon autour du centre sportif de G&eacute;rone o&ugrave; M. Puigdemont devait d&eacute;poser son bulletin, pour &eacute;loigner la foule, puis ont forc&eacute; l&#39;entr&eacute;e pour saisir le mat&eacute;riel de vote\n<\/p>\n<p>\n\t&nbsp;La police nationale espagnole a commenc&eacute; &agrave; saisir des urnes et des bulletins de vote destin&eacute;s au r&eacute;f&eacute;rendum d&#39;autod&eacute;termination de la Catalogne interdit par la justice, a annonc&eacute; dimanche le minist&egrave;re de l&#39;Int&eacute;rieur &agrave; l&#39;ouverture des bureaux de vote.&quot;Voici les premi&egrave;res urnes et bulletins saisis par la police &agrave; Barcelone. Les agents continuent leur d&eacute;ploiement en Catalogne&quot;, affirme le minist&egrave;re espagnol, photo &agrave; l&#39;appui, dans un tweet envoy&eacute; &agrave; 9h00.\n<\/p>\n<p>\n\t&nbsp;Des milliers de Catalans &eacute;taient mass&eacute;s dimanche matin devant les bureaux de vote pour participer au r&eacute;f&eacute;rendum d&#39;autod&eacute;termination, interdit par la justice mais que l&#39;ex&eacute;cutif catalan a assur&eacute; pouvoir organiser, lan&ccedil;ant un d&eacute;fi sans pr&eacute;c&eacute;dent &agrave; l&#39;Etat espagnol. &quot;Nous pouvons tenir un r&eacute;f&eacute;rendum d&#39;autod&eacute;termination assorti de garanties comme nous nous y &eacute;tions engag&eacute;s&quot;, a d&eacute;clar&eacute; &agrave; 8h00 (06h00 GMT) le porte-parole du gouvernement r&eacute;gional Jordi Turull.<\/p>\n","protected":false},"excerpt":{"rendered":"<p>: La police charge les manifestants &agrave; Barcelone &#8211; Au moins deux bless&eacute;s &nbsp;Les autorit&eacute;s craignent l&#39;arriv&eacute;e de groupes d&#39;extr&ecirc;me gauche ou d&#39;extr&ecirc;me droite qui pourraient provoquer des troubles et Madrid a d&eacute;p&ecirc;ch&eacute; dans la r&eacute;gion 10.000 policiers et gardes civils. Il y aura &quot;une grande mobilisation&quot;, mais il ne s&#39;agira en aucun cas d&#39;un [&hellip;]<\/p>\n","protected":false},"author":2,"featured_media":7587,"comment_status":"open","ping_status":"open","sticky":false,"template":"","format":"standard","meta":{"_jetpack_memberships_contains_paid_content":false,"footnotes":"","jetpack_publicize_message":"","jetpack_publicize_feature_enabled":true,"jetpack_social_post_already_shared":true,"jetpack_social_options":{"image_generator_settings":{"template":"highway","default_image_id":0,"font":"","enabled":false},"version":2},"_wpas_customize_per_network":false},"categories":[405],"tags":[1832],"class_list":["post-7586","post","type-post","status-publish","format-standard","has-post-thumbnail","hentry","category-actu-france-monde","tag-referendum-en-catalogne"],"jetpack_publicize_connections":[],"jetpack_featured_media_url":"https:\/\/i0.wp.com\/www.iceagetv.com\/radiosite\/wp-content\/uploads\/2017\/10\/R%C3%A9f%C3%A9rendum-en-Catalogne.jpg?fit=750%2C324&ssl=1","jetpack_sharing_enabled":true,"_links":{"self":[{"href":"https:\/\/www.iceagetv.com\/radiosite\/wp-json\/wp\/v2\/posts\/7586","targetHints":{"allow":["GET"]}}],"collection":[{"href":"https:\/\/www.iceagetv.com\/radiosite\/wp-json\/wp\/v2\/posts"}],"about":[{"href":"https:\/\/www.iceagetv.com\/radiosite\/wp-json\/wp\/v2\/types\/post"}],"author":[{"embeddable":true,"href":"https:\/\/www.iceagetv.com\/radiosite\/wp-json\/wp\/v2\/users\/2"}],"replies":[{"embeddable":true,"href":"https:\/\/www.iceagetv.com\/radiosite\/wp-json\/wp\/v2\/comments?post=7586"}],"version-history":[{"count":2,"href":"https:\/\/www.iceagetv.com\/radiosite\/wp-json\/wp\/v2\/posts\/7586\/revisions"}],"predecessor-version":[{"id":7593,"href":"https:\/\/www.iceagetv.com\/radiosite\/wp-json\/wp\/v2\/posts\/7586\/revisions\/7593"}],"wp:featuredmedia":[{"embeddable":true,"href":"https:\/\/www.iceagetv.com\/radiosite\/wp-json\/wp\/v2\/media\/7587"}],"wp:attachment":[{"href":"https:\/\/www.iceagetv.com\/radiosite\/wp-json\/wp\/v2\/media?parent=7586"}],"wp:term":[{"taxonomy":"category","embeddable":true,"href":"https:\/\/www.iceagetv.com\/radiosite\/wp-json\/wp\/v2\/categories?post=7586"},{"taxonomy":"post_tag","embeddable":true,"href":"https:\/\/www.iceagetv.com\/radiosite\/wp-json\/wp\/v2\/tags?post=7586"}],"curies":[{"name":"wp","href":"https:\/\/api.w.org\/{rel}","templated":true}]}}