{"id":7642,"date":"2017-10-06T14:45:48","date_gmt":"2017-10-06T14:45:48","guid":{"rendered":"http:\/\/www.iceagetv.com\/radiosite\/?p=7642"},"modified":"2017-10-06T14:45:48","modified_gmt":"2017-10-06T14:45:48","slug":"fermeture-ecoles-gulen-senegal-dakar-a-cede-aux-pressions-derdogan","status":"publish","type":"post","link":"https:\/\/www.iceagetv.com\/radiosite\/fermeture-ecoles-gulen-senegal-dakar-a-cede-aux-pressions-derdogan\/","title":{"rendered":"Fermeture des \u00e9coles G\u00fclen au S\u00e9n\u00e9gal : comment Dakar a c\u00e9d\u00e9 aux pressions d\u2019Erdogan"},"content":{"rendered":"<p>\n\tRentr&eacute;e annul&eacute;e dans les sept &eacute;coles s&eacute;n&eacute;galaises du groupe Yavuz Selim. Vendredi 6&nbsp;octobre, cela fait une semaine que les 3&nbsp;000 &eacute;l&egrave;ves&nbsp;de cette institution priv&eacute;e trouvent leurs salles de classe barr&eacute;es par des policiers. Ces portes closes et gard&eacute;es sont le r&eacute;sultat d&rsquo;un arr&ecirc;t&eacute; du minist&egrave;re de l&rsquo;int&eacute;rieur s&eacute;n&eacute;galais dat&eacute; du 11&nbsp;septembre, mais rendu public le 30&nbsp;septembre, qui ordonne tout simplement&nbsp;&laquo;&nbsp;la fermeture des &eacute;coles portant l&rsquo;appellation Yavuz Selim&nbsp;&raquo;.Ce groupe scolaire fond&eacute; en&nbsp;1998 et affili&eacute; aux r&eacute;seaux du pr&eacute;dicateur turc Fethullah G&uuml;len, exil&eacute; aux Etats-Unis depuis 1999, est dans le viseur du gouvernement s&eacute;n&eacute;galais depuis plusieurs mois. En d&eacute;cembre&nbsp;2016 d&eacute;j&agrave;, un arr&ecirc;t&eacute; du minist&egrave;re de l&rsquo;int&eacute;rieur pronon&ccedil;ait&nbsp;&laquo;&nbsp;le retrait de l&rsquo;autorisation d&rsquo;exercer de l&rsquo;association Baskent Egitim&nbsp;&raquo;, charg&eacute;e d&rsquo;administrer les &eacute;coles du r&eacute;seau.&nbsp;&laquo;&nbsp;L&rsquo;Etat avait demand&eacute; que les &eacute;coles soient plac&eacute;es sous administration provisoire de la fondation turque Maarif,&nbsp;explique au&nbsp;Monde Afrique&nbsp;Me&nbsp;Moussa Saar, avocat de Yavuz Selim.&nbsp;Nous nous sommes d&eacute;fendus devant le tribunal de grande instance de Dakar, car un Etat de droit ne peut&nbsp;confisquer&nbsp;la propri&eacute;t&eacute; d&rsquo;autrui, ni celle d&rsquo;une soci&eacute;t&eacute; l&eacute;galement reconnue.&nbsp;&raquo;\n<\/p>\n<p>\n\tN&eacute;gociations commerciales\n<\/p>\n<p>\n\tAlors que le verdict est attendu le 9&nbsp;octobre, les parents d&rsquo;&eacute;l&egrave;ves se disent choqu&eacute;s que l&rsquo;Etat ait pris la d&eacute;cision de&nbsp;bloquer&nbsp;l&rsquo;acc&egrave;s aux &eacute;tablissements avant la d&eacute;cision judiciaire, perturbant ainsi la scolarit&eacute; de leurs enfants.&nbsp;&laquo;&nbsp;Ma fille est en classe de terminale et ne peut pas attendre&nbsp;&raquo;, avance Laure Diop, parent d&rsquo;&eacute;l&egrave;ve cit&eacute; par le journal&nbsp;Enqu&ecirc;te. Elle se retrouve &agrave;&nbsp;payer&nbsp;le double pour&nbsp;inscrire&nbsp;en urgence sa fille dans une autre &eacute;cole priv&eacute;e. Mais la plupart, comme Al-Hadji Mbaye, ont le sentiment de payer le prix des tractations diplomatiques entre Dakar et Ankara&nbsp;: Macky Sall&nbsp;&laquo;&nbsp;ferme l&rsquo;&eacute;cole pour&nbsp;plaire&nbsp;&agrave; Erdogan&nbsp;&raquo;, confie-t-il au m&ecirc;me journal.\n<\/p>\n<p>\n\tDepuis la tentative de coup d&rsquo;Etat du 15&nbsp;juillet 2016 en&nbsp;Turquie, le pr&eacute;sident Recep Tayyip Erdogan a lanc&eacute; une v&eacute;ritable chasse aux sorci&egrave;res &agrave; travers&nbsp;le monde&nbsp;contre les r&eacute;seaux d&rsquo;&eacute;coles, d&rsquo;entreprises&nbsp;et d&rsquo;ONG li&eacute;es &agrave; la confr&eacute;rie G&uuml;len, accus&eacute;e par ses d&eacute;tracteurs de&nbsp;promouvoirun&nbsp;islam&nbsp;conservateur et pros&eacute;lyte, voire d&rsquo;&ecirc;tre le faux nez d&rsquo;une organisation terroriste. Avant que les deux hommes ne deviennent ennemis jur&eacute;s, l&rsquo;imam Fethullah G&uuml;len avait permis au&nbsp;pouvoir&nbsp;turc de&nbsp;d&eacute;velopper&nbsp;ses relations diplomatiques sur le continent gr&acirc;ce &agrave; ses structures d&eacute;ploy&eacute;es dans plus de quarante pays africains.\n<\/p>\n<p>\n\tPonts d&rsquo;or\n<\/p>\n<p>\n\tDakar semble&nbsp;avoir&nbsp;&eacute;t&eacute; mis sous pression. Ankara propose de&nbsp;r&eacute;cup&eacute;rer&nbsp;les &eacute;tablissements G&uuml;len en les mettant sous la tutelle de la fondation turque Maarif, qui en assure la transition &eacute;ducative. Cr&eacute;&eacute;e le 17&nbsp;juin 2016&nbsp;par une loi adopt&eacute;e par la Grande Assembl&eacute;e nationale de Turquie, cette fondation &agrave; but non lucratif mais disposant&nbsp;&laquo;&nbsp;d&rsquo;importants moyens financiers&nbsp;&raquo;, aux dires de Mahmut M. Ozdil, membre de son conseil d&rsquo;administration, est aujourd&rsquo;hui pr&eacute;sente dans 26 pays dont plus d&rsquo;une dizaine en Afrique. Le Niger est le plus concern&eacute; du continent avec huit &eacute;coles, six pensions et 950 &eacute;l&egrave;ves. Au S&eacute;n&eacute;gal, une d&eacute;l&eacute;gation de Maarif a rencontr&eacute; le pr&eacute;sident Macky Sall en novembre&nbsp;2016. Aux pressants ponts d&rsquo;or promis par Ankara, le pr&eacute;sident de la R&eacute;publique a r&eacute;pondu, en ao&ucirc;t, par la signature d&rsquo;un d&eacute;cret reconnaissant Maarif comme fondation d&rsquo;utilit&eacute; publique au&nbsp;S&eacute;n&eacute;gal.\n<\/p>\n<p>\n\tCar les relations diplomatiques et commerciales entre les deux pays sont au beau fixe. Le pr&eacute;sident Erdogan a effectu&eacute; une visite d&rsquo;Etat &agrave; Dakar chaque ann&eacute;e depuis 2013. Lors de la derni&egrave;re, en f&eacute;vrier&nbsp;2016, le pr&eacute;sident turc &eacute;tait accompagn&eacute; d&rsquo;une cohorte de 200&nbsp;entrepreneurs. En dix ans, le volume des &eacute;changes &eacute;conomiques a &eacute;t&eacute; multipli&eacute; par dix, atteignant 170&nbsp;millions de dollars (144,4&nbsp;millions d&rsquo;euros) en&nbsp;2014, somme que les deux pays souhaitent&nbsp;porter&nbsp;&agrave; 2&nbsp;milliards de dollars d&rsquo;ici &agrave; 2023. Et les &eacute;changes culturels avec La Sublime porte ne sont pas en reste. Apr&egrave;s l&rsquo;ouverture d&rsquo;une section de turcologie &agrave; l&rsquo;Universit&eacute; Cheikh Anta Diop de Dakar en collaboration avec l&rsquo;Institut Yunus Emre, et la r&eacute;novation en cours du&nbsp;Centre&nbsp;d&rsquo;apprentissage de la langue turque, Ankara pr&eacute;voit l&rsquo;&eacute;rection d&rsquo;un institut turc au S&eacute;n&eacute;gal.\n<\/p>\n<p>\n\t&nbsp;\n<\/p>\n<p>\n\tDe fait, la Turquie est devenue un partenaire strat&eacute;gique dans l&rsquo;accomplissement du Plan S&eacute;n&eacute;gal Emergent (PSE). Ainsi l&rsquo;entreprise turque DM a sign&eacute; le 8&nbsp;f&eacute;vrier 2016 un investissement de plus de 105&nbsp;millions de dollars pour la construction du futur march&eacute; international et de la gare des gros-porteurs de Diamniado, qui verront le jour d&rsquo;ici 2019. Puis, en mars, les&nbsp;soci&eacute;t&eacute;s turques Summa et Limak ont h&eacute;rit&eacute; du contrat de construction de l&rsquo;a&eacute;roport&nbsp;international&nbsp;Blaise-Diagne, retir&eacute; au Saudi Binladin Group apr&egrave;s un d&eacute;saccord sur le montant d&rsquo;un avenant.\n<\/p>\n<p>\n\t&laquo;&nbsp;Coup de force&nbsp;politique&nbsp;&raquo;\n<\/p>\n<p>\n\tPour que la transmission des &eacute;coles Yavuz Selim &agrave; la fondation Maarif se fasse rapidement, Ankara a d&eacute;j&agrave; vers&eacute; 2,5&nbsp;millions de dollars au S&eacute;n&eacute;gal, soit le tiers des 7,5&nbsp;millions de dotation initiale pour les trois premi&egrave;res ann&eacute;es d&rsquo;activit&eacute; de la fondation. Difficile d&eacute;sormais pour Macky Sall de&nbsp;faire&nbsp;marche arri&egrave;re.\n<\/p>\n<p>\n\tSon coup de poker est risqu&eacute;. En acc&eacute;dant aux demandes de M. Erdogan, il d&eacute;bloque certes des investissements au&nbsp;d&eacute;veloppement&nbsp;des infrastructures du pays mais s&rsquo;ali&egrave;ne une partie de son &eacute;lectorat &agrave; moins de deux ans de la pr&eacute;sidentielle de 2019. Notamment les parents des 3&nbsp;000 &eacute;l&egrave;ves des &eacute;coles Yavuz Selim qui, pour nombre d&rsquo;entre eux, sont issus de la classe moyenne sup&eacute;rieure comprennant fonctionnaires et entrepreneurs influents.\n<\/p>\n<p>\n\t<br \/>\n\t&nbsp;<\/p>\n","protected":false},"excerpt":{"rendered":"<p>Rentr&eacute;e annul&eacute;e dans les sept &eacute;coles s&eacute;n&eacute;galaises du groupe Yavuz Selim. Vendredi 6&nbsp;octobre, cela fait une semaine que les 3&nbsp;000 &eacute;l&egrave;ves&nbsp;de cette institution priv&eacute;e trouvent leurs salles de classe barr&eacute;es par des policiers. Ces portes closes et gard&eacute;es sont le r&eacute;sultat d&rsquo;un arr&ecirc;t&eacute; du minist&egrave;re de l&rsquo;int&eacute;rieur s&eacute;n&eacute;galais dat&eacute; du 11&nbsp;septembre, mais rendu public le [&hellip;]<\/p>\n","protected":false},"author":2,"featured_media":7643,"comment_status":"open","ping_status":"open","sticky":false,"template":"","format":"standard","meta":{"_jetpack_memberships_contains_paid_content":false,"footnotes":"","jetpack_publicize_message":"","jetpack_publicize_feature_enabled":true,"jetpack_social_post_already_shared":true,"jetpack_social_options":{"image_generator_settings":{"template":"highway","default_image_id":0,"font":"","enabled":false},"version":2},"_wpas_customize_per_network":false},"categories":[405],"tags":[1847],"class_list":["post-7642","post","type-post","status-publish","format-standard","has-post-thumbnail","hentry","category-actu-france-monde","tag-fermeture-des-ecoles-gulen-au-senegal"],"jetpack_publicize_connections":[],"jetpack_featured_media_url":"https:\/\/i0.wp.com\/www.iceagetv.com\/radiosite\/wp-content\/uploads\/2017\/10\/Fermeture-des-%C3%A9coles-G%C3%BClen-au-S%C3%A9n%C3%A9gal.jpg?fit=768%2C384&ssl=1","jetpack_sharing_enabled":true,"_links":{"self":[{"href":"https:\/\/www.iceagetv.com\/radiosite\/wp-json\/wp\/v2\/posts\/7642","targetHints":{"allow":["GET"]}}],"collection":[{"href":"https:\/\/www.iceagetv.com\/radiosite\/wp-json\/wp\/v2\/posts"}],"about":[{"href":"https:\/\/www.iceagetv.com\/radiosite\/wp-json\/wp\/v2\/types\/post"}],"author":[{"embeddable":true,"href":"https:\/\/www.iceagetv.com\/radiosite\/wp-json\/wp\/v2\/users\/2"}],"replies":[{"embeddable":true,"href":"https:\/\/www.iceagetv.com\/radiosite\/wp-json\/wp\/v2\/comments?post=7642"}],"version-history":[{"count":1,"href":"https:\/\/www.iceagetv.com\/radiosite\/wp-json\/wp\/v2\/posts\/7642\/revisions"}],"predecessor-version":[{"id":7644,"href":"https:\/\/www.iceagetv.com\/radiosite\/wp-json\/wp\/v2\/posts\/7642\/revisions\/7644"}],"wp:featuredmedia":[{"embeddable":true,"href":"https:\/\/www.iceagetv.com\/radiosite\/wp-json\/wp\/v2\/media\/7643"}],"wp:attachment":[{"href":"https:\/\/www.iceagetv.com\/radiosite\/wp-json\/wp\/v2\/media?parent=7642"}],"wp:term":[{"taxonomy":"category","embeddable":true,"href":"https:\/\/www.iceagetv.com\/radiosite\/wp-json\/wp\/v2\/categories?post=7642"},{"taxonomy":"post_tag","embeddable":true,"href":"https:\/\/www.iceagetv.com\/radiosite\/wp-json\/wp\/v2\/tags?post=7642"}],"curies":[{"name":"wp","href":"https:\/\/api.w.org\/{rel}","templated":true}]}}