{"id":7677,"date":"2017-10-11T13:12:36","date_gmt":"2017-10-11T13:12:36","guid":{"rendered":"http:\/\/www.iceagetv.com\/radiosite\/?p=7677"},"modified":"2017-10-11T13:12:36","modified_gmt":"2017-10-11T13:12:36","slug":"independance-madrid-demande-clarifications-a-lexecutif-catalan","status":"publish","type":"post","link":"https:\/\/www.iceagetv.com\/radiosite\/independance-madrid-demande-clarifications-a-lexecutif-catalan\/","title":{"rendered":"Ind\u00e9pendance : Madrid demande des clarifications \u00e0 l&rsquo;ex\u00e9cutif catalan"},"content":{"rendered":"<p>\n\tLa d&eacute;claration d&#39;ind&eacute;pendance sign&eacute;e mardi soir par les &eacute;lus s&eacute;paratistes du Parlement r&eacute;gional et le pr&eacute;sident catalan, Carles Puigdemont, reste pour l&#39;instant un &laquo; acte symbolique &raquo;, selon le porte-parole du gouvernement r&eacute;gional.\n<\/p>\n<p>\n\tAu lendemain de la signature symbolique d&#39;une d&eacute;claration unilat&eacute;rale d&#39;ind&eacute;pendance en Catalogne, la crise entre Madrid et la Catalogne conna&icirc;t une nouvelle escalade ce mercredi.\n<\/p>\n<p>\n\t&bull; Mariano Rajoy brandit la menace de l&#39;article 155\n<\/p>\n<p>\n\tMariano Rajoy a r&eacute;clam&eacute; mercredi une clarification au gouvernement autonome de Catalogne. &laquo;Cette exigence, pr&eacute;alable &agrave; toute mesure que le gouvernement pourrait adopter en vertu de l&#39;article 155 de notre Constitution (qui permettrait &agrave; Madrid de suspendre l&#39;autonomie de la r&eacute;gion, NDLR), vise &agrave; fournir aux citoyens la clart&eacute; et la s&eacute;curit&eacute; juridique que requi&egrave;rent une question aussi importante&raquo;, a-t-il poursuivi dans une allocution t&eacute;l&eacute;vis&eacute;e. Rajoy n&#39;a pas fix&eacute; d&#39;ultimatum aux autorit&eacute;s catalanes mais a pr&eacute;cis&eacute; que &laquo;la r&eacute;ponse du pr&eacute;sident catalan d&eacute;terminera les &eacute;v&eacute;nements &agrave; venir dans les prochains jours&raquo;.L&#39;opposition annonce une r&eacute;forme de la Constitution\n<\/p>\n<p>\n\tLe chef du Parti socialiste espagnol (PSOE), principale force d&#39;opposition, a annonc&eacute; un peu plus tard un accord avec le chef du gouvernement conservateur pour &eacute;tudier une r&eacute;forme de la Constitution et tenter de r&eacute;soudre la crise catalane. &laquo;Nous sommes convenus que l&#39;heure est venue d&#39;aborder la r&eacute;forme constitutionnelle&raquo;, a d&eacute;clar&eacute; Pedro Sanchez, pr&eacute;cisant que le d&eacute;bat &agrave; la chambre des d&eacute;put&eacute;s permettrait de discuter de comment &laquo;la Catalogne reste en Espagne, pas de comment elle s&#39;en va&raquo;.\n<\/p>\n<p>\n\t&bull; L&#39;ex&eacute;cutif catalan &eacute;voque un &laquo;acte symbolique&raquo;\n<\/p>\n<p>\n\tLa d&eacute;claration d&#39;ind&eacute;pendance de la Catalogne sign&eacute;e mardi soir est pour l&#39;instant un &laquo;acte symbolique&raquo;, a d&eacute;clar&eacute; le porte-parole du gouvernement r&eacute;gional. &laquo;La d&eacute;claration doit &ecirc;tre faite par le parlement de Catalogne&raquo;, ce qui n&#39;a pas &eacute;t&eacute; le cas, explique Jordi Turull. La signature par 72 &eacute;lus ind&eacute;pendantistes et le gouvernement catalan &eacute;tait &laquo;un acte symbolique par lequel nous avons tous sign&eacute; notre engagement &agrave; d&eacute;clarer l&#39;ind&eacute;pendance&raquo;. &laquo;Nous ne renon&ccedil;ons pas &agrave; l&#39;ind&eacute;pendance de la Catalogne&raquo; a-t-il soulign&eacute;, mais &laquo;nous aimerions savoir ce que l&#39;Etat offre &agrave; la Catalogne&raquo;.Paris et Bruxelles appelle au respect de la Constitution\n<\/p>\n<p>\n\t&laquo;La position de la France est claire et est assez semblable &agrave; celle de la plupart des pays europ&eacute;ens, qui est de consid&eacute;rer que nous n&#39;avons pas &agrave; nous prononcer, &agrave; nous ing&eacute;rer dans ce qui se passe dans un pays voisin&raquo;, a d&eacute;clar&eacute; le porte-parole du gouvernement Christophe Castaner. De son c&ocirc;t&eacute;, Bruxelles ne dit pas autre chose. &laquo;La Commission suit de pr&egrave;s la situation en Espagne et r&eacute;it&egrave;re son appel au respect total de l&#39;ordre constitutionnel espagnol&raquo;, a d&eacute;clar&eacute; le vice-pr&eacute;sident de la Commission, Valdis Dombrovskis. La crise ne peut &ecirc;tre r&eacute;solue que par le dialogue et dans le respect de la Constitution espagnole, a aussi estim&eacute; le ministre allemand des Affaires &eacute;trang&egrave;res, Sigmar Gabriel.<\/p>\n","protected":false},"excerpt":{"rendered":"<p>La d&eacute;claration d&#39;ind&eacute;pendance sign&eacute;e mardi soir par les &eacute;lus s&eacute;paratistes du Parlement r&eacute;gional et le pr&eacute;sident catalan, Carles Puigdemont, reste pour l&#39;instant un &laquo; acte symbolique &raquo;, selon le porte-parole du gouvernement r&eacute;gional. Au lendemain de la signature symbolique d&#39;une d&eacute;claration unilat&eacute;rale d&#39;ind&eacute;pendance en Catalogne, la crise entre Madrid et la Catalogne conna&icirc;t une nouvelle [&hellip;]<\/p>\n","protected":false},"author":2,"featured_media":7678,"comment_status":"open","ping_status":"open","sticky":false,"template":"","format":"standard","meta":{"_jetpack_memberships_contains_paid_content":false,"footnotes":"","jetpack_publicize_message":"","jetpack_publicize_feature_enabled":true,"jetpack_social_post_already_shared":true,"jetpack_social_options":{"image_generator_settings":{"template":"highway","default_image_id":0,"font":"","enabled":false},"version":2},"_wpas_customize_per_network":false},"categories":[405],"tags":[1859],"class_list":["post-7677","post","type-post","status-publish","format-standard","has-post-thumbnail","hentry","category-actu-france-monde","tag-independance"],"jetpack_publicize_connections":[],"jetpack_featured_media_url":"https:\/\/i0.wp.com\/www.iceagetv.com\/radiosite\/wp-content\/uploads\/2017\/10\/Ind%C3%A9pendance.jpg?fit=680%2C382&ssl=1","jetpack_sharing_enabled":true,"_links":{"self":[{"href":"https:\/\/www.iceagetv.com\/radiosite\/wp-json\/wp\/v2\/posts\/7677","targetHints":{"allow":["GET"]}}],"collection":[{"href":"https:\/\/www.iceagetv.com\/radiosite\/wp-json\/wp\/v2\/posts"}],"about":[{"href":"https:\/\/www.iceagetv.com\/radiosite\/wp-json\/wp\/v2\/types\/post"}],"author":[{"embeddable":true,"href":"https:\/\/www.iceagetv.com\/radiosite\/wp-json\/wp\/v2\/users\/2"}],"replies":[{"embeddable":true,"href":"https:\/\/www.iceagetv.com\/radiosite\/wp-json\/wp\/v2\/comments?post=7677"}],"version-history":[{"count":1,"href":"https:\/\/www.iceagetv.com\/radiosite\/wp-json\/wp\/v2\/posts\/7677\/revisions"}],"predecessor-version":[{"id":7679,"href":"https:\/\/www.iceagetv.com\/radiosite\/wp-json\/wp\/v2\/posts\/7677\/revisions\/7679"}],"wp:featuredmedia":[{"embeddable":true,"href":"https:\/\/www.iceagetv.com\/radiosite\/wp-json\/wp\/v2\/media\/7678"}],"wp:attachment":[{"href":"https:\/\/www.iceagetv.com\/radiosite\/wp-json\/wp\/v2\/media?parent=7677"}],"wp:term":[{"taxonomy":"category","embeddable":true,"href":"https:\/\/www.iceagetv.com\/radiosite\/wp-json\/wp\/v2\/categories?post=7677"},{"taxonomy":"post_tag","embeddable":true,"href":"https:\/\/www.iceagetv.com\/radiosite\/wp-json\/wp\/v2\/tags?post=7677"}],"curies":[{"name":"wp","href":"https:\/\/api.w.org\/{rel}","templated":true}]}}