{"id":7713,"date":"2017-10-15T12:26:25","date_gmt":"2017-10-15T12:26:25","guid":{"rendered":"http:\/\/www.iceagetv.com\/radiosite\/?p=7713"},"modified":"2017-10-15T12:26:25","modified_gmt":"2017-10-15T12:26:25","slug":"macron-passe-premier-grand-oral-televise-soir-tf1","status":"publish","type":"post","link":"https:\/\/www.iceagetv.com\/radiosite\/macron-passe-premier-grand-oral-televise-soir-tf1\/","title":{"rendered":"Macron passe son premier grand oral t\u00e9l\u00e9vis\u00e9 ce soir sur TF1"},"content":{"rendered":"<p>\n\tPendant une heure, le chef de l&#39;&Eacute;tat sera interrog&eacute; &agrave; l&#39;Elys&eacute;e par Anne-Claire Coudray, Gilles Bouleau, et David Pujadas. Il devrait notamment r&eacute;pondre &agrave; ceux qui l&#39;accusent de se comporter en &laquo;pr&eacute;sident des riches&raquo;.\n<\/p>\n<p>\n\tLe 14 juillet dernier, Emmanuel Macron avait d&eacute;clin&eacute; la traditionnelle interview pr&eacute;sidentielle de peur que sa &laquo;pens&eacute;e complexe&raquo; ne soit pas comprise par ses interlocuteurs. Mais &ccedil;a, c&#39;&eacute;tait avant. En effet, depuis la rentr&eacute;e, le chef de l&#39;&Eacute;tat a op&eacute;r&eacute; un virage dans sa strat&eacute;gie de communication. En t&eacute;moigne&nbsp;l&#39;entretien fleuve qu&#39;il a accord&eacute; au&nbsp;Point&nbsp;en septembre&#8230; Ainsi que sa participation &agrave; une interview, ce dimanche sur&nbsp;TF1, au cours de laquelle il r&eacute;pondra aux questions de trois journalistes pendant une heure.Interrog&eacute; depuis son bureau de l&#39;&Eacute;lys&eacute;e par Anne-Claire Coudray, Gilles Bouleau&nbsp;et David Pujadas, Emmanuel Macron joue gros sur ce grand oral t&eacute;l&eacute;vis&eacute;, le premier depuis son &eacute;lection. Car m&ecirc;me si le premier ministre et lui sont remont&eacute;s dans les sondages ces derniers jours, il est actuellement accus&eacute; de se comporter en &laquo;pr&eacute;sident des riches&raquo;. En cause notamment:&nbsp;son langage choc, qui lui vaut d&#39;&ecirc;tre tax&eacute; de &laquo;m&eacute;pris du peuple&raquo;, mais aussi son premier budget, marqu&eacute; par la suppression de l&#39;ISF.\n<\/p>\n<p>\n\tFerrand, remaniement&#8230;\n<\/p>\n<p>\n\tD&#39;autres sujets plus politiques devraient &eacute;galement s&#39;inviter au menu de cette interview&#8230; Comme le cas de Richard Ferrand. Exfiltr&eacute; du gouvernement au mois de juin, apr&egrave;s que le parquet de Brest a ouvert une enqu&ecirc;te pr&eacute;liminaire pour des soup&ccedil;ons de favoritisme et de conflit d&#39;int&eacute;r&ecirc;t,&nbsp;l&#39;ancien ministre de la Coh&eacute;sion des territoires vient d&#39;&ecirc;tre innocent&eacute; par la justice. Marcheur de la premi&egrave;re heure, le patron des d&eacute;put&eacute;s LREM ne dirait pas non &agrave; un retour au gouvernement. Emmanuel Macron devrait d&#39;ailleurs &ecirc;tre interrog&eacute; sur le remaniement gouvernemental qui devrait &ecirc;tre op&eacute;r&eacute; d&#39;ici &agrave; la fin de l&#39;ann&eacute;e.\n<\/p>\n<p>\n\tSelon nos informations,&nbsp;le porte-parole de la pr&eacute;sidence de la R&eacute;publique, Bruno Roger-Petit, devrait profiter de cette interview t&eacute;l&eacute;vis&eacute;e pour entrer pleinement dans ses fonctions. &laquo;Il attend une expression grand public du chef de l&#39;&Eacute;tat pour en faire le d&eacute;brief ensuite et commencer &agrave; jouer son r&ocirc;le&raquo;, indiquait un proche d&#39;Emmanuel Macron au&nbsp;Figaro&nbsp;en d&eacute;but de semaine. Car l&#39;ancien journaliste, qui est arriv&eacute; &agrave; l&#39;&Eacute;lys&eacute;e &agrave; la fin de l&#39;&eacute;t&eacute;, ne s&#39;est pour l&#39;instant pas exprim&eacute; une seule fois dans les m&eacute;dias.<\/p>\n","protected":false},"excerpt":{"rendered":"<p>Pendant une heure, le chef de l&#39;&Eacute;tat sera interrog&eacute; &agrave; l&#39;Elys&eacute;e par Anne-Claire Coudray, Gilles Bouleau, et David Pujadas. Il devrait notamment r&eacute;pondre &agrave; ceux qui l&#39;accusent de se comporter en &laquo;pr&eacute;sident des riches&raquo;. Le 14 juillet dernier, Emmanuel Macron avait d&eacute;clin&eacute; la traditionnelle interview pr&eacute;sidentielle de peur que sa &laquo;pens&eacute;e complexe&raquo; ne soit pas [&hellip;]<\/p>\n","protected":false},"author":2,"featured_media":7714,"comment_status":"open","ping_status":"open","sticky":false,"template":"","format":"standard","meta":{"_jetpack_memberships_contains_paid_content":false,"footnotes":"","jetpack_publicize_message":"","jetpack_publicize_feature_enabled":true,"jetpack_social_post_already_shared":true,"jetpack_social_options":{"image_generator_settings":{"template":"highway","default_image_id":0,"font":"","enabled":false},"version":2},"_wpas_customize_per_network":false},"categories":[405],"tags":[1870],"class_list":["post-7713","post","type-post","status-publish","format-standard","has-post-thumbnail","hentry","category-actu-france-monde","tag-macron-passe-son-premier-grand-oral-televise-ce-soir-sur-tf1"],"jetpack_publicize_connections":[],"jetpack_featured_media_url":"https:\/\/i0.wp.com\/www.iceagetv.com\/radiosite\/wp-content\/uploads\/2017\/10\/Macron-passe-son-premier-grand-oral-t%C3%A9l%C3%A9vis%C3%A9-ce-soir-sur-TF1.jpg?fit=680%2C382&ssl=1","jetpack_sharing_enabled":true,"_links":{"self":[{"href":"https:\/\/www.iceagetv.com\/radiosite\/wp-json\/wp\/v2\/posts\/7713","targetHints":{"allow":["GET"]}}],"collection":[{"href":"https:\/\/www.iceagetv.com\/radiosite\/wp-json\/wp\/v2\/posts"}],"about":[{"href":"https:\/\/www.iceagetv.com\/radiosite\/wp-json\/wp\/v2\/types\/post"}],"author":[{"embeddable":true,"href":"https:\/\/www.iceagetv.com\/radiosite\/wp-json\/wp\/v2\/users\/2"}],"replies":[{"embeddable":true,"href":"https:\/\/www.iceagetv.com\/radiosite\/wp-json\/wp\/v2\/comments?post=7713"}],"version-history":[{"count":1,"href":"https:\/\/www.iceagetv.com\/radiosite\/wp-json\/wp\/v2\/posts\/7713\/revisions"}],"predecessor-version":[{"id":7715,"href":"https:\/\/www.iceagetv.com\/radiosite\/wp-json\/wp\/v2\/posts\/7713\/revisions\/7715"}],"wp:featuredmedia":[{"embeddable":true,"href":"https:\/\/www.iceagetv.com\/radiosite\/wp-json\/wp\/v2\/media\/7714"}],"wp:attachment":[{"href":"https:\/\/www.iceagetv.com\/radiosite\/wp-json\/wp\/v2\/media?parent=7713"}],"wp:term":[{"taxonomy":"category","embeddable":true,"href":"https:\/\/www.iceagetv.com\/radiosite\/wp-json\/wp\/v2\/categories?post=7713"},{"taxonomy":"post_tag","embeddable":true,"href":"https:\/\/www.iceagetv.com\/radiosite\/wp-json\/wp\/v2\/tags?post=7713"}],"curies":[{"name":"wp","href":"https:\/\/api.w.org\/{rel}","templated":true}]}}