{"id":7732,"date":"2017-10-17T18:07:36","date_gmt":"2017-10-17T18:07:36","guid":{"rendered":"http:\/\/www.iceagetv.com\/radiosite\/?p=7732"},"modified":"2017-10-17T18:07:36","modified_gmt":"2017-10-17T18:07:36","slug":"dix-personnes-arretees-soupconnees-de-vouloir-attaquer-hommes-politiques","status":"publish","type":"post","link":"https:\/\/www.iceagetv.com\/radiosite\/dix-personnes-arretees-soupconnees-de-vouloir-attaquer-hommes-politiques\/","title":{"rendered":"Dix personnes arr\u00eat\u00e9es, soup\u00e7onn\u00e9es de vouloir attaquer des hommes politiques"},"content":{"rendered":"<p>\n\tDix personnes ont &eacute;t&eacute; arr&ecirc;t&eacute;es ce mardi. Elles sont soup&ccedil;onn&eacute;es d&rsquo;avoir voulu attaquer des hommes politiques.\n<\/p>\n<p>\n\tPlac&eacute;s en garde &agrave; vue pour association de malfaiteurs terroristes et apologie du terrorisme\n<\/p>\n<p>\n\tL&rsquo;affaire remonte &agrave; cet &eacute;t&eacute;. Les hommes de&nbsp;la Sous-direction antiterroriste (Sdat) et de la Direction g&eacute;n&eacute;rale de la S&eacute;curit&eacute; int&eacute;rieure (Dgsi)&nbsp;avaient interpell&eacute; un militant d&rsquo;extr&ecirc;me droite pr&egrave;s de Marseille. Logan Alexandre Nisin, ex-membre de l&#39;Action fran&ccedil;aise Provence et du Mouvement pour une nouvelle aurore (MPNA), &eacute;tait alors en possession de deux revolvers et d&#39;un fusil, et soup&ccedil;onn&eacute; par les enqu&ecirc;teurs de projeter un attentat contre des migrants et des hommes politiques ainsi que des djihadistes et des dealers. Il &eacute;tait, selon nos informations, administrateur d&rsquo;une page Facebook glorifiant Anders Behring Breivik, terroriste norv&eacute;gien d&rsquo;extr&ecirc;me droite, auteur d&rsquo;une tuerie de masse en Norv&egrave;ge en juillet&nbsp;2011.\n<\/p>\n<p>\n\tLes enqu&ecirc;teurs&nbsp;ont ensuite pu identifier&nbsp;un groupe d&rsquo;une dizaine de personnes en liens avec Logan Alexandre Nisin qu&rsquo;ils ont interpell&eacute;&nbsp;ce mardi dans le sud et en r&eacute;gion parisienne, apprend&nbsp;20 Minutes&nbsp;de source polici&egrave;re. Ag&eacute;s de 17 &agrave; 25 ans, ils&nbsp;ont &eacute;t&eacute; plac&eacute;s en garde &agrave; vue pour association de malfaiteurs terroristes et apologie du terrorisme. Une garde &agrave; vue qui peut durer jusqu&rsquo;&agrave; 96&nbsp;heures.A ce stade, il est difficile de conna&icirc;tre l&rsquo;&eacute;tat d&rsquo;avancement du projet d&rsquo;attentat. Selon nos informations, ils auraient voulu s&rsquo;attaquer au leader de la France Insoumise&nbsp;Jean-Luc M&eacute;lenchon&nbsp;ainsi qu&rsquo;au porte-parole du gouvernement&nbsp;Christophe Castaner.<\/p>\n","protected":false},"excerpt":{"rendered":"<p>Dix personnes ont &eacute;t&eacute; arr&ecirc;t&eacute;es ce mardi. Elles sont soup&ccedil;onn&eacute;es d&rsquo;avoir voulu attaquer des hommes politiques. Plac&eacute;s en garde &agrave; vue pour association de malfaiteurs terroristes et apologie du terrorisme L&rsquo;affaire remonte &agrave; cet &eacute;t&eacute;. Les hommes de&nbsp;la Sous-direction antiterroriste (Sdat) et de la Direction g&eacute;n&eacute;rale de la S&eacute;curit&eacute; int&eacute;rieure (Dgsi)&nbsp;avaient interpell&eacute; un militant d&rsquo;extr&ecirc;me [&hellip;]<\/p>\n","protected":false},"author":2,"featured_media":7733,"comment_status":"open","ping_status":"open","sticky":false,"template":"","format":"standard","meta":{"_jetpack_memberships_contains_paid_content":false,"footnotes":"","jetpack_publicize_message":"","jetpack_publicize_feature_enabled":true,"jetpack_social_post_already_shared":true,"jetpack_social_options":{"image_generator_settings":{"template":"highway","default_image_id":0,"font":"","enabled":false},"version":2},"_wpas_customize_per_network":false},"categories":[405],"tags":[1874,1875],"class_list":["post-7732","post","type-post","status-publish","format-standard","has-post-thumbnail","hentry","category-actu-france-monde","tag-ix-personnes-arretees","tag-soupconnees-de-vouloir-attaquer-des-hommes-politiques"],"jetpack_publicize_connections":[],"jetpack_featured_media_url":"https:\/\/i0.wp.com\/www.iceagetv.com\/radiosite\/wp-content\/uploads\/2017\/10\/ix-personnes-arr%C3%AAt%C3%A9es-soup%C3%A7onn%C3%A9es-de-vouloir-attaquer-des-hommes-politiques.jpg?fit=960%2C614&ssl=1","jetpack_sharing_enabled":true,"_links":{"self":[{"href":"https:\/\/www.iceagetv.com\/radiosite\/wp-json\/wp\/v2\/posts\/7732","targetHints":{"allow":["GET"]}}],"collection":[{"href":"https:\/\/www.iceagetv.com\/radiosite\/wp-json\/wp\/v2\/posts"}],"about":[{"href":"https:\/\/www.iceagetv.com\/radiosite\/wp-json\/wp\/v2\/types\/post"}],"author":[{"embeddable":true,"href":"https:\/\/www.iceagetv.com\/radiosite\/wp-json\/wp\/v2\/users\/2"}],"replies":[{"embeddable":true,"href":"https:\/\/www.iceagetv.com\/radiosite\/wp-json\/wp\/v2\/comments?post=7732"}],"version-history":[{"count":1,"href":"https:\/\/www.iceagetv.com\/radiosite\/wp-json\/wp\/v2\/posts\/7732\/revisions"}],"predecessor-version":[{"id":7734,"href":"https:\/\/www.iceagetv.com\/radiosite\/wp-json\/wp\/v2\/posts\/7732\/revisions\/7734"}],"wp:featuredmedia":[{"embeddable":true,"href":"https:\/\/www.iceagetv.com\/radiosite\/wp-json\/wp\/v2\/media\/7733"}],"wp:attachment":[{"href":"https:\/\/www.iceagetv.com\/radiosite\/wp-json\/wp\/v2\/media?parent=7732"}],"wp:term":[{"taxonomy":"category","embeddable":true,"href":"https:\/\/www.iceagetv.com\/radiosite\/wp-json\/wp\/v2\/categories?post=7732"},{"taxonomy":"post_tag","embeddable":true,"href":"https:\/\/www.iceagetv.com\/radiosite\/wp-json\/wp\/v2\/tags?post=7732"}],"curies":[{"name":"wp","href":"https:\/\/api.w.org\/{rel}","templated":true}]}}