{"id":7754,"date":"2017-10-20T08:04:29","date_gmt":"2017-10-20T08:04:29","guid":{"rendered":"http:\/\/www.iceagetv.com\/radiosite\/?p=7754"},"modified":"2017-10-20T08:04:29","modified_gmt":"2017-10-20T08:04:29","slug":"disparition-de-maelys-silhouette-blanche-photographie-coeur-de-lenquete","status":"publish","type":"post","link":"https:\/\/www.iceagetv.com\/radiosite\/disparition-de-maelys-silhouette-blanche-photographie-coeur-de-lenquete\/","title":{"rendered":"Disparition de Ma\u00eblys : une silhouette blanche sur une photographie au c\u0153ur de l&rsquo;enqu\u00eate"},"content":{"rendered":"<p>\n\tLes enqu&ecirc;teurs disposeraient d&#39;un clich&eacute; pris par une cam&eacute;ra de vid&eacute;osurveillance sur lequel appara&icirc;trait le v&eacute;hicule de l&#39;homme suspect&eacute; d&#39;avoir enlev&eacute; la fillette de 9 ans dans la nuit du 26 au 27 ao&ucirc;t. Or, Ma&euml;lys portait ce soir-l&agrave; une tenue de couleur blanche.\n<\/p>\n<p>\n\tLe clich&eacute; se trouve au c&oelig;ur de l&#39;enqu&ecirc;te. Il est extrait d&#39;une cam&eacute;ra de vid&eacute;osurveillance.&nbsp;D&#39;apr&egrave;s la cha&icirc;ne M6, le v&eacute;hicule de l&#39;homme suspect&eacute; d&#39;avoir enlev&eacute; la petite Ma&euml;lys, dans la nuit du 26 au 27 ao&ucirc;t, appara&icirc;t sur cette photo prise &agrave; Pont-de-Beauvoisin entre 3 heures et 4 heures du matin, le jour de la disparition. Les enqu&ecirc;teurs s&#39;int&eacute;ressent de pr&egrave;s &agrave; une silhouette blanche, de la couleur que portait la jeune fille ce soir-l&agrave;, apparaissant &agrave; la place du passager. Seulement, le clich&eacute; de mauvaise qualit&eacute; ne permet pas d&#39;affirmer qu&#39;il s&#39;agit sans le moindre doute de l&#39;Audi A3 de Nordhal L.\n<\/p>\n<p>\n\tL&#39;existence de cette photographie avait d&eacute;j&agrave; &eacute;t&eacute; r&eacute;v&eacute;l&eacute;e fin septembre&nbsp;par&nbsp;Le Dauphin&eacute; Lib&eacute;r&eacute;&nbsp;. &Agrave; l&#39;&eacute;poque, le quotidien r&eacute;gional affirmait que le v&eacute;hicule du suspect avait &eacute;t&eacute; &laquo;flash&eacute; par un radar automatique&raquo; le soir du mariage. L&#39;information avait &eacute;t&eacute; d&eacute;mentie cat&eacute;goriquement par le procureur de la R&eacute;publique de Grenoble, Jean-Yves Coquillat. Le magistrat avait pr&eacute;cis&eacute; que le parquet ne communiquera &laquo;que s&#39;il existe des &eacute;l&eacute;ments nouveaux qui doivent &ecirc;tre port&eacute;s &agrave; la connaissance du public et que si cette communication n&#39;est pas de nature &agrave; nuire aux investigations en cours&raquo;.\n<\/p>\n<p>\n\tLa fillette reste introuvable\n<\/p>\n<p>\n\tMa&euml;lys, 9 ans, a disparu dans la nuit du 26 au 27 ao&ucirc;t lors d&#39;une f&ecirc;te de mariage &agrave; Pont-de-Beauvoisin. Malgr&eacute; de tr&egrave;s vastes recherches, la fillette reste introuvable. Un homme de 34 ans, suspect&eacute; de l&#39;avoir enlev&eacute;e, a &eacute;t&eacute; mis en examen et &eacute;crou&eacute;, une semaine apr&egrave;s la disparition de la fillette. Le suspect, arriv&eacute; sur le tard au mariage, s&#39;&eacute;tait absent&eacute; durant la f&ecirc;te, &agrave; un moment pouvant correspondre &agrave; celui de la disparition de la fillette de 9 ans. Cet ancien militaire ma&icirc;tre-chien reconna&icirc;t avoir &eacute;t&eacute; en contact avec l&#39;enfant mais nie avoir &eacute;t&eacute; &laquo;acteur ou complice&raquo; de sa disparition. Une trace ADN de Ma&euml;lys, m&eacute;lang&eacute;e au sien, a &eacute;t&eacute; retrouv&eacute;e sur une commande du tableau de bord de son v&eacute;hicule.\n<\/p>\n<p>\n\t&raquo; LIRE AUSSI &#8211;&nbsp;Disparition de Ma&euml;lys: les d&eacute;clarations du suspect aux juges\n<\/p>\n<p>\n\tLes parents ont confirm&eacute; que ni eux, ni Ma&euml;lys ne connaissaient le suspect. Ils ont lanc&eacute; fin septembre &laquo;un appel &agrave; la v&eacute;rit&eacute;&raquo;. &laquo;Aujourd&#39;hui, un individu est suspect&eacute;, mis en examen par des juges qui ont donn&eacute; des indices graves et concordants &agrave; son encontre (&#8230;) Nous lui demandons de dire tout ce qui s&#39;est pass&eacute; cette nuit-l&agrave; et de coop&eacute;rer avec la justice&raquo;, ont-ils ajout&eacute;. &laquo;Son comportement depuis le d&eacute;but de l&#39;enqu&ecirc;te ne nous convainc pas de sa bonne foi et de sa volont&eacute; de participer s&eacute;rieusement &agrave; l&#39;enqu&ecirc;te&raquo;, a regrett&eacute; la m&egrave;re, persuad&eacute;e &laquo;qu&#39;il pourrait d&eacute;tenir des informations importantes et pouvant nous aider &agrave; retrouver notre fille&raquo;.<\/p>\n","protected":false},"excerpt":{"rendered":"<p>Les enqu&ecirc;teurs disposeraient d&#39;un clich&eacute; pris par une cam&eacute;ra de vid&eacute;osurveillance sur lequel appara&icirc;trait le v&eacute;hicule de l&#39;homme suspect&eacute; d&#39;avoir enlev&eacute; la fillette de 9 ans dans la nuit du 26 au 27 ao&ucirc;t. Or, Ma&euml;lys portait ce soir-l&agrave; une tenue de couleur blanche. Le clich&eacute; se trouve au c&oelig;ur de l&#39;enqu&ecirc;te. Il est extrait [&hellip;]<\/p>\n","protected":false},"author":2,"featured_media":7755,"comment_status":"open","ping_status":"open","sticky":false,"template":"","format":"standard","meta":{"_jetpack_memberships_contains_paid_content":false,"footnotes":"","jetpack_publicize_message":"","jetpack_publicize_feature_enabled":true,"jetpack_social_post_already_shared":true,"jetpack_social_options":{"image_generator_settings":{"template":"highway","default_image_id":0,"font":"","enabled":false},"version":2},"_wpas_customize_per_network":false},"categories":[405],"tags":[1758],"class_list":["post-7754","post","type-post","status-publish","format-standard","has-post-thumbnail","hentry","category-actu-france-monde","tag-disparition-de-maelys"],"jetpack_publicize_connections":[],"jetpack_featured_media_url":"https:\/\/i0.wp.com\/www.iceagetv.com\/radiosite\/wp-content\/uploads\/2017\/10\/Disparition-de-Ma%C3%ABlys-3.jpg?fit=650%2C350&ssl=1","jetpack_sharing_enabled":true,"_links":{"self":[{"href":"https:\/\/www.iceagetv.com\/radiosite\/wp-json\/wp\/v2\/posts\/7754","targetHints":{"allow":["GET"]}}],"collection":[{"href":"https:\/\/www.iceagetv.com\/radiosite\/wp-json\/wp\/v2\/posts"}],"about":[{"href":"https:\/\/www.iceagetv.com\/radiosite\/wp-json\/wp\/v2\/types\/post"}],"author":[{"embeddable":true,"href":"https:\/\/www.iceagetv.com\/radiosite\/wp-json\/wp\/v2\/users\/2"}],"replies":[{"embeddable":true,"href":"https:\/\/www.iceagetv.com\/radiosite\/wp-json\/wp\/v2\/comments?post=7754"}],"version-history":[{"count":1,"href":"https:\/\/www.iceagetv.com\/radiosite\/wp-json\/wp\/v2\/posts\/7754\/revisions"}],"predecessor-version":[{"id":7756,"href":"https:\/\/www.iceagetv.com\/radiosite\/wp-json\/wp\/v2\/posts\/7754\/revisions\/7756"}],"wp:featuredmedia":[{"embeddable":true,"href":"https:\/\/www.iceagetv.com\/radiosite\/wp-json\/wp\/v2\/media\/7755"}],"wp:attachment":[{"href":"https:\/\/www.iceagetv.com\/radiosite\/wp-json\/wp\/v2\/media?parent=7754"}],"wp:term":[{"taxonomy":"category","embeddable":true,"href":"https:\/\/www.iceagetv.com\/radiosite\/wp-json\/wp\/v2\/categories?post=7754"},{"taxonomy":"post_tag","embeddable":true,"href":"https:\/\/www.iceagetv.com\/radiosite\/wp-json\/wp\/v2\/tags?post=7754"}],"curies":[{"name":"wp","href":"https:\/\/api.w.org\/{rel}","templated":true}]}}