{"id":7791,"date":"2017-10-25T11:24:49","date_gmt":"2017-10-25T11:24:49","guid":{"rendered":"http:\/\/www.iceagetv.com\/radiosite\/?p=7791"},"modified":"2017-10-25T11:24:49","modified_gmt":"2017-10-25T11:24:49","slug":"nasser-al-khelaifi-face-a-justice-suisse-avons-commence-a-interroger-prevenu","status":"publish","type":"post","link":"https:\/\/www.iceagetv.com\/radiosite\/nasser-al-khelaifi-face-a-justice-suisse-avons-commence-a-interroger-prevenu\/","title":{"rendered":"Nasser Al-Khela\u00effi face \u00e0 la justice suisse : \u00ab\u00a0Nous avons commenc\u00e9 \u00e0 interroger le pr\u00e9venu\u00a0\u00bb"},"content":{"rendered":"<p>\n\tNasser Al-Khela&iuml;fi est arriv&eacute; ce mercredi matin &agrave; Berne pour &ecirc;tre entendu par la justice suisse. Le pr&eacute;sident du PSG est mis en cause pour des faits pr&eacute;sum&eacute;s de corruption, en rapport avec sa fonction de pr&eacute;sident de beIN Media. Son audition a d&eacute;but&eacute; et devrait durer toute la journ&eacute;e.\n<\/p>\n<p>\n\tNasser Al-Khela&iuml;fi, pr&eacute;sident de beIN Media et du PSG, est entendu ce mercredi &agrave; Berne par la justice suisse, qui le soup&ccedil;onne d&#39;avoir corrompu J&eacute;r&ocirc;me Valcke, ex-N.2 de la FIFA, pour l&#39;attribution des droits de diffusion de deux Coupes du monde (2026 et 2030).C&#39;est en qualit&eacute; de patron de beIN Media que le Qatari de 43 ans doit s&#39;expliquer aujourd&#39;hui. Ce proche de l&#39;&eacute;mir du Qatar est arriv&eacute; en toute discr&eacute;tion mercredi matin, &eacute;chappant aux cam&eacute;ras qui l&#39;attendaient &agrave; l&#39;ext&eacute;rieur.&nbsp;&quot;Nous avons commenc&eacute; &agrave; interroger le pr&eacute;venu vers 9h45 (heure fran&ccedil;aise) ce matin dans le bureau du procureur g&eacute;n&eacute;ral de Suisse&quot;,&nbsp;a indiqu&eacute; Andr&eacute; Marty, porte-parole du procureur, &agrave; la vingtaine de journalistes, dont l&#39;AFP, pr&eacute;sents devant le b&acirc;timent.\n<\/p>\n<p>\n\t&quot;&nbsp;Cela va prendre des heures&quot;\n<\/p>\n<p>\n\t&quot;Cela va prendre des heures, pour des raisons de traduction mais aussi en raison des nombreuses questions que nous avons et des r&eacute;ponses que nous souhaitons avoir de la part du pr&eacute;venu&quot;, a poursuivi M. Marty, pr&eacute;cisant que le pr&eacute;sident du PSG &eacute;tait arriv&eacute; vers 9h30 (heure fran&ccedil;aise).\n<\/p>\n<p>\n\tL&#39;affaire a &eacute;clat&eacute; le 12 octobre, quand la justice suisse a r&eacute;v&eacute;l&eacute; l&#39;ouverture d&#39;une enqu&ecirc;te pour&nbsp;&quot;corruption priv&eacute;e&quot;&nbsp;pr&eacute;sum&eacute;e dans l&#39;attribution des droits m&eacute;dias des Coupes du monde 2026 et 2030, visant Al-Khela&iuml;fi, corrupteur pr&eacute;sum&eacute;, et Valcke, corrompu pr&eacute;sum&eacute;. Mais ce n&#39;est pas le d&eacute;but de l&#39;histoire. Le minist&egrave;re public de la Conf&eacute;d&eacute;ration (MPC) a en r&eacute;alit&eacute; lanc&eacute; sa proc&eacute;dure le 20 mars 2017, une enqu&ecirc;te qui a conduit &agrave; une op&eacute;ration &quot;coordonn&eacute;e&quot;, men&eacute;e simultan&eacute;ment en France, en Gr&egrave;ce, en Espagne et en Italie.<\/p>\n","protected":false},"excerpt":{"rendered":"<p>Nasser Al-Khela&iuml;fi est arriv&eacute; ce mercredi matin &agrave; Berne pour &ecirc;tre entendu par la justice suisse. Le pr&eacute;sident du PSG est mis en cause pour des faits pr&eacute;sum&eacute;s de corruption, en rapport avec sa fonction de pr&eacute;sident de beIN Media. Son audition a d&eacute;but&eacute; et devrait durer toute la journ&eacute;e. Nasser Al-Khela&iuml;fi, pr&eacute;sident de beIN [&hellip;]<\/p>\n","protected":false},"author":2,"featured_media":7792,"comment_status":"open","ping_status":"open","sticky":false,"template":"","format":"standard","meta":{"_jetpack_memberships_contains_paid_content":false,"footnotes":"","jetpack_publicize_message":"","jetpack_publicize_feature_enabled":true,"jetpack_social_post_already_shared":true,"jetpack_social_options":{"image_generator_settings":{"template":"highway","default_image_id":0,"font":"","enabled":false},"version":2},"_wpas_customize_per_network":false},"categories":[18],"tags":[1889],"class_list":["post-7791","post","type-post","status-publish","format-standard","has-post-thumbnail","hentry","category-actu-sport","tag-nasser-al-khelaifi"],"jetpack_publicize_connections":[],"jetpack_featured_media_url":"https:\/\/i0.wp.com\/www.iceagetv.com\/radiosite\/wp-content\/uploads\/2017\/10\/Nasser-Al-Khela%C3%AFfi.jpg?fit=1950%2C1096&ssl=1","jetpack_sharing_enabled":true,"_links":{"self":[{"href":"https:\/\/www.iceagetv.com\/radiosite\/wp-json\/wp\/v2\/posts\/7791","targetHints":{"allow":["GET"]}}],"collection":[{"href":"https:\/\/www.iceagetv.com\/radiosite\/wp-json\/wp\/v2\/posts"}],"about":[{"href":"https:\/\/www.iceagetv.com\/radiosite\/wp-json\/wp\/v2\/types\/post"}],"author":[{"embeddable":true,"href":"https:\/\/www.iceagetv.com\/radiosite\/wp-json\/wp\/v2\/users\/2"}],"replies":[{"embeddable":true,"href":"https:\/\/www.iceagetv.com\/radiosite\/wp-json\/wp\/v2\/comments?post=7791"}],"version-history":[{"count":1,"href":"https:\/\/www.iceagetv.com\/radiosite\/wp-json\/wp\/v2\/posts\/7791\/revisions"}],"predecessor-version":[{"id":7793,"href":"https:\/\/www.iceagetv.com\/radiosite\/wp-json\/wp\/v2\/posts\/7791\/revisions\/7793"}],"wp:featuredmedia":[{"embeddable":true,"href":"https:\/\/www.iceagetv.com\/radiosite\/wp-json\/wp\/v2\/media\/7792"}],"wp:attachment":[{"href":"https:\/\/www.iceagetv.com\/radiosite\/wp-json\/wp\/v2\/media?parent=7791"}],"wp:term":[{"taxonomy":"category","embeddable":true,"href":"https:\/\/www.iceagetv.com\/radiosite\/wp-json\/wp\/v2\/categories?post=7791"},{"taxonomy":"post_tag","embeddable":true,"href":"https:\/\/www.iceagetv.com\/radiosite\/wp-json\/wp\/v2\/tags?post=7791"}],"curies":[{"name":"wp","href":"https:\/\/api.w.org\/{rel}","templated":true}]}}