{"id":7816,"date":"2017-10-29T09:18:45","date_gmt":"2017-10-29T09:18:45","guid":{"rendered":"http:\/\/www.iceagetv.com\/radiosite\/?p=7816"},"modified":"2017-10-29T09:18:45","modified_gmt":"2017-10-29T09:18:45","slug":"catalogne-anti-independantistes-se-mobilisent-societe-divisee","status":"publish","type":"post","link":"https:\/\/www.iceagetv.com\/radiosite\/catalogne-anti-independantistes-se-mobilisent-societe-divisee\/","title":{"rendered":"Catalogne : les anti-ind\u00e9pendantistes se mobilisent, la soci\u00e9t\u00e9 divis\u00e9e"},"content":{"rendered":"<p>\n\tApr&egrave;s les ind&eacute;pendantistes vendredi, au tour des Catalans qui souhaitent&nbsp;rester&nbsp;dans l&rsquo;Espagne&nbsp;d&rsquo;occuper la rue &agrave; Barcelone, dimanche 29&nbsp;octobre &agrave;&nbsp;partir&nbsp;de midi.&nbsp;L&rsquo;appel de l&rsquo;association organisatrice, la Soci&eacute;t&eacute; civile catalane, est un rappel &agrave; l&rsquo;histoire r&eacute;cente du pays&nbsp;:&nbsp;&laquo;&nbsp;Nous voulons&nbsp;d&eacute;fendre&nbsp;la d&eacute;mocratie qui a tant co&ucirc;t&eacute; &agrave; nos grands-parents&nbsp;&raquo;.\n<\/p>\n<p>\n\tLa r&eacute;gion est plus que jamais divis&eacute;e, deux jours apr&egrave;s la proclamation d&rsquo;ind&eacute;pendance vot&eacute;e par le parlement catalan, suivie de la mise sous tutelle de la r&eacute;gion par Madrid, marquant une rupture sans pr&eacute;c&eacute;dent en 40 ans de d&eacute;mocratie.\n<\/p>\n<p>\n\tT&eacute;moignage de la profonde division de la soci&eacute;t&eacute; catalane&nbsp;: le d&eacute;fil&eacute; pr&eacute;vu dimanche &agrave; Barcelone r&eacute;pond au&nbsp;rassemblement de dizaines de milliers de personnes, vendredi soir, qui ont f&ecirc;t&eacute; la naissance de la&nbsp;&laquo;&nbsp;R&eacute;publique&nbsp;&raquo;&nbsp;catalane dans le vieux quartier gothique avec des feux d&rsquo;artifice.\n<\/p>\n<p>\n\t&laquo;&nbsp;La Catalogne, c&rsquo;est nous tous&nbsp;!&nbsp;&raquo;&nbsp;: c&rsquo;est sur ce m&ecirc;me slogan que les organisateurs de ce nouveau rassemblement avaient d&eacute;j&agrave; r&eacute;ussi &agrave;&nbsp;mobiliser&nbsp;plusieurs centaines de milliers de personnes contre la s&eacute;cession, le 8&nbsp;octobre. L&rsquo;appel de la Soci&eacute;t&eacute; civile catalane, est assorti de deux mots&nbsp;:&nbsp;&laquo;&nbsp;coexistence&nbsp;&raquo;&nbsp;et surtout&nbsp;&laquo;&nbsp;seny&nbsp;&raquo;, ce&nbsp;&laquo;&nbsp;bon sens&nbsp;&raquo;&nbsp;suppos&eacute;&nbsp;r&eacute;unir&nbsp;une majorit&eacute; des Catalans face &agrave; ce que les d&eacute;tracteurs des ind&eacute;pendantistes qualifient de fuite en avant ou de&nbsp;&laquo;&nbsp;d&eacute;raison&nbsp;&raquo;.\n<\/p>\n<p>\n\tMadrid reprend la main\n<\/p>\n<p>\n\tMadrid cherche au plus vite &agrave;&nbsp;reprendre&nbsp;en main la Catalogne, dont la d&eacute;claration d&rsquo;ind&eacute;pendance&nbsp;n&rsquo;a obtenu aucune reconnaissance internationale.\n<\/p>\n<p>\n\tOfficiellement, la r&eacute;gion est d&eacute;sormais dirig&eacute;e directement par la num&eacute;ro&nbsp;2 du gouvernement, Soraya Saenz de Santamaria, tout le gouvernement catalan, et jusqu&rsquo;&agrave; 150 hauts responsables de l&rsquo;administration selon la presse, ayant &eacute;t&eacute; destitu&eacute;s.\n<\/p>\n<p>\n\tUne des premi&egrave;res d&eacute;cisions de Madrid a ainsi &eacute;t&eacute; de&nbsp;remplacer&nbsp;l&rsquo;embl&eacute;matique chef de la&nbsp;police&nbsp;catalane, Josep Lluis Trapero, jug&eacute; trop proche des ind&eacute;pendantistes.\n<\/p>\n<p>\n\tLe gouvernement espagnol avait re&ccedil;u l&rsquo;autorisation du S&eacute;nat vendredi de&nbsp;mettre&nbsp;en &oelig;uvre l&rsquo;article&nbsp;155 de la Constitution, jamais utilis&eacute;, pour&nbsp;prendre&nbsp;les r&ecirc;nes de la r&eacute;gion et y&nbsp;&laquo;&nbsp;restaurer l&rsquo;ordre constitutionnel&nbsp;&raquo;, alors que d&eacute;j&agrave; plus de 1&nbsp;600&nbsp;entreprises&nbsp;ont entrepris de&nbsp;d&eacute;m&eacute;nager&nbsp;leur si&egrave;ge&nbsp;social&nbsp;par crainte de l&rsquo;instabilit&eacute;. Et il a en ligne de mire l&rsquo;organisation d&rsquo;&eacute;lections r&eacute;gionales le 21&nbsp;d&eacute;cembre, dans moins de deux mois.\n<\/p>\n<p>\n\tAir de pr&eacute;campagne\n<\/p>\n<p>\n\tLa manifestation de dimanche aura ainsi sans doute des airs de pr&eacute;campagne &eacute;lectorale, car les trois partis qui en Catalogne pr&ocirc;nent le maintien de la r&eacute;gion au sein de l&rsquo;Espagne &#8211; Ciudadanos (lib&eacute;ral), le&nbsp;Parti socialiste&nbsp;catalan et le Parti populaire de Mariano Rajoy &#8211; y seront repr&eacute;sent&eacute;s.\n<\/p>\n<p>\n\tEn septembre&nbsp;2015, les ind&eacute;pendantistes avaient obtenu 47,8&nbsp;% des suffrages. Pr&egrave;s de 51&nbsp;% des voix &eacute;taient all&eacute;es &agrave; des partis soutenant un r&eacute;f&eacute;rendum l&eacute;gal d&rsquo;autod&eacute;termination ou le maintien en Espagne. Les s&eacute;paratistes &eacute;taient cependant majoritaires au Parlement, avec 72 si&egrave;ges sur 135, par le jeu de la pond&eacute;ration des voix en faveur des r&eacute;gions les plus rurales.\n<\/p>\n<p>\n\t&laquo;&nbsp;Nous avons une occasion en or. La majorit&eacute; des Catalans contrainte au silence depuis des ann&eacute;es sait qu&rsquo;il faut se mobiliser en masse&nbsp;&raquo;, a estim&eacute; d&egrave;s vendredi soir Ines Arrimadas, la chef en Catalogne du parti Ciudadanos, fer de lance de la lutte contre les ind&eacute;pendantistes.\n<\/p>\n<p>\n\tMais les s&eacute;paratistes ne s&rsquo;avouent pas vaincus. Samedi, leur chef de file Carles Puigdemont, destitu&eacute; de son poste de pr&eacute;sident catalan par Madrid,&nbsp;a dans une allocution t&eacute;l&eacute;vis&eacute;e appel&eacute; les siens &agrave; &laquo;&nbsp;s&rsquo;opposer d&eacute;mocratiquement&nbsp;&raquo; &agrave; la mise sous tutelle de l&rsquo;a&nbsp;r&eacute;gion par l&rsquo;Etat. Depuis plusieurs jours, des Comit&eacute;s de&nbsp;d&eacute;fense&nbsp;de la R&eacute;publique issus des quartiers appellent &agrave; la&nbsp;&laquo;&nbsp;r&eacute;sistance pacifique&nbsp;&raquo;.\n<\/p>\n<p>\n\t&nbsp;<\/p>\n","protected":false},"excerpt":{"rendered":"<p>Apr&egrave;s les ind&eacute;pendantistes vendredi, au tour des Catalans qui souhaitent&nbsp;rester&nbsp;dans l&rsquo;Espagne&nbsp;d&rsquo;occuper la rue &agrave; Barcelone, dimanche 29&nbsp;octobre &agrave;&nbsp;partir&nbsp;de midi.&nbsp;L&rsquo;appel de l&rsquo;association organisatrice, la Soci&eacute;t&eacute; civile catalane, est un rappel &agrave; l&rsquo;histoire r&eacute;cente du pays&nbsp;:&nbsp;&laquo;&nbsp;Nous voulons&nbsp;d&eacute;fendre&nbsp;la d&eacute;mocratie qui a tant co&ucirc;t&eacute; &agrave; nos grands-parents&nbsp;&raquo;. La r&eacute;gion est plus que jamais divis&eacute;e, deux jours apr&egrave;s la proclamation [&hellip;]<\/p>\n","protected":false},"author":2,"featured_media":7817,"comment_status":"open","ping_status":"open","sticky":false,"template":"","format":"standard","meta":{"_jetpack_memberships_contains_paid_content":false,"footnotes":"","jetpack_publicize_message":"","jetpack_publicize_feature_enabled":true,"jetpack_social_post_already_shared":true,"jetpack_social_options":{"image_generator_settings":{"template":"highway","default_image_id":0,"font":"","enabled":false},"version":2},"_wpas_customize_per_network":false},"categories":[405],"tags":[1897,1896],"class_list":["post-7816","post","type-post","status-publish","format-standard","has-post-thumbnail","hentry","category-actu-france-monde","tag-la-societe-divisee","tag-les-anti-independantistes-se-mobilisent"],"jetpack_publicize_connections":[],"jetpack_featured_media_url":"https:\/\/i0.wp.com\/www.iceagetv.com\/radiosite\/wp-content\/uploads\/2017\/10\/es-anti-ind%C3%A9pendantistes-se-mobilisent-la-soci%C3%A9t%C3%A9-divis%C3%A9e.jpg?fit=534%2C356&ssl=1","jetpack_sharing_enabled":true,"_links":{"self":[{"href":"https:\/\/www.iceagetv.com\/radiosite\/wp-json\/wp\/v2\/posts\/7816","targetHints":{"allow":["GET"]}}],"collection":[{"href":"https:\/\/www.iceagetv.com\/radiosite\/wp-json\/wp\/v2\/posts"}],"about":[{"href":"https:\/\/www.iceagetv.com\/radiosite\/wp-json\/wp\/v2\/types\/post"}],"author":[{"embeddable":true,"href":"https:\/\/www.iceagetv.com\/radiosite\/wp-json\/wp\/v2\/users\/2"}],"replies":[{"embeddable":true,"href":"https:\/\/www.iceagetv.com\/radiosite\/wp-json\/wp\/v2\/comments?post=7816"}],"version-history":[{"count":1,"href":"https:\/\/www.iceagetv.com\/radiosite\/wp-json\/wp\/v2\/posts\/7816\/revisions"}],"predecessor-version":[{"id":7818,"href":"https:\/\/www.iceagetv.com\/radiosite\/wp-json\/wp\/v2\/posts\/7816\/revisions\/7818"}],"wp:featuredmedia":[{"embeddable":true,"href":"https:\/\/www.iceagetv.com\/radiosite\/wp-json\/wp\/v2\/media\/7817"}],"wp:attachment":[{"href":"https:\/\/www.iceagetv.com\/radiosite\/wp-json\/wp\/v2\/media?parent=7816"}],"wp:term":[{"taxonomy":"category","embeddable":true,"href":"https:\/\/www.iceagetv.com\/radiosite\/wp-json\/wp\/v2\/categories?post=7816"},{"taxonomy":"post_tag","embeddable":true,"href":"https:\/\/www.iceagetv.com\/radiosite\/wp-json\/wp\/v2\/tags?post=7816"}],"curies":[{"name":"wp","href":"https:\/\/api.w.org\/{rel}","templated":true}]}}