{"id":7844,"date":"2017-11-01T15:54:43","date_gmt":"2017-11-01T15:54:43","guid":{"rendered":"http:\/\/www.iceagetv.com\/radiosite\/?p=7844"},"modified":"2017-11-01T15:54:43","modified_gmt":"2017-11-01T15:54:43","slug":"l-equivalent-fonds-vert-collectivites-francaises-pacifique-va-etre-supprime-2018","status":"publish","type":"post","link":"https:\/\/www.iceagetv.com\/radiosite\/l-equivalent-fonds-vert-collectivites-francaises-pacifique-va-etre-supprime-2018\/","title":{"rendered":"L\u2019\u00ab \u00e9quivalent fonds vert \u00bb pour les collectivit\u00e9s fran\u00e7aises du Pacifique va \u00eatre supprim\u00e9 en 2018"},"content":{"rendered":"<p>\n\tLa ministre des&nbsp;outre-mer, Annick Girardin, a expliqu&eacute;, lundi 30&nbsp;octobre lors de son audition devant l&rsquo;Assembl&eacute;e nationale, que l&rsquo;&laquo;&nbsp;&eacute;quivalent fonds vert&nbsp;&raquo;&nbsp;ne serait pas reconduit dans le budget&nbsp;2018. Elle a toutefois pr&eacute;cis&eacute; que les projets d&eacute;j&agrave; engag&eacute;s sur le budget 2017 &ndash; qui pr&eacute;voyait au total 25&nbsp;millions d&rsquo;euros &ndash; seraient poursuivis.\n<\/p>\n<p>\n\tLa cr&eacute;ation de ce programme de financements de projets, sp&eacute;cifique aux trois collectivit&eacute;s fran&ccedil;aises du Pacifique &ndash; Wallis-et-Futuna, la Nouvelle-Cal&eacute;donie et la Polyn&eacute;sie fran&ccedil;aise &ndash; avait &eacute;t&eacute;&nbsp;annonc&eacute;e par le pr&eacute;c&eacute;dent gouvernement &agrave; la fin de&nbsp;2016. Il vise &agrave; les&nbsp;aider&nbsp;&agrave;&nbsp;lutter&nbsp;contre les effets du r&eacute;chauffement climatique.\n<\/p>\n<p>\n\tC&rsquo;&eacute;tait un engagement de la&nbsp;France&nbsp;li&eacute; &agrave; la&nbsp;COP21&nbsp;de 2015. En effet, ces collectivit&eacute;s ultramarines ne pouvaient pas&nbsp;pr&eacute;tendre&nbsp;au Fonds vert pour le&nbsp;climat&nbsp;cr&eacute;&eacute; en&nbsp;2011 par les Nations unies &ndash; d&rsquo;o&ugrave; la cr&eacute;ation d&rsquo;un&nbsp;&laquo;&nbsp;&eacute;quivalent fonds vert&nbsp;&raquo;.\n<\/p>\n<p>\n\tUne &laquo;&nbsp;totale incoh&eacute;rence&nbsp;&raquo;\n<\/p>\n<p>\n\tOr, selon Annick Girardin, ce fonds n&rsquo;est pas suffisant.&nbsp;&laquo;&nbsp;Il faut qu&rsquo;on aille beaucoup plus loin&nbsp;&raquo;, a-t-elle expliqu&eacute;, plaidant pour un fonds vert qui concerne&nbsp;&laquo;&nbsp;tous les territoires d&rsquo;outre-mer, voire l&rsquo;ensemble des territoires&nbsp;&raquo;.\n<\/p>\n<p>\n\tUne d&eacute;cision qui a &eacute;t&eacute; vivement critiqu&eacute;e par la d&eacute;put&eacute;e de Polyn&eacute;sie Maina Sage (Les Constructifs) et par le d&eacute;put&eacute; europ&eacute;en des outre-mer Younous Omarjee (Gauche unitaire europ&eacute;enne-Gauche verte nordique), sur&nbsp;Twitter&nbsp;:\n<\/p>\n<p>\n\t<br \/>\n\t&nbsp;<\/p>\n","protected":false},"excerpt":{"rendered":"<p>La ministre des&nbsp;outre-mer, Annick Girardin, a expliqu&eacute;, lundi 30&nbsp;octobre lors de son audition devant l&rsquo;Assembl&eacute;e nationale, que l&rsquo;&laquo;&nbsp;&eacute;quivalent fonds vert&nbsp;&raquo;&nbsp;ne serait pas reconduit dans le budget&nbsp;2018. Elle a toutefois pr&eacute;cis&eacute; que les projets d&eacute;j&agrave; engag&eacute;s sur le budget 2017 &ndash; qui pr&eacute;voyait au total 25&nbsp;millions d&rsquo;euros &ndash; seraient poursuivis. La cr&eacute;ation de ce programme de [&hellip;]<\/p>\n","protected":false},"author":2,"featured_media":0,"comment_status":"open","ping_status":"open","sticky":false,"template":"","format":"standard","meta":{"_jetpack_memberships_contains_paid_content":false,"footnotes":"","jetpack_publicize_message":"","jetpack_publicize_feature_enabled":true,"jetpack_social_post_already_shared":true,"jetpack_social_options":{"image_generator_settings":{"template":"highway","default_image_id":0,"font":"","enabled":false},"version":2},"_wpas_customize_per_network":false},"categories":[405],"tags":[1904],"class_list":["post-7844","post","type-post","status-publish","format-standard","hentry","category-actu-france-monde","tag-equivalent-fonds-vert"],"jetpack_publicize_connections":[],"jetpack_featured_media_url":"","jetpack_sharing_enabled":true,"_links":{"self":[{"href":"https:\/\/www.iceagetv.com\/radiosite\/wp-json\/wp\/v2\/posts\/7844","targetHints":{"allow":["GET"]}}],"collection":[{"href":"https:\/\/www.iceagetv.com\/radiosite\/wp-json\/wp\/v2\/posts"}],"about":[{"href":"https:\/\/www.iceagetv.com\/radiosite\/wp-json\/wp\/v2\/types\/post"}],"author":[{"embeddable":true,"href":"https:\/\/www.iceagetv.com\/radiosite\/wp-json\/wp\/v2\/users\/2"}],"replies":[{"embeddable":true,"href":"https:\/\/www.iceagetv.com\/radiosite\/wp-json\/wp\/v2\/comments?post=7844"}],"version-history":[{"count":1,"href":"https:\/\/www.iceagetv.com\/radiosite\/wp-json\/wp\/v2\/posts\/7844\/revisions"}],"predecessor-version":[{"id":7846,"href":"https:\/\/www.iceagetv.com\/radiosite\/wp-json\/wp\/v2\/posts\/7844\/revisions\/7846"}],"wp:attachment":[{"href":"https:\/\/www.iceagetv.com\/radiosite\/wp-json\/wp\/v2\/media?parent=7844"}],"wp:term":[{"taxonomy":"category","embeddable":true,"href":"https:\/\/www.iceagetv.com\/radiosite\/wp-json\/wp\/v2\/categories?post=7844"},{"taxonomy":"post_tag","embeddable":true,"href":"https:\/\/www.iceagetv.com\/radiosite\/wp-json\/wp\/v2\/tags?post=7844"}],"curies":[{"name":"wp","href":"https:\/\/api.w.org\/{rel}","templated":true}]}}