{"id":8122,"date":"2017-12-05T16:53:17","date_gmt":"2017-12-05T16:53:17","guid":{"rendered":"http:\/\/www.iceagetv.com\/radiosite\/?p=8122"},"modified":"2017-12-05T16:53:17","modified_gmt":"2017-12-05T16:53:17","slug":"dictee-quotidienne-des-effets-limites-sur-la-comprehension-des-textes","status":"publish","type":"post","link":"https:\/\/www.iceagetv.com\/radiosite\/dictee-quotidienne-des-effets-limites-sur-la-comprehension-des-textes\/","title":{"rendered":"Dict\u00e9e quotidienne: des effets limit\u00e9s sur la compr\u00e9hension des textes"},"content":{"rendered":"<p>\n\tLe ministre de l&#39;Education nationale, Jean-Michel Blanquer, a annonc&eacute; ce mardi que les &eacute;l&egrave;ves de primaire auront d&eacute;sormais une dict&eacute;e quotidienne, &agrave; l&#39;&eacute;cole. Une mesure que les syndicats d&#39;enseignants et les parents d&#39;&eacute;l&egrave;ves accueillent avec prudence.\n<\/p>\n<p>\n\tLa dict&eacute;e va devenir un exercice quotidien pour les &eacute;coliers. Le ministre de l&#39;Education nationale l&#39;a annonc&eacute; ce mardi matin, au cours d&#39;une conf&eacute;rence de presse consacr&eacute;e &agrave; la ma&icirc;trise du fran&ccedil;ais:&nbsp;les &eacute;l&egrave;ves du CP au CM2 plancheront d&eacute;sormais tous les jours sur un exercice de dict&eacute;e.&nbsp;\n<\/p>\n<p>\n\t&quot;La grammaire de phrase doit retrouver sa pratique r&eacute;guli&egrave;re dans l&#39;enseignement primaire. Le vocabulaire c&#39;est la richesse du vocabulaire. L&#39;orthographe c&#39;est le r&eacute;sultat de cela, avec la dict&eacute;e quotidienne. C&#39;est une mesure qui avait &eacute;t&eacute; promise par ma pr&eacute;d&eacute;cesseure, je l&#39;accomplirai. La dict&eacute;e quotidienne doit devenir une r&eacute;alit&eacute;&quot;, a ainsi d&eacute;clar&eacute; Jean-Michel Blanquer, face &agrave; la presse.\n<\/p>\n<p>\n\t&quot;La dict&eacute;e est toujours pratiqu&eacute;e&quot;\n<\/p>\n<p>\n\tComme l&#39;a soulign&eacute; lui-m&ecirc;me le ministre, l&#39;annonce ne constitue pas vraiment une nouveaut&eacute;. En septembre 2015, la ministre de l&#39;Education d&#39;alors, Najat Vallaud-Belkacem, avait d&eacute;j&agrave; &eacute;voqu&eacute; cette id&eacute;e dans une&nbsp;tribune publi&eacute;e dans le quotidien&nbsp;Le Monde, titr&eacute;e &quot;Oui aux dict&eacute;es quotidiennes &agrave; l&#39;&eacute;cole&quot;. &quot;La pratique r&eacute;p&eacute;t&eacute;e de la lecture et de l&#39;&eacute;criture, la discipline exig&eacute;e par des dict&eacute;es quotidiennes, sont indispensables&quot;, &eacute;crivait-elle.\n<\/p>\n<p>\n\tA l&#39;&eacute;poque, l&#39;annonce avait &eacute;t&eacute; accueillie plut&ocirc;t froidement par les syndicats enseignants, qui s&#39;&eacute;taient montr&eacute;s perplexes. Deux ans apr&egrave;s, l&#39;accueil r&eacute;serv&eacute; &agrave; cette mesure ne semble pas &ecirc;tre tr&egrave;s diff&eacute;rent.\n<\/p>\n<p>\n\tS&eacute;lectionn&eacute; pour vous\n<\/p>\n<p>\n\tA Paris, une femme poignarde &agrave; mort son compagnon &agrave; leur domicile\n<\/p>\n<p>\n\tInterrog&eacute;e sur BFMTV&nbsp;sur le bien fond&eacute; de cette id&eacute;e de dict&eacute;e quotidienne, Francette Popineau, co-secr&eacute;taire g&eacute;n&eacute;rale&nbsp;et porte-parole du&nbsp;SNUIPP-FSU, premier syndicat dans le primaire, rappelle qu&#39;il s&#39;agit d&#39;une &quot;id&eacute;e r&eacute;currente&quot;, et finalement peu novatrice. &quot;On aurait esp&eacute;r&eacute; dans le volontarisme p&eacute;dagogique affich&eacute; par le minist&egrave;re, des orientations un petit peu plus novatrices. On laisse toujours entendre, comme on le fait du calcul mental, que la dict&eacute;e aurait &eacute;t&eacute; abandonn&eacute;e. Or la dict&eacute;e est toujours pratiqu&eacute;e&quot;,&nbsp; rappelle-t-elle.\n<\/p>\n<p>\n\tUn probl&egrave;me de formation\n<\/p>\n<p>\n\tPour Francette Popineau, &eacute;tant donn&eacute; l&#39;&eacute;chec constat&eacute; malgr&eacute; le nombre important d&#39;heures consacr&eacute;es &agrave; la lecture et &agrave; l&#39;apprentissage de la langue fran&ccedil;aise, la probl&eacute;matique ne vient pas de l&agrave;. &quot;Je crois que l&#39;accent doit &ecirc;tre mis sur la formation&quot;, estime-t-elle ainsi.&nbsp;\n<\/p>\n<p>\n\t&quot;Sous la pr&eacute;sidence Sarkozy, on a d&eacute;cid&eacute; que l&#39;enseignement &eacute;tait un m&eacute;tier qui ne s&#39;apprenait pas. On a donc des coll&egrave;gues qui ont d&eacute;marr&eacute; avec un handicap puisqu&#39;ils n&#39;&eacute;taient pas form&eacute;s. Il y a un retard en termes de formation initiale, et un en termes de formation continue. Il faut mettre l&#39;accent l&agrave;-dessus&quot;, insiste Francette Popineau.\n<\/p>\n<p>\n\tUn avis partag&eacute; par&nbsp;Liliana Moyano, pr&eacute;sidente de la&nbsp;FCPE, l&#39;une des deux principales f&eacute;d&eacute;rations de parents d&#39;&eacute;l&egrave;ves. &quot;Nous pensons qu&#39;avant tout il faut travailler sur la question de la formation des enseignants, qui n&#39;est pas &agrave; la hauteur des enjeux. Il faut donc travailler sur la p&eacute;dagogie d&#39;une part, et d&#39;autre part donner plus de temps aux &eacute;l&egrave;ves, d&eacute;velopper un accompagnement personnalis&eacute;, pour arriver &agrave; les faire sortir des difficult&eacute;s passag&egrave;res qu&#39;ils peuvent rencontrer&quot;, juge-t-elle, au micro de BFMTV.\n<\/p>\n<p>\n\tUne compr&eacute;hension et une interpr&eacute;tation&nbsp;n&eacute;cessaires\n<\/p>\n<p>\n\tMais au-del&agrave; du simple exercice de dict&eacute;e, il est n&eacute;cessaire de travailler sur la bonne compr&eacute;hension des mots, chez les &eacute;l&egrave;ves. C&#39;est ce qu&#39;avance Francette Popineau pour qui les notions acquises lors des dict&eacute;es et des cours d&#39;&eacute;criture doivent &ecirc;tre enseign&eacute;es dans le sens de cette compr&eacute;hension.&nbsp;\n<\/p>\n<p>\n\t&quot;Les&nbsp;enfants savent d&eacute;chiffrer, mais ils ont des difficult&eacute;s &agrave; comprendre des textes complexes. Il ne faut pas se contenter d&#39;apprendre des petits sons d&eacute;tach&eacute;s, mais il faut au contraire travailler imm&eacute;diatement le sens&quot;, explique-t-elle.&nbsp;\n<\/p>\n<p>\n\tPour le linguiste Alain Bentolila, l&#39;id&eacute;e d&#39;une dict&eacute;e quotidienne est une mesure &quot;secondaire&quot;. &quot;L&#39;important n&#39;est pas simplement la dict&eacute;e quotidienne. Pourquoi pas en faire une, cela am&eacute;liorera peut-&ecirc;tre l&#39;orthographe, un petit peu le vocabulaire&quot;, estime le sp&eacute;cialiste, rappelant que les &eacute;l&egrave;ves ne savent pas interpr&eacute;ter, et prendre de la distance par rapport &agrave; un texte.\n<\/p>\n<p>\n\t&quot;Cela veut dire &ecirc;tre incapable de critique et d&#39;interpr&eacute;tation&quot;, mart&egrave;le Alain Bentolila, pour qui il s&#39;agit l&agrave; de l&#39;enjeu principal, afin que les enfants puissent d&eacute;velopper leur esprit critique.&nbsp;<\/p>\n","protected":false},"excerpt":{"rendered":"<p>Le ministre de l&#39;Education nationale, Jean-Michel Blanquer, a annonc&eacute; ce mardi que les &eacute;l&egrave;ves de primaire auront d&eacute;sormais une dict&eacute;e quotidienne, &agrave; l&#39;&eacute;cole. Une mesure que les syndicats d&#39;enseignants et les parents d&#39;&eacute;l&egrave;ves accueillent avec prudence. La dict&eacute;e va devenir un exercice quotidien pour les &eacute;coliers. Le ministre de l&#39;Education nationale l&#39;a annonc&eacute; ce mardi [&hellip;]<\/p>\n","protected":false},"author":2,"featured_media":8123,"comment_status":"open","ping_status":"open","sticky":false,"template":"","format":"standard","meta":{"_jetpack_memberships_contains_paid_content":false,"footnotes":"","jetpack_publicize_message":"","jetpack_publicize_feature_enabled":true,"jetpack_social_post_already_shared":true,"jetpack_social_options":{"image_generator_settings":{"template":"highway","default_image_id":0,"font":"","enabled":false},"version":2},"_wpas_customize_per_network":false},"categories":[405],"tags":[1973],"class_list":["post-8122","post","type-post","status-publish","format-standard","has-post-thumbnail","hentry","category-actu-france-monde","tag-dictee-quotidienne"],"jetpack_publicize_connections":[],"jetpack_featured_media_url":"https:\/\/i0.wp.com\/www.iceagetv.com\/radiosite\/wp-content\/uploads\/2017\/12\/Dict%C3%A9e-quotidienne.jpg?fit=1255%2C708&ssl=1","jetpack_sharing_enabled":true,"_links":{"self":[{"href":"https:\/\/www.iceagetv.com\/radiosite\/wp-json\/wp\/v2\/posts\/8122","targetHints":{"allow":["GET"]}}],"collection":[{"href":"https:\/\/www.iceagetv.com\/radiosite\/wp-json\/wp\/v2\/posts"}],"about":[{"href":"https:\/\/www.iceagetv.com\/radiosite\/wp-json\/wp\/v2\/types\/post"}],"author":[{"embeddable":true,"href":"https:\/\/www.iceagetv.com\/radiosite\/wp-json\/wp\/v2\/users\/2"}],"replies":[{"embeddable":true,"href":"https:\/\/www.iceagetv.com\/radiosite\/wp-json\/wp\/v2\/comments?post=8122"}],"version-history":[{"count":1,"href":"https:\/\/www.iceagetv.com\/radiosite\/wp-json\/wp\/v2\/posts\/8122\/revisions"}],"predecessor-version":[{"id":8124,"href":"https:\/\/www.iceagetv.com\/radiosite\/wp-json\/wp\/v2\/posts\/8122\/revisions\/8124"}],"wp:featuredmedia":[{"embeddable":true,"href":"https:\/\/www.iceagetv.com\/radiosite\/wp-json\/wp\/v2\/media\/8123"}],"wp:attachment":[{"href":"https:\/\/www.iceagetv.com\/radiosite\/wp-json\/wp\/v2\/media?parent=8122"}],"wp:term":[{"taxonomy":"category","embeddable":true,"href":"https:\/\/www.iceagetv.com\/radiosite\/wp-json\/wp\/v2\/categories?post=8122"},{"taxonomy":"post_tag","embeddable":true,"href":"https:\/\/www.iceagetv.com\/radiosite\/wp-json\/wp\/v2\/tags?post=8122"}],"curies":[{"name":"wp","href":"https:\/\/api.w.org\/{rel}","templated":true}]}}