{"id":8206,"date":"2017-12-16T08:54:08","date_gmt":"2017-12-16T08:54:08","guid":{"rendered":"http:\/\/www.iceagetv.com\/radiosite\/?p=8206"},"modified":"2017-12-16T08:54:08","modified_gmt":"2017-12-16T08:54:08","slug":"collision-mortelle-a-millas-polemique-autour-des-barrieres-du-passage-a-niveau","status":"publish","type":"post","link":"https:\/\/www.iceagetv.com\/radiosite\/collision-mortelle-a-millas-polemique-autour-des-barrieres-du-passage-a-niveau\/","title":{"rendered":"Collision mortelle \u00e0 Millas : pol\u00e9mique autour des barri\u00e8res du passage \u00e0 niveau"},"content":{"rendered":"<p>\n\tL&#39;enqu&ecirc;te se poursuit, samedi 16 d&eacute;cembre, apr&egrave;s&nbsp;la collisionsurvenue jeudi apr&egrave;s-midi entre un train et un autocar scolaire &agrave; Millas (Pyr&eacute;n&eacute;es-Orientales). Alors que le bilan de cinq enfants morts pourrait s&#39;alourdir,&nbsp;les t&eacute;moignages divergent&nbsp;sur la question de savoir si les barri&egrave;res du passage &agrave; niveau &eacute;taient baiss&eacute;es ou lev&eacute;es au moment o&ugrave; l&#39;autocar s&#39;est engag&eacute;.\n<\/p>\n<p>\n\t&nbsp;Cinq enfants morts, 18 bless&eacute;s.&nbsp;Le bilan, toujours provisoire de l&#39;accident, est de cinq enfants morts, et de dix-huit bless&eacute;s. Mais le bilan pourrait s&#39;alourdir, car le pronostic vital de six enfants est toujours engag&eacute;.&nbsp;Tous les enfants vivaient dans le petit village de Saint-F&eacute;liu-d&#39;Avall, commune d&#39;un peu plus de 2 000 habitants situ&eacute;e &agrave; quelques kilom&egrave;tres de Millas. L&#39;identification des victimes, tr&egrave;s difficile&agrave; cause de la violence du choc, a pu &ecirc;tre termin&eacute;e vendredi soir.\n<\/p>\n<p>\n\t&nbsp;Une majorit&eacute; de t&eacute;moignages &eacute;voquent des barri&egrave;res ferm&eacute;es.&nbsp;Selon le procureur de la R&eacute;publique de Marseille, dont le p&ocirc;le accident collectifs est saisi, les 14 t&eacute;moignages recueillis&nbsp;vendredi &eacute;voquent&nbsp;&quot;tr&egrave;s majoritairement&quot;&nbsp;des barri&egrave;res du passage &agrave; niveau ferm&eacute;es, sugg&eacute;rant que l&#39;autocar aurait forc&eacute; le passage.&nbsp;La SNCF a indiqu&eacute; que&nbsp;&quot;selon des t&eacute;moins, le passage &agrave; niveau a fonctionn&eacute; normalement&quot;.&nbsp;Mais les enqu&ecirc;teurs restent prudents et attendent le r&eacute;sultat des examens et expertises techniques avant de se prononcer.\n<\/p>\n<p>\n\t&nbsp;La conductrice assure que les barri&egrave;res &eacute;taient ouvertes.&nbsp;La conductrice de l&#39;autocar, bless&eacute;e dans l&#39;accident, n&#39;a pas encore pu &ecirc;tre entendue. Mais&nbsp;selon son&nbsp;employeur&nbsp;Christian Faur, qui l&#39;a rencontr&eacute;e sur son lit d&#39;h&ocirc;pital le soir du drame, elle&nbsp;a indiqu&eacute; avoir&nbsp;&quot;travers&eacute; en toute confiance et en toute s&eacute;r&eacute;nit&eacute; le passage &agrave; niveau, barri&egrave;res ouvertes et feu clignotant &eacute;teint&quot;. L&#39;alcool&eacute;mie des deux chauffeurs est n&eacute;gative mais les r&eacute;sultats sur les stup&eacute;fiants ne sont pas encore connus.<\/p>\n","protected":false},"excerpt":{"rendered":"<p>L&#39;enqu&ecirc;te se poursuit, samedi 16 d&eacute;cembre, apr&egrave;s&nbsp;la collisionsurvenue jeudi apr&egrave;s-midi entre un train et un autocar scolaire &agrave; Millas (Pyr&eacute;n&eacute;es-Orientales). Alors que le bilan de cinq enfants morts pourrait s&#39;alourdir,&nbsp;les t&eacute;moignages divergent&nbsp;sur la question de savoir si les barri&egrave;res du passage &agrave; niveau &eacute;taient baiss&eacute;es ou lev&eacute;es au moment o&ugrave; l&#39;autocar s&#39;est engag&eacute;. &nbsp;Cinq enfants [&hellip;]<\/p>\n","protected":false},"author":2,"featured_media":8207,"comment_status":"open","ping_status":"open","sticky":false,"template":"","format":"standard","meta":{"_jetpack_memberships_contains_paid_content":false,"footnotes":"","jetpack_publicize_message":"","jetpack_publicize_feature_enabled":true,"jetpack_social_post_already_shared":true,"jetpack_social_options":{"image_generator_settings":{"template":"highway","default_image_id":0,"font":"","enabled":false},"version":2},"_wpas_customize_per_network":false},"categories":[405],"tags":[1997],"class_list":["post-8206","post","type-post","status-publish","format-standard","has-post-thumbnail","hentry","category-actu-france-monde","tag-collision-mortelle-a-millas"],"jetpack_publicize_connections":[],"jetpack_featured_media_url":"https:\/\/i0.wp.com\/www.iceagetv.com\/radiosite\/wp-content\/uploads\/2017\/12\/Collision-mortelle-%C3%A0-Millas.jpg?fit=767%2C433&ssl=1","jetpack_sharing_enabled":true,"_links":{"self":[{"href":"https:\/\/www.iceagetv.com\/radiosite\/wp-json\/wp\/v2\/posts\/8206","targetHints":{"allow":["GET"]}}],"collection":[{"href":"https:\/\/www.iceagetv.com\/radiosite\/wp-json\/wp\/v2\/posts"}],"about":[{"href":"https:\/\/www.iceagetv.com\/radiosite\/wp-json\/wp\/v2\/types\/post"}],"author":[{"embeddable":true,"href":"https:\/\/www.iceagetv.com\/radiosite\/wp-json\/wp\/v2\/users\/2"}],"replies":[{"embeddable":true,"href":"https:\/\/www.iceagetv.com\/radiosite\/wp-json\/wp\/v2\/comments?post=8206"}],"version-history":[{"count":1,"href":"https:\/\/www.iceagetv.com\/radiosite\/wp-json\/wp\/v2\/posts\/8206\/revisions"}],"predecessor-version":[{"id":8208,"href":"https:\/\/www.iceagetv.com\/radiosite\/wp-json\/wp\/v2\/posts\/8206\/revisions\/8208"}],"wp:featuredmedia":[{"embeddable":true,"href":"https:\/\/www.iceagetv.com\/radiosite\/wp-json\/wp\/v2\/media\/8207"}],"wp:attachment":[{"href":"https:\/\/www.iceagetv.com\/radiosite\/wp-json\/wp\/v2\/media?parent=8206"}],"wp:term":[{"taxonomy":"category","embeddable":true,"href":"https:\/\/www.iceagetv.com\/radiosite\/wp-json\/wp\/v2\/categories?post=8206"},{"taxonomy":"post_tag","embeddable":true,"href":"https:\/\/www.iceagetv.com\/radiosite\/wp-json\/wp\/v2\/tags?post=8206"}],"curies":[{"name":"wp","href":"https:\/\/api.w.org\/{rel}","templated":true}]}}