{"id":8465,"date":"2018-01-17T15:18:16","date_gmt":"2018-01-17T15:18:16","guid":{"rendered":"http:\/\/www.iceagetv.com\/radiosite\/?p=8465"},"modified":"2018-01-17T15:18:16","modified_gmt":"2018-01-17T15:18:16","slug":"inquietude-a-radio-france-apres-la-condamnation-dun-mathieu-gallet-affaibli","status":"publish","type":"post","link":"https:\/\/www.iceagetv.com\/radiosite\/inquietude-a-radio-france-apres-la-condamnation-dun-mathieu-gallet-affaibli\/","title":{"rendered":"Inqui\u00e9tude \u00e0 Radio France apr\u00e8s la condamnation d&rsquo;un Mathieu Gallet \u00ab\u00a0affaibli\u00a0\u00bb"},"content":{"rendered":"<p>\n\tLa ministre de la Culture a appel&eacute; le patron de Radio France &agrave; d&eacute;missionner apr&egrave;s sa condamnation pour favoritisme. Une position pr&eacute;caire qui suscite des craintes dans les r&eacute;dactions, confront&eacute;es &agrave; de lours enjeux.\n<\/p>\n<p>\n\tUn verdict in&eacute;dit: lundi, le pr&eacute;sident de Radio France,&nbsp;Mathieu Gallet, a &eacute;t&eacute; condamn&eacute; &agrave; un an de prison avec sursis et 20 000 euros d&#39;amende, pour &quot;favoritisme&quot; lorsqu&#39;il pr&eacute;sidait l&#39;INA. Il &eacute;tait poursuivi pour avoir command&eacute; environ 400 000 euros de prestations &agrave; deux soci&eacute;t&eacute;s de conseil sans avoir respect&eacute; les r&egrave;gles des march&eacute;s publics.&nbsp;\n<\/p>\n<p>\n\tEn filigrane, la crainte de la fusion des r&eacute;dactions\n<\/p>\n<p>\n\tDepuis plus de 24 heures, Mathieu Gallet, via son avocat, reste ferme: malgr&eacute;&nbsp;l&#39;appel de la ministre de la Culture&nbsp;&agrave; en &quot;tirer les cons&eacute;quences&quot;, il ne d&eacute;missionnera pas. Et vient m&ecirc;me de faire appel de la d&eacute;cision du tribunal de grande instance de Cr&eacute;teil.&nbsp;&quot;L&#39;appel de la ministre est surprenant, indique &agrave; L&#39;Express l&#39;avocat de Mathieu Gallet, ma&icirc;tre Christophe Ingrain. Il n&#39;est d&#39;ailleurs pas condamn&eacute; puisque l&#39;appel suspend tous les effets du jugement. Il n&#39;y a aucune raison pour qu&#39;il d&eacute;missionne.&quot; &nbsp;\n<\/p>\n<p>\n\tA la Maison de la Radio, K, journaliste pour France Info, ne veut pas se prononcer sur cet appel. &quot;On peut aussi comprendre la r&eacute;action de&nbsp;Fran&ccedil;oise Nyssen, il y a une demande d&#39;exemplarit&eacute;. Mais ce qui peut nous inqui&eacute;ter, c&#39;est que l&#39;on rentre dans une p&eacute;riode de turbulences pendant laquelle on va avoir pas mal d&#39;enjeux. C&#39;est dans ces moments-l&agrave; que l&#39;on doit avoir un pr&eacute;sident capable de nous d&eacute;fendre.&quot;&nbsp;\n<\/p>\n<p>\n\tLIRE AUSSI &gt;&gt;&nbsp;Condamnation de Gallet: Nyssen pousse le patron de Radio France &agrave; d&eacute;missionner&nbsp;\n<\/p>\n<p>\n\tLes enjeux sont effectivement lourds: dans les pistes de travail qui ont fuit&eacute; en novembre dernier dans&nbsp;Le Monde, le rapprochement de Radio France et de&nbsp;France T&eacute;l&eacute;visions&nbsp;&eacute;tait clairement &eacute;voqu&eacute;. Premier pas vers la mutualisation des effectifs? En d&eacute;cembre dernier, on apprenait la&nbsp;mise en place d&#39;une direction de l&#39;information internationale&nbsp;&agrave; Radio France, visant &agrave; remplacer les services &eacute;tranger de France Inter, France Culture et France Info.&nbsp;&nbsp;On sait bien que c&#39;est pour pr&eacute;parer la fusion vers France T&eacute;l&eacute;visions, assure &agrave; L&#39;Express C. un journaliste de France Culture. Et c&#39;est quelque chose qui nous fait tr&egrave;s, tr&egrave;s, tr&egrave;s peur. &Ccedil;a va profond&eacute;ment transformer la fa&ccedil;on que l&#39;on a de travailler et &agrave; laquelle on tenait, qui faisait de nous des journalistes polyvalents, qui allaient sur le terrain. Quand les services seront mutualis&eacute;s, on ne sera plus que des producteurs de contenus. Avec Mathieu Gallet affaibli, il ne va plus pouvoir rien faire pour nous. Et s&#39;il part, on va se retrouver avec une tutelle qui va nous fusionner en marche forc&eacute;e.&quot;&nbsp;\n<\/p>\n<p>\n\t&quot;Agn&egrave;s Saal a d&eacute;missionn&eacute; pour moins que &ccedil;a&quot;\n<\/p>\n<p>\n\tAutre son de cloche chez un journaliste de France Inter. &quot;Mon sentiment, c&#39;est qu&#39;il doit d&eacute;missionner, lance-t-il, toujours sous couvert d&#39;anonymat. Mathieu Gallet ne peut pas rester en poste apr&egrave;s une condamnation aussi importante!&nbsp;Agn&egrave;s Saal&nbsp;avait d&eacute;missionn&eacute; pour moins que &ccedil;a.&quot; Nomm&eacute;e pr&eacute;sidente de l&#39;INA en 2014, succ&eacute;dant &agrave; Mathieu Gallet, Saal avait &eacute;t&eacute; contrainte &agrave; la d&eacute;mission apr&egrave;s avoir &eacute;t&eacute; condamn&eacute;e pour &quot;d&eacute;tournement de fonds public&quot;. En 10 mois, Saal avait fait d&eacute;penser &agrave; l&#39;organisation 40 000 euros, rien que pour ses d&eacute;placements en taxi.&nbsp;&nbsp;Contrairement &agrave; nos deux pr&eacute;c&eacute;dents interlocuteurs, le dernier n&#39;a toutefois jamais consid&eacute;r&eacute; Mathieu Gallet comme un rempart prot&eacute;geant les journalistes. &quot;Il devance d&eacute;j&agrave; les projets du gouvernement, &agrave; mon sens. Avec cette condamnation, il pourra d&#39;autant moins s&#39;&eacute;riger contre la volont&eacute; du gouvernement. Il est dans une position intenable.&quot;&nbsp;\n<\/p>\n<p>\n\tQue Mathieu Gallet d&eacute;cide de rester en poste malgr&eacute; sa condamnation et la pression du gouvernement ou qu&#39;il parte, la pilule est dure &agrave; avaler pour les journalistes de Radio France. &quot;En fait, on est bien emb&ecirc;t&eacute;, r&eacute;sume K. Tout &ccedil;a n&#39;arrive clairement pas au bon moment, alors qu&#39;on veut nous marier avec France T&eacute;l&eacute;visions sans savoir comment. On n&#39;a aucune alternative.&quot; Mathieu Gallet doit recevoir rencontrer les syndicats de la Maison Ronde en fin de journ&eacute;e. Il n&#39;est pas s&ucirc;r qu&#39;il r&eacute;ussisse &agrave; les rassurer.&nbsp;<\/p>\n","protected":false},"excerpt":{"rendered":"<p>La ministre de la Culture a appel&eacute; le patron de Radio France &agrave; d&eacute;missionner apr&egrave;s sa condamnation pour favoritisme. Une position pr&eacute;caire qui suscite des craintes dans les r&eacute;dactions, confront&eacute;es &agrave; de lours enjeux. Un verdict in&eacute;dit: lundi, le pr&eacute;sident de Radio France,&nbsp;Mathieu Gallet, a &eacute;t&eacute; condamn&eacute; &agrave; un an de prison avec sursis et [&hellip;]<\/p>\n","protected":false},"author":2,"featured_media":8466,"comment_status":"open","ping_status":"open","sticky":false,"template":"","format":"standard","meta":{"_jetpack_memberships_contains_paid_content":false,"footnotes":"","jetpack_publicize_message":"","jetpack_publicize_feature_enabled":true,"jetpack_social_post_already_shared":true,"jetpack_social_options":{"image_generator_settings":{"template":"highway","default_image_id":0,"font":"","enabled":false},"version":2},"_wpas_customize_per_network":false},"categories":[68],"tags":[2074],"class_list":["post-8465","post","type-post","status-publish","format-standard","has-post-thumbnail","hentry","category-actu-culturelle","tag-inquietude-a-radio-france-apres-la-condamnation-dun-mathieu-gallet"],"jetpack_publicize_connections":[],"jetpack_featured_media_url":"https:\/\/i0.wp.com\/www.iceagetv.com\/radiosite\/wp-content\/uploads\/2018\/01\/Inqui%C3%A9tude-%C3%A0-Radio-France-apr%C3%A8s-la-condamnation-dun-Mathieu-Gallet.jpg?fit=2000%2C1125&ssl=1","jetpack_sharing_enabled":true,"_links":{"self":[{"href":"https:\/\/www.iceagetv.com\/radiosite\/wp-json\/wp\/v2\/posts\/8465","targetHints":{"allow":["GET"]}}],"collection":[{"href":"https:\/\/www.iceagetv.com\/radiosite\/wp-json\/wp\/v2\/posts"}],"about":[{"href":"https:\/\/www.iceagetv.com\/radiosite\/wp-json\/wp\/v2\/types\/post"}],"author":[{"embeddable":true,"href":"https:\/\/www.iceagetv.com\/radiosite\/wp-json\/wp\/v2\/users\/2"}],"replies":[{"embeddable":true,"href":"https:\/\/www.iceagetv.com\/radiosite\/wp-json\/wp\/v2\/comments?post=8465"}],"version-history":[{"count":1,"href":"https:\/\/www.iceagetv.com\/radiosite\/wp-json\/wp\/v2\/posts\/8465\/revisions"}],"predecessor-version":[{"id":8467,"href":"https:\/\/www.iceagetv.com\/radiosite\/wp-json\/wp\/v2\/posts\/8465\/revisions\/8467"}],"wp:featuredmedia":[{"embeddable":true,"href":"https:\/\/www.iceagetv.com\/radiosite\/wp-json\/wp\/v2\/media\/8466"}],"wp:attachment":[{"href":"https:\/\/www.iceagetv.com\/radiosite\/wp-json\/wp\/v2\/media?parent=8465"}],"wp:term":[{"taxonomy":"category","embeddable":true,"href":"https:\/\/www.iceagetv.com\/radiosite\/wp-json\/wp\/v2\/categories?post=8465"},{"taxonomy":"post_tag","embeddable":true,"href":"https:\/\/www.iceagetv.com\/radiosite\/wp-json\/wp\/v2\/tags?post=8465"}],"curies":[{"name":"wp","href":"https:\/\/api.w.org\/{rel}","templated":true}]}}