{"id":8670,"date":"2018-02-11T08:54:23","date_gmt":"2018-02-11T08:54:23","guid":{"rendered":"http:\/\/www.iceagetv.com\/radiosite\/?p=8670"},"modified":"2018-02-11T08:54:23","modified_gmt":"2018-02-11T08:54:23","slug":"proces-fiona-la-mere-et-le-beau-pere-condamnes-a-vingt-ans-de-prison-en-appel","status":"publish","type":"post","link":"https:\/\/www.iceagetv.com\/radiosite\/proces-fiona-la-mere-et-le-beau-pere-condamnes-a-vingt-ans-de-prison-en-appel\/","title":{"rendered":"Proc\u00e8s Fiona : la m\u00e8re et le beau-p\u00e8re condamn\u00e9s \u00e0 vingt ans de prison en appel"},"content":{"rendered":"<p>\n\tVingt ans de r&eacute;clusion criminelle&nbsp;: la sentence est tomb&eacute;e dans la nuit de samedi&nbsp;10&nbsp;&agrave;&nbsp;dimanche 11&nbsp;f&eacute;vrier, pour C&eacute;cile Bourgeon et Berkane Makhlouf, condamn&eacute;s en appel par la cour d&rsquo;assises de la Haute-Loire pour la mort de sa fille Fiona en&nbsp;2013. La m&egrave;re avant d&rsquo;abord signal&eacute; la disparition de la fillette de 5 ans, avant d&rsquo;avouer quatre mois plus tard que la petite avait &eacute;t&eacute; battue &agrave; mort et enterr&eacute;e.\n<\/p>\n<p>\n\t&laquo;&nbsp;Les mensonges, les contradictions, les silences, les incoh&eacute;rences, la variabilit&eacute; n&rsquo;ont pas permis d&rsquo;appr&eacute;hender le&nbsp;contexte&nbsp;exact du d&eacute;c&egrave;s. Pour autant, le positionnement&nbsp;[des accus&eacute;s]&nbsp;ne suffit pas &agrave;&nbsp;cr&eacute;er&nbsp;un doute raisonnable&nbsp;(&hellip;)&nbsp;Si ce n&rsquo;est menti, ils n&rsquo;ont pas tout dit&nbsp;&raquo;, a d&eacute;clar&eacute; le pr&eacute;sident de la cour, en lisant les motivations de l&rsquo;arr&ecirc;t rendu. La&nbsp;justice, qui a reconnu cette fois que Fiona a &eacute;t&eacute; victime de&nbsp;&laquo;&nbsp;maltraitance&nbsp;&raquo;, a &eacute;galement prononc&eacute; un&nbsp;&laquo;&nbsp;retrait total de l&rsquo;autorit&eacute; parentale&nbsp;&raquo;&nbsp;de C&eacute;cile Bourgeon sur ses deux autres enfants.Je ne suis naturellement pas surpris par cette d&eacute;cision au regard des graves &eacute;v&eacute;nements qui ont &eacute;maill&eacute; cette audience et qui avaient justifi&eacute;, lundi, que nous sollicitions le renvoi&nbsp;&ndash; demand&eacute; en vain pour&nbsp;une curieuse&nbsp;histoire&nbsp;d&rsquo;ap&eacute;ritif pris par le pr&eacute;sident de la cour &ndash;&nbsp;&raquo;, a&nbsp;r&eacute;agi l&rsquo;un des avocats de C&eacute;cile Bourgeon, Me&nbsp;Renaud Portejoie. Avant d&rsquo;annoncer qu&rsquo;il allait&nbsp;former&nbsp;&laquo;&nbsp;un pourvoi en cassation d&egrave;s lundi&nbsp;&raquo;.&nbsp;&laquo;&nbsp;Il y aura donc un troisi&egrave;me&nbsp;proc&egrave;s&nbsp;&raquo;, a-t-il assur&eacute;. Ou plut&ocirc;t un quatri&egrave;me&nbsp;: le premier proc&egrave;s en appel avait avort&eacute;, en octobre 2017, &agrave;&nbsp;la suite d&rsquo;une querelle entre avocats.\n<\/p>\n<p>\n\tL&rsquo;apaisement du p&egrave;re de Fiona\n<\/p>\n<p>\n\t&laquo;&nbsp;Elle a la peine qu&rsquo;elle m&eacute;rite. C&rsquo;est un soulagement pour moi et c&rsquo;est juste pour Fiona&nbsp;&raquo;, a r&eacute;agi le p&egrave;re de la fillette, Nicolas Chafoulais, &agrave; l&rsquo;annonce du verdict.\n<\/p>\n<p>\n\tLa cour a suivi le raisonnement de l&rsquo;avocat g&eacute;n&eacute;ral, Rapha&euml;l Sanesi de Gentile, qui avait estim&eacute; que l&rsquo;ancien couple&nbsp;&laquo;&nbsp;tortionnaire&nbsp;&raquo;&nbsp;avait agi de concert dans la mort de la fillette, victime d&rsquo;une&nbsp;&laquo;&nbsp;violence continue&nbsp;&raquo;&nbsp;pendant&nbsp;&laquo;&nbsp;les jours et les heures pr&eacute;c&eacute;dant sa mort&nbsp;&raquo;. Mais elle est all&eacute;e en de&ccedil;&agrave; des trente ans requis.\n<\/p>\n<p>\n\t&laquo;&nbsp;Ces violences ont &eacute;t&eacute; activ&eacute;es par les deux, par la r&eacute;p&eacute;tition dans le temps et par la localisation&nbsp;[des coups]&nbsp;sur la tempe gauche de Fiona&nbsp;(&hellip;)&nbsp;Il y a eu un coup, deux coups, un troisi&egrave;me coup&nbsp;&raquo;, avait-il tonn&eacute; en tapant du pied sur le sol pour&nbsp;simuler&nbsp;les&nbsp;&laquo;&nbsp;traumatismes cr&acirc;niens et abdominaux&nbsp;&raquo;&nbsp;&laquo;&nbsp;r&eacute;p&eacute;t&eacute;s&nbsp;&raquo;&nbsp;subis par l&rsquo;enfant de 5 ans.&nbsp;&laquo;&nbsp;Cette r&eacute;union des coups a&nbsp;pu entra&icirc;ner&nbsp;[sa]&nbsp;mort.&nbsp;&raquo;\n<\/p>\n<p>\n\tEn premi&egrave;re instance, en&nbsp;2016 &agrave; Riom (Puy-de-D&ocirc;me), Berkane Makhlouf avait &eacute;t&eacute; condamn&eacute; &agrave; vingt ans de r&eacute;clusion pour&nbsp;avoir&nbsp;port&eacute; des coups mortels &agrave; Fiona. Sa parole avait alors &eacute;t&eacute; jug&eacute;e&nbsp;&laquo;&nbsp;trop tardive et variable&nbsp;&raquo;&nbsp;par rapport aux d&eacute;clarations de la m&egrave;re de la fillette, qui avait &eacute;t&eacute; acquitt&eacute;e des faits criminels et condamn&eacute;e &agrave; cinq ans de prison pour avoir fait&nbsp;croire&nbsp;&agrave; un enl&egrave;vement.\n<\/p>\n<p>\n\tJuger &agrave;&nbsp;partir&nbsp;d&rsquo;hypoth&egrave;ses\n<\/p>\n<p>\n\tMais, pour la&nbsp;d&eacute;fense&nbsp;de Mme&nbsp;Bourgeon,&nbsp;&laquo;&nbsp;sur le terrain de la preuve, il n&rsquo;y a pas de mise en examen&nbsp;[de C&eacute;cile Bourgeon]&nbsp;s&rsquo;il n&rsquo;y a pas l&rsquo;accusation de Berkane Makhlouf&nbsp;&raquo;,&nbsp;qui a affirm&eacute; que la m&egrave;re aurait port&eacute; des coups &agrave; la fillette.&nbsp;&laquo;&nbsp;Est-ce que&nbsp;vous&nbsp;pouvez la&nbsp;condamner&nbsp;sur la seule base d&rsquo;accusations tardives et r&eacute;actionnelles&nbsp;?&nbsp;&raquo;, avait notamment lanc&eacute; aux jur&eacute;s l&rsquo;avocat Me&nbsp;Renaud Portejoie.\n<\/p>\n<p>\n\t&laquo;&nbsp;Il faut les coups et il faut la certitude que ce sont ses coups, les siens qui ont entra&icirc;n&eacute; la mort de Fiona. Vous n&rsquo;avez aucune certitude l&agrave;-dessus. Vous n&rsquo;avez pas une seule personne qui vient&nbsp;dire&nbsp;que C&eacute;cile Bourgeon portait des coups &agrave; sa fille&nbsp;&raquo;, avait ass&eacute;n&eacute; son autre conseil, Me&nbsp;Gilles-Jean Portejoie.\n<\/p>\n<p>\n\tAu terme de deux semaines d&rsquo;audience, les jur&eacute;s ont d&eacute;lib&eacute;r&eacute; en se contentant d&rsquo;hypoth&egrave;ses, en l&rsquo;absence du corps, jamais retrouv&eacute;. D&rsquo;autant que les d&eacute;bats n&rsquo;ont pas permis de&nbsp;d&eacute;m&ecirc;ler&nbsp;le vrai du faux dans les dires des deux accus&eacute;s, rest&eacute;s insaisissables et mur&eacute;s dans leurs d&eacute;n&eacute;gations, faisant fi de leurs contradictions lors de&nbsp;d&eacute;bats&nbsp;mal cadr&eacute;s. Au fil des vingt-six jours d&rsquo;audiences cumul&eacute;s depuis le premier proc&egrave;s, les deux accus&eacute;s se sont tour &agrave; tour reproch&eacute; des acc&egrave;s de violence ant&eacute;rieurs au d&eacute;c&egrave;s de Fiona.\n<\/p>\n<p>\n\tPour l&rsquo;un des avocats du p&egrave;re de Fiona, Me&nbsp;Jean-Fran&ccedil;ois Canis,&nbsp;&laquo;&nbsp;ce dont on est s&ucirc;r, c&rsquo;est qu&rsquo;avant de&nbsp;mourir, cette petite fille a v&eacute;cu l&rsquo;enfer&nbsp;&raquo;.\n<\/p>\n<p>\n\t<br \/>\n\t&nbsp;<\/p>\n","protected":false},"excerpt":{"rendered":"<p>Vingt ans de r&eacute;clusion criminelle&nbsp;: la sentence est tomb&eacute;e dans la nuit de samedi&nbsp;10&nbsp;&agrave;&nbsp;dimanche 11&nbsp;f&eacute;vrier, pour C&eacute;cile Bourgeon et Berkane Makhlouf, condamn&eacute;s en appel par la cour d&rsquo;assises de la Haute-Loire pour la mort de sa fille Fiona en&nbsp;2013. La m&egrave;re avant d&rsquo;abord signal&eacute; la disparition de la fillette de 5 ans, avant d&rsquo;avouer quatre [&hellip;]<\/p>\n","protected":false},"author":2,"featured_media":8671,"comment_status":"open","ping_status":"open","sticky":false,"template":"","format":"standard","meta":{"_jetpack_memberships_contains_paid_content":false,"footnotes":"","jetpack_publicize_message":"","jetpack_publicize_feature_enabled":true,"jetpack_social_post_already_shared":true,"jetpack_social_options":{"image_generator_settings":{"template":"highway","default_image_id":0,"font":"","enabled":false},"version":2},"_wpas_customize_per_network":false},"categories":[405],"tags":[2136],"class_list":["post-8670","post","type-post","status-publish","format-standard","has-post-thumbnail","hentry","category-actu-france-monde","tag-proces-fiona"],"jetpack_publicize_connections":[],"jetpack_featured_media_url":"https:\/\/i0.wp.com\/www.iceagetv.com\/radiosite\/wp-content\/uploads\/2018\/02\/Proc%C3%A8s-Fiona.jpg?fit=534%2C356&ssl=1","jetpack_sharing_enabled":true,"_links":{"self":[{"href":"https:\/\/www.iceagetv.com\/radiosite\/wp-json\/wp\/v2\/posts\/8670","targetHints":{"allow":["GET"]}}],"collection":[{"href":"https:\/\/www.iceagetv.com\/radiosite\/wp-json\/wp\/v2\/posts"}],"about":[{"href":"https:\/\/www.iceagetv.com\/radiosite\/wp-json\/wp\/v2\/types\/post"}],"author":[{"embeddable":true,"href":"https:\/\/www.iceagetv.com\/radiosite\/wp-json\/wp\/v2\/users\/2"}],"replies":[{"embeddable":true,"href":"https:\/\/www.iceagetv.com\/radiosite\/wp-json\/wp\/v2\/comments?post=8670"}],"version-history":[{"count":1,"href":"https:\/\/www.iceagetv.com\/radiosite\/wp-json\/wp\/v2\/posts\/8670\/revisions"}],"predecessor-version":[{"id":8672,"href":"https:\/\/www.iceagetv.com\/radiosite\/wp-json\/wp\/v2\/posts\/8670\/revisions\/8672"}],"wp:featuredmedia":[{"embeddable":true,"href":"https:\/\/www.iceagetv.com\/radiosite\/wp-json\/wp\/v2\/media\/8671"}],"wp:attachment":[{"href":"https:\/\/www.iceagetv.com\/radiosite\/wp-json\/wp\/v2\/media?parent=8670"}],"wp:term":[{"taxonomy":"category","embeddable":true,"href":"https:\/\/www.iceagetv.com\/radiosite\/wp-json\/wp\/v2\/categories?post=8670"},{"taxonomy":"post_tag","embeddable":true,"href":"https:\/\/www.iceagetv.com\/radiosite\/wp-json\/wp\/v2\/tags?post=8670"}],"curies":[{"name":"wp","href":"https:\/\/api.w.org\/{rel}","templated":true}]}}