{"id":8855,"date":"2018-03-06T19:47:04","date_gmt":"2018-03-06T19:47:04","guid":{"rendered":"http:\/\/www.iceagetv.com\/radiosite\/?p=8855"},"modified":"2018-03-06T19:47:04","modified_gmt":"2018-03-06T19:47:04","slug":"bracelet-electronique-amenagement-de-peines-droit-de-vote-pour-les-detenus%e2%80%89-macron-reforme-la-prison","status":"publish","type":"post","link":"https:\/\/www.iceagetv.com\/radiosite\/bracelet-electronique-amenagement-de-peines-droit-de-vote-pour-les-detenus%e2%80%89-macron-reforme-la-prison\/","title":{"rendered":"Bracelet \u00e9lectronique, am\u00e9nagement de peines, droit de vote pour les d\u00e9tenus\u2009: Macron r\u00e9forme la prison"},"content":{"rendered":"<p>\n\tLe pr&eacute;sident a annonc&eacute; ce mardi une &laquo;&thinsp;refondation p&eacute;nale&thinsp;&raquo; afin de rendre les peines de prison plus efficaces et de lutter contre la surpopulation carc&eacute;rale. Parmi les mesures principales&thinsp;: la g&eacute;n&eacute;ralisation du bracelet &eacute;lectronique, la fin des am&eacute;nagements de peines au-del&agrave; d&rsquo;un an et le droit de vote accord&eacute; aux d&eacute;tenus.\n<\/p>\n<p>\n\tEn visite &agrave;&nbsp;l&rsquo;&Eacute;cole nationale de l&rsquo;administration p&eacute;nitentiaire &agrave; Agen (Lot-et-Garonne), Emmanuel Macron a pr&eacute;sent&eacute; ce mardi&nbsp;une refondation des peines de prison. Aux c&ocirc;t&eacute;s de la garde des Sceaux, Nicole Belloubet, le pr&eacute;sident a pr&eacute;sent&eacute; une r&eacute;forme qui abandonne la pr&eacute;f&eacute;rence carc&eacute;rale pour d&rsquo;autres options comme le bracelet &eacute;lectronique ou le travail d&rsquo;int&eacute;r&ecirc;t g&eacute;n&eacute;ral.\n<\/p>\n<p>\n\t&laquo;&thinsp;Nous devons nous demander ce qu&rsquo;est une peine&thinsp;&raquo;, a questionn&eacute; Emmanuel Macron avant de pr&eacute;senter sa r&eacute;forme du syst&egrave;me des peines.&nbsp;&laquo;&thinsp;Il y a les laxistes qui voudraient que personne ne soit puni et de l&rsquo;autre, les vrais durs, qui sont pour emprisonner les gens. Je ne crois dans aucune de ces options, car c&rsquo;est une vision manich&eacute;enne&thinsp;&raquo;.Nous voyons aujourd&rsquo;hui que les peines telles qu&rsquo;elles sont appliqu&eacute;es ne permettent pas de jouer leur fonction [de protection de la soci&eacute;t&eacute;] elles ont aussi un r&ocirc;le d&rsquo;&eacute;ducation&thinsp;&raquo;,&nbsp;a expliqu&eacute; le pr&eacute;sident devant les &eacute;l&egrave;ves de l&rsquo;&Eacute;cole de l&rsquo;administration p&eacute;nitentiaire d&rsquo;Agen.\n<\/p>\n<p>\n\t&laquo;&thinsp;La peine n&rsquo;est pas l&agrave; pour r&eacute;pondre &agrave; une &eacute;motion de la soci&eacute;t&eacute;. Il faut penser la peine en fonction de chacun&thinsp;&raquo;.\n<\/p>\n<p>\n\tL&rsquo;effectivit&eacute; des peines et la dignit&eacute;\n<\/p>\n<p>\n\tEmmanuel Macron a pos&eacute; les deux principes qui, selon lui, doivent guider sa r&eacute;forme du syst&egrave;me carc&eacute;ral. Tout d&rsquo;abord l&rsquo;effectivit&eacute; des peines&thinsp;:&nbsp;&laquo;&thinsp;Une peine telle qu&rsquo;elle est prononc&eacute;e &agrave; vocation &agrave; &ecirc;tre ex&eacute;cut&eacute;e, avec des d&eacute;lais r&eacute;alistes&thinsp;&raquo;.\n<\/p>\n<p>\n\tEnsuite, la dignit&eacute;&thinsp;:&nbsp;&laquo;&thinsp;un d&eacute;tenu est un individu simplement priv&eacute; de sa libert&eacute;, mais pas de ses autres droits&thinsp;&raquo;.Je souhaite [l&rsquo;instauration] du dossier unique de personnalit&eacute;&thinsp;&raquo;, a annonc&eacute; le pr&eacute;sident. Un document qui existe d&eacute;j&agrave; pour les mineurs. Il permet de d&eacute;terminer avec pr&eacute;cisions les &eacute;l&eacute;ments de personnalit&eacute; des pr&eacute;venus avant leur jugement.&nbsp;&laquo;&thinsp;Cela permettra une meilleure d&eacute;cision pour &eacute;viter les peines de prison inutiles&thinsp;&raquo;, a not&eacute; le pr&eacute;sident.&nbsp;&laquo;&thinsp;C&rsquo;est le c&oelig;ur m&ecirc;me de l&rsquo;individualisation de la peine&thinsp;&raquo;, a-t-il ajout&eacute;.\n<\/p>\n<p>\n\tFavoriser le bracelet &eacute;lectronique pour les courtes peines\n<\/p>\n<p>\n\tLe Pr&eacute;sident a pr&eacute;sent&eacute; une refonte du syst&egrave;me carc&eacute;ral qui met&nbsp;&laquo;&thinsp;un terme &agrave; l&rsquo;automatisation des peines carc&eacute;rales&thinsp;&raquo;. Aussi les&nbsp;&laquo;&thinsp;peines de moins d&rsquo;un mois seront proscrites&thinsp;&raquo;, a d&eacute;clar&eacute; le chef de l&rsquo;&Eacute;tat. Il ne sera plus possible pour les juges d&rsquo;incarc&eacute;rer un condamn&eacute; &agrave; des peines de moins d&rsquo;un mois.&nbsp;&laquo;&thinsp;Ce sont les petites peines qui sont les moins efficaces&thinsp;&raquo;, s&rsquo;est justifi&eacute; le Pr&eacute;sident.Il a aussi annonc&eacute; une plus grande g&eacute;n&eacute;ralisation du port du bracelet &eacute;lectronique pour les&nbsp;&laquo;&thinsp;petites peines&thinsp;&raquo;.&nbsp;Les peines de 1 &agrave; 6 mois pourront ainsi avec cette r&eacute;forme s&rsquo;exercer hors des prisons.&nbsp;&laquo;&thinsp;Elles pourront &ecirc;tre ex&eacute;cut&eacute;es sous surveillance &eacute;lectronique&thinsp;&raquo;.\n<\/p>\n<p>\n\tAfin d&rsquo;&eacute;viter que les d&eacute;tenus effectuent leur peine avant leur jugement. Le pr&eacute;sident a aussi annonc&eacute; la cr&eacute;ation d&rsquo;un&nbsp;&laquo;&thinsp;mandat de d&eacute;p&ocirc;t diff&eacute;r&eacute;&thinsp;&raquo;.&nbsp;Avec ce mandat de d&eacute;p&ocirc;t diff&eacute;r&eacute;, les juges pourront ordonner l&rsquo;incarc&eacute;ration d&rsquo;un condamn&eacute; &agrave; l&rsquo;issue d&rsquo;un certain d&eacute;lai.\n<\/p>\n<p>\n\tParall&egrave;lement le Pr&eacute;sident a aussi annonc&eacute; la forfaitisation de plusieurs d&eacute;lits, comme l&rsquo;usage de stup&eacute;fiants.&nbsp;&laquo;&thinsp;Il y aura d&rsquo;autres peines comme l&rsquo;amende&thinsp;&raquo;, a d&eacute;velopp&eacute; Emmanuel Macron.\n<\/p>\n<p>\n\tLe renforcement du travail d&rsquo;int&eacute;r&ecirc;t g&eacute;n&eacute;ral\n<\/p>\n<p>\n\tLe pr&eacute;sident a aussi exprim&eacute; sa volont&eacute; d&rsquo;&eacute;tendre le travail d&rsquo;int&eacute;r&ecirc;t g&eacute;n&eacute;ral.&nbsp;&laquo;&thinsp;Pour qu&rsquo;il soit une peine significative, contraignante, mais qui r&eacute;int&egrave;gre le d&eacute;tenu dans la soci&eacute;t&eacute;&thinsp;&raquo;. Aujourd&rsquo;hui le travail d&rsquo;int&eacute;r&ecirc;t g&eacute;n&eacute;ral ne repr&eacute;sente que 6&thinsp;% des condamnations.\n<\/p>\n<p>\n\tEmmanuel Macron a aussi souhait&eacute; le renforcement du travail dans les prisons.&nbsp;&laquo;&thinsp;Reconna&icirc;tre un droit du travail adapt&eacute; est une mesure indispensable, qui permet de les r&eacute;ins&eacute;rer dans la soci&eacute;t&eacute;&thinsp;&raquo;,\n<\/p>\n<p>\n\tLe pr&eacute;sident a invit&eacute; les entreprises priv&eacute;es &agrave; l&rsquo;&Eacute;lys&eacute;e pour discuter des partenariats possibles avec les maisons d&rsquo;arr&ecirc;ts.\n<\/p>\n<p>\n\tLa fin des am&eacute;nagements de peines au-del&agrave; d&rsquo;un an\n<\/p>\n<p>\n\tPour toutes les peines de plus de six mois&nbsp;&laquo;&thinsp;il n&rsquo;y aura plus d&rsquo;am&eacute;nagement automatique&thinsp;&raquo;, a d&eacute;clar&eacute; le Chef de l&rsquo;&Eacute;tat.&nbsp;&laquo;&thinsp;Au-del&agrave; d&rsquo;une peine de plus d&rsquo;un an, il n&rsquo;y aura plus d&rsquo;am&eacute;nagement de la peine&thinsp;&raquo;.\n<\/p>\n<p>\n\tAujourd&rsquo;hui les am&eacute;nagements de peines peuvent &ecirc;tre discut&eacute;s avec le juge d&rsquo;application des peines quelle que soit la dur&eacute;e de la condamnation.\n<\/p>\n<p>\n\tEmmanuel Macron a annonc&eacute; en parall&egrave;le la cr&eacute;ation de 1&thinsp;500 postes de conseillers d&rsquo;insertion et probation, dans le cadre d&rsquo;un plan global sur les prisons.\n<\/p>\n<p>\n\t&laquo;&thinsp;La fili&egrave;re insertion et probation b&eacute;n&eacute;ficiera de la cr&eacute;ation de 1&thinsp;500 postes&thinsp;&raquo;&nbsp;de ces conseillers charg&eacute;s de suivre les condamn&eacute;s apr&egrave;s leur sortie de prison, a d&eacute;clar&eacute; le pr&eacute;sident.\n<\/p>\n<p>\n\tActuellement le nombre de ces conseillers s&rsquo;&eacute;l&egrave;ve &agrave; 4&thinsp;000 pour 250&thinsp;000 personnes suivies en d&eacute;tention ou en milieu ouvert.\n<\/p>\n<p>\n\tR&eacute;nover les &eacute;tablissements p&eacute;nitentiaires\n<\/p>\n<p>\n\t&laquo;&thinsp;Nous avons un probl&egrave;me immobilier&thinsp;&raquo;, a ajout&eacute; le pr&eacute;sident devant les &eacute;l&egrave;ves de l&rsquo;&Eacute;cole de l&rsquo;administration p&eacute;nitentiaire d&rsquo;Agen.\n<\/p>\n<p>\n\t&laquo;&thinsp;Il est indispensable de proc&eacute;der &agrave; la r&eacute;novation de plusieurs &eacute;tablissements&thinsp;&raquo;, a expliqu&eacute; Emmanuel Macron.\n<\/p>\n<p>\n\tAvec un taux d&rsquo;occupation de 200&thinsp;% dans les prisons en r&eacute;gion parisienne et de 120&thinsp;% au niveau national, la France figure parmi les&nbsp;pires &eacute;l&egrave;ves d&rsquo;Europe en mati&egrave;re de surpopulation carc&eacute;rale. Au 1er&nbsp;janvier 2018, 68&thinsp;974 d&eacute;tenus s&rsquo;entassaient dans des cellules pr&eacute;vues pour accueillir 59&thinsp;765 personnes maximum.\n<\/p>\n<p>\n\tLe droit de vote accord&eacute; aux d&eacute;tenus\n<\/p>\n<p>\n\t&laquo;&thinsp;On a essay&eacute; de m&rsquo;expliquer pourquoi les d&eacute;tenus n&rsquo;avaient pas le droit de voter, je ne l&rsquo;ai toujours pas compris&thinsp;&raquo;, a confi&eacute; le pr&eacute;sident qui a annonc&eacute; sa volont&eacute; d&rsquo;accorder le droit de vote pour les prisonniers.<\/p>\n","protected":false},"excerpt":{"rendered":"<p>Le pr&eacute;sident a annonc&eacute; ce mardi une &laquo;&thinsp;refondation p&eacute;nale&thinsp;&raquo; afin de rendre les peines de prison plus efficaces et de lutter contre la surpopulation carc&eacute;rale. Parmi les mesures principales&thinsp;: la g&eacute;n&eacute;ralisation du bracelet &eacute;lectronique, la fin des am&eacute;nagements de peines au-del&agrave; d&rsquo;un an et le droit de vote accord&eacute; aux d&eacute;tenus. En visite &agrave;&nbsp;l&rsquo;&Eacute;cole nationale [&hellip;]<\/p>\n","protected":false},"author":2,"featured_media":8856,"comment_status":"open","ping_status":"open","sticky":false,"template":"","format":"standard","meta":{"_jetpack_memberships_contains_paid_content":false,"footnotes":"","jetpack_publicize_message":"","jetpack_publicize_feature_enabled":true,"jetpack_social_post_already_shared":true,"jetpack_social_options":{"image_generator_settings":{"template":"highway","default_image_id":0,"font":"","enabled":false},"version":2},"_wpas_customize_per_network":false},"categories":[405],"tags":[2183,2182],"class_list":["post-8855","post","type-post","status-publish","format-standard","has-post-thumbnail","hentry","category-actu-france-monde","tag-amenagement-de-peines","tag-bracelet-electronique"],"jetpack_publicize_connections":[],"jetpack_featured_media_url":"https:\/\/i0.wp.com\/www.iceagetv.com\/radiosite\/wp-content\/uploads\/2018\/03\/Bracelet-%C3%A9lectronique-am%C3%A9nagement-de-peines.jpg?fit=1260%2C712&ssl=1","jetpack_sharing_enabled":true,"_links":{"self":[{"href":"https:\/\/www.iceagetv.com\/radiosite\/wp-json\/wp\/v2\/posts\/8855","targetHints":{"allow":["GET"]}}],"collection":[{"href":"https:\/\/www.iceagetv.com\/radiosite\/wp-json\/wp\/v2\/posts"}],"about":[{"href":"https:\/\/www.iceagetv.com\/radiosite\/wp-json\/wp\/v2\/types\/post"}],"author":[{"embeddable":true,"href":"https:\/\/www.iceagetv.com\/radiosite\/wp-json\/wp\/v2\/users\/2"}],"replies":[{"embeddable":true,"href":"https:\/\/www.iceagetv.com\/radiosite\/wp-json\/wp\/v2\/comments?post=8855"}],"version-history":[{"count":1,"href":"https:\/\/www.iceagetv.com\/radiosite\/wp-json\/wp\/v2\/posts\/8855\/revisions"}],"predecessor-version":[{"id":8857,"href":"https:\/\/www.iceagetv.com\/radiosite\/wp-json\/wp\/v2\/posts\/8855\/revisions\/8857"}],"wp:featuredmedia":[{"embeddable":true,"href":"https:\/\/www.iceagetv.com\/radiosite\/wp-json\/wp\/v2\/media\/8856"}],"wp:attachment":[{"href":"https:\/\/www.iceagetv.com\/radiosite\/wp-json\/wp\/v2\/media?parent=8855"}],"wp:term":[{"taxonomy":"category","embeddable":true,"href":"https:\/\/www.iceagetv.com\/radiosite\/wp-json\/wp\/v2\/categories?post=8855"},{"taxonomy":"post_tag","embeddable":true,"href":"https:\/\/www.iceagetv.com\/radiosite\/wp-json\/wp\/v2\/tags?post=8855"}],"curies":[{"name":"wp","href":"https:\/\/api.w.org\/{rel}","templated":true}]}}