{"id":8868,"date":"2018-03-08T08:02:29","date_gmt":"2018-03-08T08:02:29","guid":{"rendered":"http:\/\/www.iceagetv.com\/radiosite\/?p=8868"},"modified":"2018-03-08T08:02:29","modified_gmt":"2018-03-08T08:02:29","slug":"le-ministre-des-affaires-etrangeres-jean-yves-le-drian-annonce-son-depart-du-parti-socialiste","status":"publish","type":"post","link":"https:\/\/www.iceagetv.com\/radiosite\/le-ministre-des-affaires-etrangeres-jean-yves-le-drian-annonce-son-depart-du-parti-socialiste\/","title":{"rendered":"Le ministre des Affaires \u00e9trang\u00e8res, Jean-Yves Le Drian, annonce son d\u00e9part du Parti socialiste"},"content":{"rendered":"<p>\n\tIl &eacute;tait membre depuis quarante-quatre ans.&nbsp;Le ministre des Affaires &eacute;trang&egrave;res Jean-Yves Le Drian a annonc&eacute;, jeudi 8 mars sur CNews, qu&#39;il quittait&nbsp;le Parti socialiste, avec&nbsp;&quot;beaucoup d&#39;&eacute;motion, (&#8230;) beaucoup de fiert&eacute; mais aussi de d&eacute;ception&quot;. Une r&eacute;action &agrave; des propos du coordinateur national du PS, Rachid Temal, qui avait expliqu&eacute;&nbsp;il n&#39;y avait&nbsp;&quot;aucun socialiste au gouvernement&quot;.\n<\/p>\n<p>\n\t&quot;J&#39;en prends acte, c&#39;est-&agrave;-dire que je me retire du Parti socialiste&quot;, a expliqu&eacute; Jean-Yves Le Drian, &agrave; quelques jours de l&#39;&eacute;lection d&#39;un nouveau premier secr&eacute;taire.\n<\/p>\n<p>\n\tMinistre de la D&eacute;fense sous le mandat de Fran&ccedil;ois Hollande apr&egrave;s avoir notamment pr&eacute;sid&eacute; la r&eacute;gion Bretagne, Jean-Yves Le Drian avait choisi de rester au gouvernement &agrave; l&#39;arriv&eacute;e au pouvoir d&#39;Emmanuel Macron, rejoignant le quai d&#39;Orsay.\n<\/p>\n<p>\n\t&quot;Aucun membre du gouvernement ne pourra voter au prochain congr&egrave;s&quot;, avait assur&eacute; Rachid T&eacute;mal, num&eacute;ro 1 du PS par int&eacute;rim, le 9 f&eacute;vrier&nbsp;sur Public S&eacute;nat.&nbsp;Plusieurs&nbsp;d&#39;entre eux&nbsp;sont pourtant&nbsp;des transfuges&nbsp;du parti et n&#39;ont pas annonc&eacute; l&#39;avoir quitt&eacute;, tel le&nbsp;ministre de l&#39;Int&eacute;rieur, G&eacute;rard Collomb, et&nbsp;la ministre des Arm&eacute;es, Florence Parly.<\/p>\n","protected":false},"excerpt":{"rendered":"<p>Il &eacute;tait membre depuis quarante-quatre ans.&nbsp;Le ministre des Affaires &eacute;trang&egrave;res Jean-Yves Le Drian a annonc&eacute;, jeudi 8 mars sur CNews, qu&#39;il quittait&nbsp;le Parti socialiste, avec&nbsp;&quot;beaucoup d&#39;&eacute;motion, (&#8230;) beaucoup de fiert&eacute; mais aussi de d&eacute;ception&quot;. Une r&eacute;action &agrave; des propos du coordinateur national du PS, Rachid Temal, qui avait expliqu&eacute;&nbsp;il n&#39;y avait&nbsp;&quot;aucun socialiste au gouvernement&quot;. &quot;J&#39;en [&hellip;]<\/p>\n","protected":false},"author":2,"featured_media":0,"comment_status":"open","ping_status":"open","sticky":false,"template":"","format":"standard","meta":{"_jetpack_memberships_contains_paid_content":false,"footnotes":"","jetpack_publicize_message":"","jetpack_publicize_feature_enabled":true,"jetpack_social_post_already_shared":true,"jetpack_social_options":{"image_generator_settings":{"template":"highway","default_image_id":0,"font":"","enabled":false},"version":2},"_wpas_customize_per_network":false},"categories":[405],"tags":[2187],"class_list":["post-8868","post","type-post","status-publish","format-standard","hentry","category-actu-france-monde","tag-jean-yves-le-drian"],"jetpack_publicize_connections":[],"jetpack_featured_media_url":"","jetpack_sharing_enabled":true,"_links":{"self":[{"href":"https:\/\/www.iceagetv.com\/radiosite\/wp-json\/wp\/v2\/posts\/8868","targetHints":{"allow":["GET"]}}],"collection":[{"href":"https:\/\/www.iceagetv.com\/radiosite\/wp-json\/wp\/v2\/posts"}],"about":[{"href":"https:\/\/www.iceagetv.com\/radiosite\/wp-json\/wp\/v2\/types\/post"}],"author":[{"embeddable":true,"href":"https:\/\/www.iceagetv.com\/radiosite\/wp-json\/wp\/v2\/users\/2"}],"replies":[{"embeddable":true,"href":"https:\/\/www.iceagetv.com\/radiosite\/wp-json\/wp\/v2\/comments?post=8868"}],"version-history":[{"count":1,"href":"https:\/\/www.iceagetv.com\/radiosite\/wp-json\/wp\/v2\/posts\/8868\/revisions"}],"predecessor-version":[{"id":8870,"href":"https:\/\/www.iceagetv.com\/radiosite\/wp-json\/wp\/v2\/posts\/8868\/revisions\/8870"}],"wp:attachment":[{"href":"https:\/\/www.iceagetv.com\/radiosite\/wp-json\/wp\/v2\/media?parent=8868"}],"wp:term":[{"taxonomy":"category","embeddable":true,"href":"https:\/\/www.iceagetv.com\/radiosite\/wp-json\/wp\/v2\/categories?post=8868"},{"taxonomy":"post_tag","embeddable":true,"href":"https:\/\/www.iceagetv.com\/radiosite\/wp-json\/wp\/v2\/tags?post=8868"}],"curies":[{"name":"wp","href":"https:\/\/api.w.org\/{rel}","templated":true}]}}