{"id":8891,"date":"2018-03-11T09:54:20","date_gmt":"2018-03-11T09:54:20","guid":{"rendered":"http:\/\/www.iceagetv.com\/radiosite\/?p=8891"},"modified":"2018-03-11T09:54:20","modified_gmt":"2018-03-11T09:54:20","slug":"claude-francois-les-fans-celebrent-le-chanteur-40-ans-apres-sa-mort","status":"publish","type":"post","link":"https:\/\/www.iceagetv.com\/radiosite\/claude-francois-les-fans-celebrent-le-chanteur-40-ans-apres-sa-mort\/","title":{"rendered":"Claude Fran\u00e7ois : les fans c\u00e9l\u00e8brent le chanteur, 40 ans apr\u00e8s sa mort"},"content":{"rendered":"<p>\n\tPour le 40e anniversaire de la disparition de&nbsp;Claude Fran&ccedil;ois, quatre cents personnes, fans et membres de sa famille ont assist&eacute;, samedi apr&egrave;s-midi &agrave;&nbsp;Paris, &agrave; une messe. L&#39;office religieux organis&eacute; par le fan-club de l&#39;artiste en l&#39;&eacute;glise d&#39;Auteuil, o&ugrave; s&#39;&eacute;taient d&eacute;roul&eacute;es ses obs&egrave;ques apr&egrave;s sa mort le&nbsp;11&nbsp;mars 1978, a r&eacute;uni Claude Fran&ccedil;ois Jr, l&#39;un des deux fils du chanteur, leur m&egrave;re Isabelle For&ecirc;t, des Claudettes et d&#39;anciens collaborateurs, dont sa paroli&egrave;re historique Vline Buggy (&laquo;&nbsp;Belles, belles, belles&nbsp;&raquo;, &laquo;&nbsp;Si j&#39;avais un marteau&nbsp;&raquo;, etc.).\n<\/p>\n<p>\n\t&laquo;&nbsp;Cette post&eacute;rit&eacute;&nbsp;40&nbsp;ans apr&egrave;s me surprend. Claude Fran&ccedil;ois a pris une place dans le c&oelig;ur des fans. C&#39;est tr&egrave;s touchant. La force du r&eacute;pertoire fait que toutes les g&eacute;n&eacute;rations sont concern&eacute;es&nbsp;&raquo;, a confi&eacute; Claude Fran&ccedil;ois Jr &agrave; la fin de la messe. &laquo;&nbsp;Ce n&#39;est pas un Prix Nobel, mais quelqu&#39;un qui a fait du bien &agrave; des gens. &Ccedil;a en dit long sur la fonction d&#39;artiste de divertissement dans cette soci&eacute;t&eacute;&nbsp;&raquo;, a-t-il ajout&eacute;, devant la presse. Pour Didier Barbelivien, qui a assist&eacute; aussi &agrave; la messe, &laquo;&nbsp;cette post&eacute;rit&eacute; est m&eacute;rit&eacute;e. Claude Fran&ccedil;ois avait une avance sur son temps. Il a &eacute;t&eacute; moderne avant les modernes. 80&nbsp;% de sa discographie a encore un son actuel&nbsp;&raquo;, a-t-il dit &agrave; l&#39;Agence France-Presse.\n<\/p>\n<p>\n\tUn spectacle dans sa maison transform&eacute;e en mus&eacute;e\n<\/p>\n<p>\n\tL&#39;office religieux a &eacute;t&eacute; c&eacute;l&eacute;br&eacute; par l&#39;aum&ocirc;nier des artistes, le p&egrave;re Luc Reydel. Un portrait en noir et blanc de Claude Fran&ccedil;ois, les yeux ferm&eacute;s, avait &eacute;t&eacute; install&eacute; sur un chevalet au pied de l&#39;autel. &Agrave; l&#39;issue de la c&eacute;r&eacute;monie, une partie de l&#39;assistance, dont des Claudettes, a repris en ch&oelig;ur &laquo;&nbsp;Un Jardin dans mon c&oelig;ur&nbsp;&raquo; (1971), une des&nbsp;360&nbsp;chansons de Claude Fran&ccedil;ois enregistr&eacute;es pendant les seize ans de sa carri&egrave;re fulgurante, de&nbsp;1962&nbsp;&agrave; 1978. L&#39;assistance a ensuite longuement applaudi dans l&#39;&eacute;glise la m&eacute;moire du chanteur, selon une tradition r&eacute;serv&eacute;e aux artistes.Les fans se sont donn&eacute; rendez-vous dimanche, jour anniversaire du d&eacute;c&egrave;s de Claude Fran&ccedil;ois, sur sa tombe au cimeti&egrave;re de Dannemois (Essonne). En outre,&nbsp;son ancienne propri&eacute;t&eacute; transform&eacute;e en mus&eacute;e&nbsp;proposera un spectacle avec le sosie officiel du chanteur, Franck d&#39;Auria.<\/p>\n","protected":false},"excerpt":{"rendered":"<p>Pour le 40e anniversaire de la disparition de&nbsp;Claude Fran&ccedil;ois, quatre cents personnes, fans et membres de sa famille ont assist&eacute;, samedi apr&egrave;s-midi &agrave;&nbsp;Paris, &agrave; une messe. L&#39;office religieux organis&eacute; par le fan-club de l&#39;artiste en l&#39;&eacute;glise d&#39;Auteuil, o&ugrave; s&#39;&eacute;taient d&eacute;roul&eacute;es ses obs&egrave;ques apr&egrave;s sa mort le&nbsp;11&nbsp;mars 1978, a r&eacute;uni Claude Fran&ccedil;ois Jr, l&#39;un des deux [&hellip;]<\/p>\n","protected":false},"author":2,"featured_media":8892,"comment_status":"open","ping_status":"open","sticky":false,"template":"","format":"standard","meta":{"_jetpack_memberships_contains_paid_content":false,"footnotes":"","jetpack_publicize_message":"","jetpack_publicize_feature_enabled":true,"jetpack_social_post_already_shared":true,"jetpack_social_options":{"image_generator_settings":{"template":"highway","default_image_id":0,"font":"","enabled":false},"version":2},"_wpas_customize_per_network":false},"categories":[68],"tags":[2193],"class_list":["post-8891","post","type-post","status-publish","format-standard","has-post-thumbnail","hentry","category-actu-culturelle","tag-claude-francois"],"jetpack_publicize_connections":[],"jetpack_featured_media_url":"https:\/\/i0.wp.com\/www.iceagetv.com\/radiosite\/wp-content\/uploads\/2018\/03\/Claude-Fran%C3%A7ois.jpg?fit=660%2C281&ssl=1","jetpack_sharing_enabled":true,"_links":{"self":[{"href":"https:\/\/www.iceagetv.com\/radiosite\/wp-json\/wp\/v2\/posts\/8891","targetHints":{"allow":["GET"]}}],"collection":[{"href":"https:\/\/www.iceagetv.com\/radiosite\/wp-json\/wp\/v2\/posts"}],"about":[{"href":"https:\/\/www.iceagetv.com\/radiosite\/wp-json\/wp\/v2\/types\/post"}],"author":[{"embeddable":true,"href":"https:\/\/www.iceagetv.com\/radiosite\/wp-json\/wp\/v2\/users\/2"}],"replies":[{"embeddable":true,"href":"https:\/\/www.iceagetv.com\/radiosite\/wp-json\/wp\/v2\/comments?post=8891"}],"version-history":[{"count":1,"href":"https:\/\/www.iceagetv.com\/radiosite\/wp-json\/wp\/v2\/posts\/8891\/revisions"}],"predecessor-version":[{"id":8893,"href":"https:\/\/www.iceagetv.com\/radiosite\/wp-json\/wp\/v2\/posts\/8891\/revisions\/8893"}],"wp:featuredmedia":[{"embeddable":true,"href":"https:\/\/www.iceagetv.com\/radiosite\/wp-json\/wp\/v2\/media\/8892"}],"wp:attachment":[{"href":"https:\/\/www.iceagetv.com\/radiosite\/wp-json\/wp\/v2\/media?parent=8891"}],"wp:term":[{"taxonomy":"category","embeddable":true,"href":"https:\/\/www.iceagetv.com\/radiosite\/wp-json\/wp\/v2\/categories?post=8891"},{"taxonomy":"post_tag","embeddable":true,"href":"https:\/\/www.iceagetv.com\/radiosite\/wp-json\/wp\/v2\/tags?post=8891"}],"curies":[{"name":"wp","href":"https:\/\/api.w.org\/{rel}","templated":true}]}}