{"id":8924,"date":"2018-03-16T19:14:28","date_gmt":"2018-03-16T19:14:28","guid":{"rendered":"http:\/\/www.iceagetv.com\/radiosite\/?p=8924"},"modified":"2018-03-16T19:14:28","modified_gmt":"2018-03-16T19:14:28","slug":"greve-sncf-quest-ce-que-le-service-minimum-voulu-par-valerie-pecresse","status":"publish","type":"post","link":"https:\/\/www.iceagetv.com\/radiosite\/greve-sncf-quest-ce-que-le-service-minimum-voulu-par-valerie-pecresse\/","title":{"rendered":"Gr\u00e8ve SNCF : qu&rsquo;est-ce que le service minimum, voulu par Val\u00e9rie P\u00e9cresse"},"content":{"rendered":"<p>\n\tes cheminots ont d&eacute;cid&eacute; de mener la bataille contre la r&eacute;forme ferroviaire voulue par l&#39;ex&eacute;cutif. Les syndicats sont parvenus &agrave; trouver un accord, vendredi 16 mars.&nbsp;Ils appellent les salari&eacute;s de la SNCF &agrave; se mettre en gr&egrave;ve&nbsp;deux jours sur cinq &agrave; compter du 3 avril.&nbsp;Un mouvement reconductible sur trois mois, sauf si le gouvernement d&eacute;cide de reculer ou d&#39;amender son projet.<\/p>\n<p>\tInvit&eacute;e de RTL vendredi 16 mars, Val&eacute;rie P&eacute;cresse a plaid&eacute; pour&nbsp;la mise en place d&#39;un service minimum tout au long de la p&eacute;riode de mouvements sociaux.&nbsp;Concr&egrave;tement, la pr&eacute;sidente de la r&eacute;gion &Icirc;le-de-France, par ailleurs &agrave; la t&ecirc;te d&#39;&Icirc;le-de-France Mobilit&eacute;s, exige qu&#39;un train sur trois circule lors des jours de gr&egrave;ve.&nbsp;\n<\/p>\n<p>\n\t&quot;C&#39;est la loi, et si elle n&#39;est pas respect&eacute;e, la SNCF devra rembourser tous les voyageurs&quot;, a estim&eacute; l&#39;ancienne ministre de l&#39;Enseignement sup&eacute;rieur. Pourtant,&nbsp;le droit de gr&egrave;ve est reconnu &agrave; tous les travailleurs et ne peut &#8211; en principe &#8211; &ecirc;tre entrav&eacute;.&nbsp;Mais comme tout principe, il comporte des exceptions.\n<\/p>\n<p>\n\tFaire gr&egrave;ve, un droit inali&eacute;nable mais&#8230;\n<\/p>\n<p>\n\tEn France, le droit de gr&egrave;ve a une valeur constitutionnelle en terme juridique. C&#39;est-&agrave;-dire qu&#39;en principe, il n&#39;est pas possible de limiter ou d&#39;interdire &agrave; des salari&eacute;s de se mettre en gr&egrave;ve.&nbsp;Mais ce n&#39;est pas le seul droit ou principe auquel cette valeur est reconnue. La continuit&eacute; du service public poss&egrave;de la m&ecirc;me force juridique.<\/p>\n<p>\tEn l&#39;occurrence, dans la situation de la SNCF, ces deux normes s&#39;entrechoquent et rentrent en conflit. L&#39;entreprise de transport ferroviaire assure une mission de service public, et il est de ce fait impossible que le service soit totalement inaccessible.&nbsp;<\/p>\n<p>\tUne loi a &eacute;t&eacute; vot&eacute;e en ce sens en 2007 sous la pr&eacute;sidence de Nicolas Sarkozy, et permet de mettre en oeuvre&nbsp;un service garanti en cas de gr&egrave;ve.&nbsp;Il s&#39;agit du service minimum &eacute;voqu&eacute; par Val&eacute;rie P&eacute;cresse. Les salari&eacute;s soumis &agrave; ces contraintes doivent&nbsp;d&eacute;clarer leur participation au mouvement deux jours avant qu&#39;il ne commence.&nbsp;<\/p>\n<p>\tCe texte de loi comporte &eacute;galement un volet ayant trait &agrave; la relation avec les usagers du service public. L&#39;entreprise est tenue de les tenir inform&eacute;s et si un service alternatif suffisant n&#39;est pas d&eacute;ploy&eacute;e, elle s&#39;expose &agrave; devoir rembourser les usagers l&eacute;s&eacute;s.&nbsp;Ce qu&#39;exigeait Val&eacute;rie P&eacute;cresse au micro de RTL.<\/p>\n","protected":false},"excerpt":{"rendered":"<p>es cheminots ont d&eacute;cid&eacute; de mener la bataille contre la r&eacute;forme ferroviaire voulue par l&#39;ex&eacute;cutif. Les syndicats sont parvenus &agrave; trouver un accord, vendredi 16 mars.&nbsp;Ils appellent les salari&eacute;s de la SNCF &agrave; se mettre en gr&egrave;ve&nbsp;deux jours sur cinq &agrave; compter du 3 avril.&nbsp;Un mouvement reconductible sur trois mois, sauf si le gouvernement d&eacute;cide [&hellip;]<\/p>\n","protected":false},"author":2,"featured_media":8925,"comment_status":"open","ping_status":"open","sticky":false,"template":"","format":"standard","meta":{"_jetpack_memberships_contains_paid_content":false,"footnotes":"","jetpack_publicize_message":"","jetpack_publicize_feature_enabled":true,"jetpack_social_post_already_shared":true,"jetpack_social_options":{"image_generator_settings":{"template":"highway","default_image_id":0,"font":"","enabled":false},"version":2},"_wpas_customize_per_network":false},"categories":[405],"tags":[2203],"class_list":["post-8924","post","type-post","status-publish","format-standard","has-post-thumbnail","hentry","category-actu-france-monde","tag-greve-sncf"],"jetpack_publicize_connections":[],"jetpack_featured_media_url":"https:\/\/i0.wp.com\/www.iceagetv.com\/radiosite\/wp-content\/uploads\/2018\/03\/Gr%C3%A8ve-SNCF.jpg?fit=880%2C586&ssl=1","jetpack_sharing_enabled":true,"_links":{"self":[{"href":"https:\/\/www.iceagetv.com\/radiosite\/wp-json\/wp\/v2\/posts\/8924","targetHints":{"allow":["GET"]}}],"collection":[{"href":"https:\/\/www.iceagetv.com\/radiosite\/wp-json\/wp\/v2\/posts"}],"about":[{"href":"https:\/\/www.iceagetv.com\/radiosite\/wp-json\/wp\/v2\/types\/post"}],"author":[{"embeddable":true,"href":"https:\/\/www.iceagetv.com\/radiosite\/wp-json\/wp\/v2\/users\/2"}],"replies":[{"embeddable":true,"href":"https:\/\/www.iceagetv.com\/radiosite\/wp-json\/wp\/v2\/comments?post=8924"}],"version-history":[{"count":1,"href":"https:\/\/www.iceagetv.com\/radiosite\/wp-json\/wp\/v2\/posts\/8924\/revisions"}],"predecessor-version":[{"id":8926,"href":"https:\/\/www.iceagetv.com\/radiosite\/wp-json\/wp\/v2\/posts\/8924\/revisions\/8926"}],"wp:featuredmedia":[{"embeddable":true,"href":"https:\/\/www.iceagetv.com\/radiosite\/wp-json\/wp\/v2\/media\/8925"}],"wp:attachment":[{"href":"https:\/\/www.iceagetv.com\/radiosite\/wp-json\/wp\/v2\/media?parent=8924"}],"wp:term":[{"taxonomy":"category","embeddable":true,"href":"https:\/\/www.iceagetv.com\/radiosite\/wp-json\/wp\/v2\/categories?post=8924"},{"taxonomy":"post_tag","embeddable":true,"href":"https:\/\/www.iceagetv.com\/radiosite\/wp-json\/wp\/v2\/tags?post=8924"}],"curies":[{"name":"wp","href":"https:\/\/api.w.org\/{rel}","templated":true}]}}