{"id":9005,"date":"2018-03-25T13:05:57","date_gmt":"2018-03-25T13:05:57","guid":{"rendered":"http:\/\/www.iceagetv.com\/radiosite\/?p=9005"},"modified":"2018-03-25T13:05:57","modified_gmt":"2018-03-25T13:05:57","slug":"lex-president-de-la-catalogne-carles-puigdemont-a-ete-arrete-en-allemagne","status":"publish","type":"post","link":"https:\/\/www.iceagetv.com\/radiosite\/lex-president-de-la-catalogne-carles-puigdemont-a-ete-arrete-en-allemagne\/","title":{"rendered":"L&rsquo;ex-pr\u00e9sident de la Catalogne Carles Puigdemont a \u00e9t\u00e9 arr\u00eat\u00e9 en Allemagne"},"content":{"rendered":"<p>\n\tVis&eacute; par un mandat d&#39;arr&ecirc;t international &eacute;mis par l&#39;Espagne, l&#39;ancien pr&eacute;sident ind&eacute;pendantiste de la Catalogne a &eacute;t&eacute; interpell&eacute; par la police allemande &agrave; la fronti&egrave;re avec le Danemark.\n<\/p>\n<p>\n\tL&#39;ancien pr&eacute;sident ind&eacute;pendantiste de la Catalogne, Carles Puigdemont, a &eacute;t&eacute; arr&ecirc;t&eacute; dimanche par la police allemande &agrave; la fronti&egrave;re avec le Danemark. Le dirigeant ind&eacute;pendantiste &laquo;a &eacute;t&eacute; arr&ecirc;t&eacute; &agrave; 11H19 par la police autorouti&egrave;re du Schleswig-Holstein&raquo;, a d&eacute;clar&eacute; &agrave; l&#39;AFP un porte-parole de la police. &laquo;Il est maintenant sous la garde de la police&raquo;, a-t-il ajout&eacute;.\n<\/p>\n<p>\n\tCette arrestation a &eacute;t&eacute; confirm&eacute;e par la porte-parole du parti de Carles Puigdemont, Anna Grabalosa. &laquo;Cela s&#39;est pass&eacute; au moment o&ugrave; il franchissait la fronti&egrave;re germano-danoise. Il a &eacute;t&eacute; bien trait&eacute; et ses avocats sont l&agrave;-bas. C&#39;est tout ce que je peux dire&raquo;, a-t-elle d&eacute;clar&eacute;.\n<\/p>\n<p>\n\tDepuis vendredi, l&#39;ancien pr&eacute;sident et cinq autres dirigeants ind&eacute;pendantistes catalans, exil&eacute;s en Belgique, font l&#39;objet de mandats d&#39;arr&ecirc;t &eacute;mis par la Cour supr&ecirc;me espagnole. Carles Puigdemont est notamment accus&eacute; d&#39;avoir organis&eacute; le r&eacute;f&eacute;rendum d&#39;autod&eacute;termination du 1er octobre malgr&eacute; son interdiction et &laquo;le grave risque d&#39;incidents violents&raquo;. Poursuivis pour &laquo;r&eacute;bellion&raquo;, les six dirigeants risquent jusqu&#39;&agrave; trente ans de prison.\n<\/p>\n<p>\n\tUn avocat de Puigdemont, Jaume Alonso Cuevillas, a pr&eacute;cis&eacute; sur Twitter que son client avait &eacute;t&eacute; interpell&eacute; alors qu&#39;il rentrait en Belgique&nbsp;apr&egrave;s un s&eacute;jour en Finlande, o&ugrave; il s&#39;&eacute;tait rendu pour rencontrer des parlementaires et participer &agrave; un s&eacute;minaire. Depuis son exil &agrave; Bruxelles fin octobre 2017, l&#39;ancien pr&eacute;sident&nbsp;s&#39;est d&eacute;j&agrave; rendu au Danemark en janvier&nbsp;sans &ecirc;tre inqui&eacute;t&eacute;, ainsi qu&#39;en Suisse en mars.\n<\/p>\n<p>\n\t&nbsp;\n<\/p>\n<p>\n\tImpasse politique\n<\/p>\n<p>\n\tVendredi, un juge de la Cour supr&ecirc;me espagnole a ordonn&eacute; le placement en d&eacute;tention provisoire de cinq dirigeants ind&eacute;pendantistes pour &laquo;r&eacute;bellion&raquo; en raison de leur r&ocirc;le dans la tentative de s&eacute;cession de la r&eacute;gion. Parmi eux, Jordi Turull, le candidat &agrave; la pr&eacute;sidence, ce qui porte &agrave; neuf le nombre total de responsables politiques ind&eacute;pendantistes actuellement incarc&eacute;r&eacute;s. Cette arrestation a de nouveau plong&eacute; la Catalogne dans une impasse politique. &laquo;Le candidat &agrave; la pr&eacute;sidence de la Generalitat (ex&eacute;cutif catalan) est en prison avec d&#39;autres d&eacute;put&eacute;s de cette chambre&raquo;, a constat&eacute; samedi le pr&eacute;sident du parlement catalan, Roger Torrent, &agrave; l&#39;ouverture des d&eacute;bats qui auraient d&ucirc; aboutir &agrave; la d&eacute;signation du nouveau chef de l&#39;ex&eacute;cutif r&eacute;gional. &laquo;Il est &eacute;vident que dans ces conditions la session ne peut pas avoir lieu&raquo;.\n<\/p>\n<p>\n\tC&#39;est la troisi&egrave;me fois que les ind&eacute;pendantistes, qui disposent de la majorit&eacute; absolue au parlement, &eacute;chouent &agrave; faire investir un nouveau chef en raison de d&eacute;cisions de justice, apr&egrave;s Carles Puigdemont, exil&eacute; en Belgique, et l&#39;activiste Jordi Sanchez, incarc&eacute;r&eacute;.\n<\/p>\n<p>\n\tS&#39;ils n&#39;y arrivent pas avant le 22 mai, de nouvelles &eacute;lections seront automatiquement convoqu&eacute;es. Et tant qu&#39;un pr&eacute;sident r&eacute;gional ne sera pas d&eacute;sign&eacute;, la Catalogne restera sous la tutelle de Madrid, qui a pris cette mesure apr&egrave;s la d&eacute;claration d&#39;ind&eacute;pendance mort-n&eacute;e du 27 octobre.<\/p>\n","protected":false},"excerpt":{"rendered":"<p>Vis&eacute; par un mandat d&#39;arr&ecirc;t international &eacute;mis par l&#39;Espagne, l&#39;ancien pr&eacute;sident ind&eacute;pendantiste de la Catalogne a &eacute;t&eacute; interpell&eacute; par la police allemande &agrave; la fronti&egrave;re avec le Danemark. L&#39;ancien pr&eacute;sident ind&eacute;pendantiste de la Catalogne, Carles Puigdemont, a &eacute;t&eacute; arr&ecirc;t&eacute; dimanche par la police allemande &agrave; la fronti&egrave;re avec le Danemark. Le dirigeant ind&eacute;pendantiste &laquo;a &eacute;t&eacute; [&hellip;]<\/p>\n","protected":false},"author":2,"featured_media":9006,"comment_status":"open","ping_status":"open","sticky":false,"template":"","format":"standard","meta":{"_jetpack_memberships_contains_paid_content":false,"footnotes":"","jetpack_publicize_message":"","jetpack_publicize_feature_enabled":true,"jetpack_social_post_already_shared":true,"jetpack_social_options":{"image_generator_settings":{"template":"highway","default_image_id":0,"font":"","enabled":false},"version":2},"_wpas_customize_per_network":false},"categories":[405],"tags":[2223],"class_list":["post-9005","post","type-post","status-publish","format-standard","has-post-thumbnail","hentry","category-actu-france-monde","tag-lex-president-de-la-catalogne-carles-puigdemont"],"jetpack_publicize_connections":[],"jetpack_featured_media_url":"https:\/\/i0.wp.com\/www.iceagetv.com\/radiosite\/wp-content\/uploads\/2018\/03\/Lex-pr%C3%A9sident-de-la-Catalogne-Carles-Puigdemont.jpg?fit=680%2C382&ssl=1","jetpack_sharing_enabled":true,"_links":{"self":[{"href":"https:\/\/www.iceagetv.com\/radiosite\/wp-json\/wp\/v2\/posts\/9005","targetHints":{"allow":["GET"]}}],"collection":[{"href":"https:\/\/www.iceagetv.com\/radiosite\/wp-json\/wp\/v2\/posts"}],"about":[{"href":"https:\/\/www.iceagetv.com\/radiosite\/wp-json\/wp\/v2\/types\/post"}],"author":[{"embeddable":true,"href":"https:\/\/www.iceagetv.com\/radiosite\/wp-json\/wp\/v2\/users\/2"}],"replies":[{"embeddable":true,"href":"https:\/\/www.iceagetv.com\/radiosite\/wp-json\/wp\/v2\/comments?post=9005"}],"version-history":[{"count":1,"href":"https:\/\/www.iceagetv.com\/radiosite\/wp-json\/wp\/v2\/posts\/9005\/revisions"}],"predecessor-version":[{"id":9007,"href":"https:\/\/www.iceagetv.com\/radiosite\/wp-json\/wp\/v2\/posts\/9005\/revisions\/9007"}],"wp:featuredmedia":[{"embeddable":true,"href":"https:\/\/www.iceagetv.com\/radiosite\/wp-json\/wp\/v2\/media\/9006"}],"wp:attachment":[{"href":"https:\/\/www.iceagetv.com\/radiosite\/wp-json\/wp\/v2\/media?parent=9005"}],"wp:term":[{"taxonomy":"category","embeddable":true,"href":"https:\/\/www.iceagetv.com\/radiosite\/wp-json\/wp\/v2\/categories?post=9005"},{"taxonomy":"post_tag","embeddable":true,"href":"https:\/\/www.iceagetv.com\/radiosite\/wp-json\/wp\/v2\/tags?post=9005"}],"curies":[{"name":"wp","href":"https:\/\/api.w.org\/{rel}","templated":true}]}}