{"id":9011,"date":"2018-03-26T18:46:01","date_gmt":"2018-03-26T18:46:01","guid":{"rendered":"http:\/\/www.iceagetv.com\/radiosite\/?p=9011"},"modified":"2018-03-26T18:46:01","modified_gmt":"2018-03-26T18:46:01","slug":"octogenaire-tuee-a-paris-le-parquet-retient-le-caractere-antisemite","status":"publish","type":"post","link":"https:\/\/www.iceagetv.com\/radiosite\/octogenaire-tuee-a-paris-le-parquet-retient-le-caractere-antisemite\/","title":{"rendered":"Octog\u00e9naire tu\u00e9e \u00e0 Paris : le parquet retient le caract\u00e8re antis\u00e9mite"},"content":{"rendered":"<p>\n\tLe parquet de&nbsp;Paris&nbsp;a retenu lundi le caract&egrave;re antis&eacute;mite dans l&#39;enqu&ecirc;te sur&nbsp;le meurtre d&#39;une octog&eacute;naire &agrave; Paris, qui suscite une forte &eacute;motion de la communaut&eacute; juive un an apr&egrave;s l&#39;assassinat de Sarah Halimi. Trois jours apr&egrave;s la mort de Mireille Knoll,&nbsp;85&nbsp;ans, dont le corps lard&eacute; de coups de couteau et en partie br&ucirc;l&eacute; a &eacute;t&eacute; retrouv&eacute; dans son appartement incendi&eacute; &agrave; Paris, le parquet de Paris a ouvert une information judiciaire pour &laquo;&nbsp;assassinat &agrave; raison de l&#39;appartenance vraie ou suppos&eacute;e de la victime &agrave; une religion et sur personne vuln&eacute;rable&nbsp;&raquo;, a indiqu&eacute; une source judiciaire.\n<\/p>\n<p>\n\tUn suspect est en garde &agrave; vue depuis samedi et un deuxi&egrave;me y a &eacute;t&eacute; plac&eacute; dans la nuit dimanche. Les deux hommes doivent &ecirc;tre pr&eacute;sent&eacute;s &agrave; un juge d&#39;instruction en vue de leur &eacute;ventuelle mise en examen, selon cette source. Le parquet a requis leur placement en d&eacute;tention provisoire.\n<\/p>\n<p>\n\tCette affaire suscite l&#39;&eacute;motion au sein de la communaut&eacute; juive fran&ccedil;aise, d&eacute;j&agrave; mobilis&eacute;e ces derniers mois apr&egrave;s le meurtre de Sarah Halimi, une juive orthodoxe de&nbsp;65&nbsp;ans tu&eacute;e &agrave; Paris par son voisin en avril 2017. La juge d&#39;instruction en charge de cette enqu&ecirc;te&nbsp;avait mis pr&egrave;s d&#39;un an &agrave; retenir le caract&egrave;re antis&eacute;mite, au grand dam de la communaut&eacute;.En visite &agrave; J&eacute;rusalem, le ministre fran&ccedil;ais des Affaires &eacute;trang&egrave;res&nbsp;Jean-Yves Le Drian&nbsp;a fait part de son &laquo;&nbsp;&eacute;motion&nbsp;&raquo; apr&egrave;s le meurtre de Mireille Knoll jugeant la piste antis&eacute;mite &laquo;&nbsp;plausible&nbsp;&raquo;. Son corps a &eacute;t&eacute; retrouv&eacute; en partie carbonis&eacute; vendredi peu avant&nbsp;19&nbsp;heures dans son appartement du 11e arrondissement o&ugrave; elle vivait seule. Les pompiers avaient &eacute;t&eacute; alert&eacute;s par une voisine apr&egrave;s le d&eacute;but de l&#39;incendie. Les policiers se sont rapidement orient&eacute;s vers la piste criminelle, apr&egrave;s la d&eacute;couverte de plusieurs d&eacute;parts de feu dans l&#39;appartement, puis de traces de coups de couteau sur le corps de la victime, selon une source proche du dossier.\n<\/p>\n<p>\n\tLe mobile encore inconnu\n<\/p>\n<p>\n\t&Agrave; la police, un membre de la famille de Mireille Knoll a dit soup&ccedil;onner un voisin qui avait l&#39;habitude de venir la voir et &eacute;tait pass&eacute; dans l&#39;appartement dans la journ&eacute;e. C&#39;est cet homme, n&eacute; en 1989, qui a &eacute;t&eacute; plac&eacute; samedi en garde &agrave; vue. &laquo;&nbsp;Apparemment, ma m&egrave;re le connaissait tr&egrave;s bien et le consid&eacute;rait comme un fils&nbsp;&raquo;, a d&eacute;clar&eacute; &agrave; l&#39;Agence France-Presse&nbsp;le fils de la victime. Selon une source polici&egrave;re, il &eacute;tait connu des services de police pour des affaires de viol et d&#39;agression sexuelle. Selon cette source, le second suspect, &acirc;g&eacute; de&nbsp;21&nbsp;ans et connu pour des faits de vols avec violence, se trouvait dans l&#39;immeuble de Mireille Knoll le jour du meurtre.\n<\/p>\n<p>\n\tLe mobile reste pour l&#39;heure inconnu. &laquo;&nbsp;Nous sommes vraiment tous sous le choc. Je ne comprends pas comment on peut tuer une femme qui n&#39;a pas d&#39;argent, et vit dans un HLM&nbsp;&raquo;, a ajout&eacute; le fils de la victime.\n<\/p>\n<p>\n\tLe Conseil repr&eacute;sentatif des institutions juives de France (Crif), qui attend &laquo;&nbsp;des autorit&eacute;s la plus totale transparence dans l&#39;enqu&ecirc;te en cours&nbsp;&raquo;, a appel&eacute; &agrave; une &laquo;&nbsp;marche blanche&nbsp;&raquo; en hommage &agrave; la victime mercredi apr&egrave;s-midi &agrave; Paris.\n<\/p>\n<p>\n\tMireille Knoll, n&eacute;e en&nbsp;1932&nbsp;&agrave; Paris, avait &eacute;chapp&eacute; de justesse &agrave; la rafle du Vel&nbsp;&raquo; d&#39;Hiv de juillet&nbsp;1942&nbsp;en s&#39;enfuyant de Paris juste avant avec sa m&egrave;re, a racont&eacute; &agrave; l&#39;AFP son fils. R&eacute;fugi&eacute;e au&nbsp;Portugal, elle est revenue &agrave; Paris apr&egrave;s la guerre, et a &eacute;pous&eacute; un homme rescap&eacute; du camp d&#39;Auschwitz, d&eacute;c&eacute;d&eacute; au d&eacute;but des ann&eacute;es 2000.<\/p>\n","protected":false},"excerpt":{"rendered":"<p>Le parquet de&nbsp;Paris&nbsp;a retenu lundi le caract&egrave;re antis&eacute;mite dans l&#39;enqu&ecirc;te sur&nbsp;le meurtre d&#39;une octog&eacute;naire &agrave; Paris, qui suscite une forte &eacute;motion de la communaut&eacute; juive un an apr&egrave;s l&#39;assassinat de Sarah Halimi. Trois jours apr&egrave;s la mort de Mireille Knoll,&nbsp;85&nbsp;ans, dont le corps lard&eacute; de coups de couteau et en partie br&ucirc;l&eacute; a &eacute;t&eacute; retrouv&eacute; [&hellip;]<\/p>\n","protected":false},"author":2,"featured_media":9012,"comment_status":"open","ping_status":"open","sticky":false,"template":"","format":"standard","meta":{"_jetpack_memberships_contains_paid_content":false,"footnotes":"","jetpack_publicize_message":"","jetpack_publicize_feature_enabled":true,"jetpack_social_post_already_shared":true,"jetpack_social_options":{"image_generator_settings":{"template":"highway","default_image_id":0,"font":"","enabled":false},"version":2},"_wpas_customize_per_network":false},"categories":[405],"tags":[2225],"class_list":["post-9011","post","type-post","status-publish","format-standard","has-post-thumbnail","hentry","category-actu-france-monde","tag-octogenaire-tuee-a-paris"],"jetpack_publicize_connections":[],"jetpack_featured_media_url":"https:\/\/i0.wp.com\/www.iceagetv.com\/radiosite\/wp-content\/uploads\/2018\/03\/Octog%C3%A9naire-tu%C3%A9e-%C3%A0-Paris.jpg?fit=660%2C281&ssl=1","jetpack_sharing_enabled":true,"_links":{"self":[{"href":"https:\/\/www.iceagetv.com\/radiosite\/wp-json\/wp\/v2\/posts\/9011","targetHints":{"allow":["GET"]}}],"collection":[{"href":"https:\/\/www.iceagetv.com\/radiosite\/wp-json\/wp\/v2\/posts"}],"about":[{"href":"https:\/\/www.iceagetv.com\/radiosite\/wp-json\/wp\/v2\/types\/post"}],"author":[{"embeddable":true,"href":"https:\/\/www.iceagetv.com\/radiosite\/wp-json\/wp\/v2\/users\/2"}],"replies":[{"embeddable":true,"href":"https:\/\/www.iceagetv.com\/radiosite\/wp-json\/wp\/v2\/comments?post=9011"}],"version-history":[{"count":1,"href":"https:\/\/www.iceagetv.com\/radiosite\/wp-json\/wp\/v2\/posts\/9011\/revisions"}],"predecessor-version":[{"id":9013,"href":"https:\/\/www.iceagetv.com\/radiosite\/wp-json\/wp\/v2\/posts\/9011\/revisions\/9013"}],"wp:featuredmedia":[{"embeddable":true,"href":"https:\/\/www.iceagetv.com\/radiosite\/wp-json\/wp\/v2\/media\/9012"}],"wp:attachment":[{"href":"https:\/\/www.iceagetv.com\/radiosite\/wp-json\/wp\/v2\/media?parent=9011"}],"wp:term":[{"taxonomy":"category","embeddable":true,"href":"https:\/\/www.iceagetv.com\/radiosite\/wp-json\/wp\/v2\/categories?post=9011"},{"taxonomy":"post_tag","embeddable":true,"href":"https:\/\/www.iceagetv.com\/radiosite\/wp-json\/wp\/v2\/tags?post=9011"}],"curies":[{"name":"wp","href":"https:\/\/api.w.org\/{rel}","templated":true}]}}