{"id":9197,"date":"2018-04-27T09:32:10","date_gmt":"2018-04-27T09:32:10","guid":{"rendered":"http:\/\/www.iceagetv.com\/radiosite\/?p=9197"},"modified":"2018-04-27T09:32:10","modified_gmt":"2018-04-27T09:32:10","slug":"les-deux-corees-annoncent-la-signature-dun-traite-de-paix-avant-la-fin-de-lannee","status":"publish","type":"post","link":"https:\/\/www.iceagetv.com\/radiosite\/les-deux-corees-annoncent-la-signature-dun-traite-de-paix-avant-la-fin-de-lannee\/","title":{"rendered":"Les deux Cor\u00e9es annoncent la signature d&rsquo;un trait\u00e9 de paix avant la fin de l&rsquo;ann\u00e9e"},"content":{"rendered":"<p>\n\tA l&#39;issue d&#39;un sommet historique organis&eacute; ce vendredi dans la zone d&eacute;militaris&eacute;e qui s&eacute;pare les deux Cor&eacute;es, Kim Jong Un et&nbsp;Moon Jae-in ont assur&eacute; qu&#39;un trait&eacute; de paix entre les deux pays serait sign&eacute; dans le courant de l&#39;ann&eacute;e.\n<\/p>\n<p>\n\tCe vendredi, Kim Jong Un est devenu&nbsp;le premier dirigeant nord-cor&eacute;en &agrave; fouler le sol sud-cor&eacute;en&nbsp;depuis la guerre de Cor&eacute;e (1950-53). Le ma&icirc;tre de Pyongyang a rencontr&eacute; son homologue&nbsp;Moon Jae-in&nbsp;lors d&#39;un sommet historique. Apr&egrave;s une journ&eacute;e de r&eacute;unions et une conversation priv&eacute;e d&#39;une demi-heure, les deux dirigeants ont d&eacute;clar&eacute; qu&#39;un &quot;r&eacute;gime de paix&quot; allait &ecirc;tre trouv&eacute; pour mettre fin &agrave; la guerre entre les deux pays.&nbsp;\n<\/p>\n<p>\n\tLes deux dirigeants ont ainsi convenu de cesser toutes leurs activit&eacute;s hostiles sur terre, mer et air, et ont exprim&eacute; leur volont&eacute; de transformer la zone d&eacute;militaris&eacute;e (DMZ) qui s&eacute;pare les deux Etats en une &quot;zone de paix&quot;.&nbsp;La Cor&eacute;e du Sud et la Cor&eacute;e du Nord vont d&eacute;clarer cette ann&eacute;e la fin de la guerre de Cor&eacute;e, dont l&#39;armistice avait &eacute;t&eacute; sign&eacute;e en 1953, et vont transformer l&#39;accord de cessez-le-feu en accord de paix.\n<\/p>\n<p>\n\tVers une &quot;d&eacute;nucl&eacute;arisation compl&egrave;te&quot; de la p&eacute;ninsule cor&eacute;enne\n<\/p>\n<p>\n\tLe pr&eacute;sident sud-cor&eacute;en Moon Jae-in et le dirigeant nord-cor&eacute;en Kim Jong-un se sont par ailleurs engag&eacute;s &agrave; une &quot;d&eacute;nucl&eacute;arisation compl&egrave;te de la p&eacute;ninsule cor&eacute;enne&quot;,&nbsp;lors de leur rencontre au sommet dans le village de Panmunjom.\n<\/p>\n<p>\n\t&quot;La Cor&eacute;e du Sud et la Cor&eacute;e du Nord confirment l&#39;objectif commun d&#39;obtenir, au moyen d&#39;une d&eacute;nucl&eacute;arisation totale, une p&eacute;ninsule cor&eacute;enne non nucl&eacute;aire&quot;, ont-ils affirm&eacute; dans une d&eacute;claration commune.<\/p>\n","protected":false},"excerpt":{"rendered":"<p>A l&#39;issue d&#39;un sommet historique organis&eacute; ce vendredi dans la zone d&eacute;militaris&eacute;e qui s&eacute;pare les deux Cor&eacute;es, Kim Jong Un et&nbsp;Moon Jae-in ont assur&eacute; qu&#39;un trait&eacute; de paix entre les deux pays serait sign&eacute; dans le courant de l&#39;ann&eacute;e. Ce vendredi, Kim Jong Un est devenu&nbsp;le premier dirigeant nord-cor&eacute;en &agrave; fouler le sol sud-cor&eacute;en&nbsp;depuis la [&hellip;]<\/p>\n","protected":false},"author":2,"featured_media":9198,"comment_status":"open","ping_status":"open","sticky":false,"template":"","format":"standard","meta":{"_jetpack_memberships_contains_paid_content":false,"footnotes":"","jetpack_publicize_message":"","jetpack_publicize_feature_enabled":true,"jetpack_social_post_already_shared":true,"jetpack_social_options":{"image_generator_settings":{"template":"highway","default_image_id":0,"font":"","enabled":false},"version":2},"_wpas_customize_per_network":false},"categories":[405],"tags":[2284],"class_list":["post-9197","post","type-post","status-publish","format-standard","has-post-thumbnail","hentry","category-actu-france-monde","tag-les-deux-corees-annoncent-la-signature-dun-traite-de-paix-avant-la-fin-de-lannee"],"jetpack_publicize_connections":[],"jetpack_featured_media_url":"https:\/\/i0.wp.com\/www.iceagetv.com\/radiosite\/wp-content\/uploads\/2018\/04\/Les-deux-Cor%C3%A9es-annoncent-la-signature-dun-trait%C3%A9-de-paix-avant-la-fin-de-lann%C3%A9e.jpeg?fit=1000%2C600&ssl=1","jetpack_sharing_enabled":true,"_links":{"self":[{"href":"https:\/\/www.iceagetv.com\/radiosite\/wp-json\/wp\/v2\/posts\/9197","targetHints":{"allow":["GET"]}}],"collection":[{"href":"https:\/\/www.iceagetv.com\/radiosite\/wp-json\/wp\/v2\/posts"}],"about":[{"href":"https:\/\/www.iceagetv.com\/radiosite\/wp-json\/wp\/v2\/types\/post"}],"author":[{"embeddable":true,"href":"https:\/\/www.iceagetv.com\/radiosite\/wp-json\/wp\/v2\/users\/2"}],"replies":[{"embeddable":true,"href":"https:\/\/www.iceagetv.com\/radiosite\/wp-json\/wp\/v2\/comments?post=9197"}],"version-history":[{"count":1,"href":"https:\/\/www.iceagetv.com\/radiosite\/wp-json\/wp\/v2\/posts\/9197\/revisions"}],"predecessor-version":[{"id":9199,"href":"https:\/\/www.iceagetv.com\/radiosite\/wp-json\/wp\/v2\/posts\/9197\/revisions\/9199"}],"wp:featuredmedia":[{"embeddable":true,"href":"https:\/\/www.iceagetv.com\/radiosite\/wp-json\/wp\/v2\/media\/9198"}],"wp:attachment":[{"href":"https:\/\/www.iceagetv.com\/radiosite\/wp-json\/wp\/v2\/media?parent=9197"}],"wp:term":[{"taxonomy":"category","embeddable":true,"href":"https:\/\/www.iceagetv.com\/radiosite\/wp-json\/wp\/v2\/categories?post=9197"},{"taxonomy":"post_tag","embeddable":true,"href":"https:\/\/www.iceagetv.com\/radiosite\/wp-json\/wp\/v2\/tags?post=9197"}],"curies":[{"name":"wp","href":"https:\/\/api.w.org\/{rel}","templated":true}]}}