{"id":9219,"date":"2018-05-01T10:05:13","date_gmt":"2018-05-01T10:05:13","guid":{"rendered":"http:\/\/www.iceagetv.com\/radiosite\/?p=9219"},"modified":"2018-05-01T10:05:13","modified_gmt":"2018-05-01T10:05:13","slug":"tempete-dans-les-alpes-suisses-dimanche-le-bilan-passe-desormais-a-sept-morts-annonce-la-police","status":"publish","type":"post","link":"https:\/\/www.iceagetv.com\/radiosite\/tempete-dans-les-alpes-suisses-dimanche-le-bilan-passe-desormais-a-sept-morts-annonce-la-police\/","title":{"rendered":"Temp\u00eate dans les Alpes suisses dimanche : Le bilan passe d\u00e9sormais \u00e0 sept morts, annonce la police"},"content":{"rendered":"<p>\n\tLe bilan des morts de la temp&ecirc;te dimanche dans les Alpes suisses est pass&eacute; &agrave; sept apr&egrave;s le d&eacute;c&egrave;s lundi soir d&#39;un cinqui&egrave;me randonneur.\n<\/p>\n<p>\n\tLes corps de deux alpinistes avaient parall&egrave;lement &eacute;t&eacute; retrouv&eacute;s lundi matin dans les Alpes suisses.<br \/>\n\tParmi les randonneurs, &quot;une cinqui&egrave;me victime est d&eacute;c&eacute;d&eacute;e tard le soir, le 30 avril&quot;, a indiqu&eacute; mardi la police du canton du Valais dans un communiqu&eacute;.Les cinq victimes qui venaient de la France, de l&#39;Italie et de l&#39;Allemagne, participaient &agrave; une randonn&eacute;e dimanche dans le secteur du Pigne d&#39;Arolla (3.796 m), lorsqu&#39;elles ont &eacute;t&eacute; surprises par une temp&ecirc;te. L&#39;alerte avait &eacute;t&eacute; donn&eacute;e t&ocirc;t lundi matin par le gardien d&#39;un refuge, la cabane des Vignettes, qu&#39;ils &eacute;taient suppos&eacute;s rejoindre dimanche.Sept h&eacute;licopt&egrave;res transportant plusieurs m&eacute;decins et des guides sauveteurs ont retrouv&eacute; les randonneurs, dont plusieurs en &eacute;tat d&#39;hypothermie et une personne d&eacute;j&agrave; morte, probablement &agrave; la suite d&#39;une chute, a pr&eacute;cis&eacute; la police. Les autres randonneurs souffrent d&#39;hypothermie l&eacute;g&egrave;re et leur vie n&#39;est pas en danger.\n<\/p>\n<p>\n\tSelon les premiers &eacute;l&eacute;ments de l&#39;enqu&ecirc;te, un groupe de 10 randonneurs dont un guide et un autre groupe de quatre skieurs avaient quitt&eacute; dimanche la cabane des Dix, &agrave; 2.928 m&egrave;tres, pour rejoindre celle des Vignettes (3.157 m). Surpris par la temp&ecirc;te dans le secteur du Pigne d&#39;Arolla, les randonneurs ont d&ucirc; passer la nuit sur place &agrave; 3.270 m.\n<\/p>\n<p>\n\tPar ailleurs, les corps des deux alpinistes, &acirc;g&eacute;s de 21 et 22 ans et probablement morts d&#39;&eacute;puisement et de froid selon la police, ont &eacute;t&eacute; retrouv&eacute;s un peu plus &agrave; l&#39;est. Ils avaient &eacute;t&eacute; surpris par le mauvais temps alors qu&#39;ils effectuaient une ascension dans la r&eacute;gion du M&ouml;nch, &agrave; la limite des cantons du Valais et de Berne.<\/p>\n","protected":false},"excerpt":{"rendered":"<p>Le bilan des morts de la temp&ecirc;te dimanche dans les Alpes suisses est pass&eacute; &agrave; sept apr&egrave;s le d&eacute;c&egrave;s lundi soir d&#39;un cinqui&egrave;me randonneur. Les corps de deux alpinistes avaient parall&egrave;lement &eacute;t&eacute; retrouv&eacute;s lundi matin dans les Alpes suisses. Parmi les randonneurs, &quot;une cinqui&egrave;me victime est d&eacute;c&eacute;d&eacute;e tard le soir, le 30 avril&quot;, a indiqu&eacute; [&hellip;]<\/p>\n","protected":false},"author":2,"featured_media":9220,"comment_status":"open","ping_status":"open","sticky":false,"template":"","format":"standard","meta":{"_jetpack_memberships_contains_paid_content":false,"footnotes":"","jetpack_publicize_message":"","jetpack_publicize_feature_enabled":true,"jetpack_social_post_already_shared":true,"jetpack_social_options":{"image_generator_settings":{"template":"highway","default_image_id":0,"font":"","enabled":false},"version":2},"_wpas_customize_per_network":false},"categories":[14],"tags":[2292],"class_list":["post-9219","post","type-post","status-publish","format-standard","has-post-thumbnail","hentry","category-actu-meteo","tag-tempete-dans-les-alpes-suisses-dimanche"],"jetpack_publicize_connections":[],"jetpack_featured_media_url":"https:\/\/i0.wp.com\/www.iceagetv.com\/radiosite\/wp-content\/uploads\/2018\/05\/Temp%C3%AAte-dans-les-Alpes-suisses-dimanche.jpg?fit=750%2C324&ssl=1","jetpack_sharing_enabled":true,"_links":{"self":[{"href":"https:\/\/www.iceagetv.com\/radiosite\/wp-json\/wp\/v2\/posts\/9219","targetHints":{"allow":["GET"]}}],"collection":[{"href":"https:\/\/www.iceagetv.com\/radiosite\/wp-json\/wp\/v2\/posts"}],"about":[{"href":"https:\/\/www.iceagetv.com\/radiosite\/wp-json\/wp\/v2\/types\/post"}],"author":[{"embeddable":true,"href":"https:\/\/www.iceagetv.com\/radiosite\/wp-json\/wp\/v2\/users\/2"}],"replies":[{"embeddable":true,"href":"https:\/\/www.iceagetv.com\/radiosite\/wp-json\/wp\/v2\/comments?post=9219"}],"version-history":[{"count":1,"href":"https:\/\/www.iceagetv.com\/radiosite\/wp-json\/wp\/v2\/posts\/9219\/revisions"}],"predecessor-version":[{"id":9221,"href":"https:\/\/www.iceagetv.com\/radiosite\/wp-json\/wp\/v2\/posts\/9219\/revisions\/9221"}],"wp:featuredmedia":[{"embeddable":true,"href":"https:\/\/www.iceagetv.com\/radiosite\/wp-json\/wp\/v2\/media\/9220"}],"wp:attachment":[{"href":"https:\/\/www.iceagetv.com\/radiosite\/wp-json\/wp\/v2\/media?parent=9219"}],"wp:term":[{"taxonomy":"category","embeddable":true,"href":"https:\/\/www.iceagetv.com\/radiosite\/wp-json\/wp\/v2\/categories?post=9219"},{"taxonomy":"post_tag","embeddable":true,"href":"https:\/\/www.iceagetv.com\/radiosite\/wp-json\/wp\/v2\/tags?post=9219"}],"curies":[{"name":"wp","href":"https:\/\/api.w.org\/{rel}","templated":true}]}}